{"id":78200,"date":"2025-12-17T21:23:17","date_gmt":"2025-12-17T21:23:17","guid":{"rendered":"https:\/\/www.europesays.com\/lv\/78200\/"},"modified":"2025-12-17T21:23:17","modified_gmt":"2025-12-17T21:23:17","slug":"lumpy-skin-disease-un-merkura-vienosanas-vai-francijas-zemnieku-protests-aptures-lielo-tirdzniecibas-ligumu-lente-lv","status":"publish","type":"post","link":"https:\/\/www.europesays.com\/lv\/78200\/","title":{"rendered":"Lumpy Skin Disease un Merk\u016bra vieno\u0161an\u0101s \u2013 vai Francijas zemnieku protests aptur\u0113s lielo tirdzniec\u012bbas l\u012bgumu?\u00a0\u2014\u00a0Lente.lv"},"content":{"rendered":"<p>Francijas zemnieku dusmas un Mercosur vieno\u0161an\u0101s n\u0101kotne<\/p>\n<p>\u0160\u0137ietami absurda diagnoze \u2013 \u201elumpy skin disease\u201d jeb mezglain\u0101s \u0101das slim\u012bba \u2013 Francij\u0101 liek vald\u012bbai un zemniekiem st\u0101ties asi\u0146ain\u0101 konfront\u0101cij\u0101. Policija slakt\u0113 m\u0101jlopus, lai aptur\u0113tu v\u012brusa izplat\u012bbu, ta\u010du \u0161\u012b dramatisk\u0101 situ\u0101cija var novest pie negaid\u012bt\u0101m un pla\u0161\u0101m sek\u0101m, apdraudot vienu no v\u0113rien\u012bg\u0101kaj\u0101m tirdzniec\u012bbas vieno\u0161an\u0101m Eiropas Savien\u012bbas v\u0113stur\u0113. K\u0101 inform\u0113 telekan\u0101ls EuroNews, \u0161is v\u012bruss var k\u013c\u016bt par n\u0101v\u0113jo\u0161u triecienu Mercosur l\u012bgumam.<\/p>\n<p>Divk\u0101r\u0161i standarti zemnieku ac\u012bs<\/p>\n<p>Francijas zemnieku arodbiedr\u012bbas pau\u017e niknas neapmierin\u0101t\u012bbas par sist\u0113misko veselu gan\u0101mpulku izkau\u0161anu, tikl\u012bdz tiek konstat\u0113ts vien\u012bgais saslim\u0161anas gad\u012bjums. Vienlaikus Brisele akt\u012bvi virza Mercosur l\u012bgumu, kas paredz atv\u0113rt durvis Dienvidamerikas liellopu ga\u013cas importam. Zemnieki to d\u0113v\u0113 par \u201edivk\u0101r\u0161iem standartiem\u201d. Vi\u0146i jaut\u0101, k\u0101p\u0113c vi\u0146iem j\u0101upur\u0113 savi gan\u0101mpulki, lai izpild\u012btu augst\u0101k\u0101s kvalit\u0101tes pras\u012bbas, un vienlaikus j\u0101sa\u0146em l\u0113ta ga\u013ca no Braz\u012blijas, kas ra\u017eota, izmantojot Eirop\u0101 aizliegtus pestic\u012bdus un antibiotikas? \u0160\u012bs dusmas non\u0101k Eiropas Parlament\u0101 \u0161oned\u0113\u013c, kur likumdev\u0113ji balsos par \u201ereciprocit\u0101tes klauzulu\u201d.<\/p>\n<p>Reciprocit\u0101tes klauzula \u2013 \u0161\u0137\u0113rslis vai iesp\u0113ja?<\/p>\n<p>\u0160\u012b klauzula b\u016bt\u012bb\u0101 ir spogu\u013ca princips: ja v\u0113laties p\u0101rdot savu produkciju Eirop\u0101, jums j\u0101iev\u0113ro Eiropas Savien\u012bbas standarti. Ja Eiropas Parlamenta deput\u0101ti balso pret \u0161\u012bs klauzulas iek\u013cau\u0161anu, vi\u0146i risk\u0113 ar pla\u0161u sa\u0161utuma vilni lauku apvidos vis\u0101 Eirop\u0101. Ta\u010du, ja vi\u0146i par to balsos, past\u0101v liels risks, ka Dienvidamerika var atteikties no vieno\u0161an\u0101s, nev\u0113loties ieviest Eiropas likumus sav\u0101 teritorij\u0101. Eiropas politik\u0101 bie\u017ei vien l\u0113mumi tiek pie\u0146emti lok\u0101l\u0101 l\u012bmen\u012b, un pa\u0161reiz viet\u0113jie iedz\u012bvot\u0101ji ir \u013coti saniknoti.<\/p>\n<p>V\u012brusa \u0113na p\u0101r tirdzniec\u012bbas vieno\u0161anos<\/p>\n<p>Mezglain\u0101s \u0101das slim\u012bba, kas \u0161obr\u012bd rada satraukumu Francijas lauksaimniekiem, ir k\u013cuvusi par simbolu pla\u0161\u0101kai probl\u0113mai. T\u0101 atspogu\u013co spriedzi starp nepiecie\u0161am\u012bbu aizsarg\u0101t viet\u0113jo produkciju un atv\u0113rt tirgus. Mercosur l\u012bguma pretinieki argument\u0113, ka t\u0101 pie\u0146em\u0161ana bez stingr\u0101kas kvalit\u0101tes kontroles var\u0113tu rad\u012bt nevienl\u012bdz\u012bgu konkurenci un negat\u012bvi ietekm\u0113t Eiropas lauksaimniekus. \u0160is ir sare\u017e\u0123\u012bts politisks un ekonomisks izaicin\u0101jums, kur\u0101 savijas gan vesel\u012bbas dro\u0161\u012bbas, gan tirdzniec\u012bbas intereses. T\u0101 b\u016bs interesanti v\u0113rot, k\u0101 Eiropas politi\u0137i sp\u0113s sabalans\u0113t \u0161\u012bs pretrun\u012bg\u0101s pras\u012bbas, lai gan nezaud\u0113tu Dienvidamerikas partnerus, gan neaizvainotu savus zemniekus.<\/p>\n","protected":false},"excerpt":{"rendered":"Francijas zemnieku dusmas un Mercosur vieno\u0161an\u0101s n\u0101kotne \u0160\u0137ietami absurda diagnoze \u2013 \u201elumpy skin disease\u201d jeb mezglain\u0101s \u0101das slim\u012bba&hellip;\n","protected":false},"author":2,"featured_media":78201,"comment_status":"","ping_status":"","sticky":false,"template":"","format":"standard","meta":{"footnotes":""},"categories":[14],"tags":[23,57,28,29,19706,32,33,19703,22,30,31,35,39,38,36,37,34,40,19702,19704,20,26,27,19705,24,25,54,55,56,21,58],"class_list":{"0":"post-78200","1":"post","2":"type-post","3":"status-publish","4":"format-standard","5":"has-post-thumbnail","7":"category-zinas-no-arvalstim","8":"tag-aktualitates","9":"tag-arvalstim","10":"tag-breaking-news","11":"tag-breakingnews","12":"tag-eiropas-savienibas-tirdznieciba","13":"tag-featured-news","14":"tag-featurednews","15":"tag-francijas-zemnieki","16":"tag-headlines","17":"tag-latest-news","18":"tag-latestnews","19":"tag-latvia","20":"tag-latvian","21":"tag-latviesu","22":"tag-latviesu-valoda","23":"tag-latviesuvaloda","24":"tag-latvija","25":"tag-lv","26":"tag-mercosur-ligums","27":"tag-mezglainas-adas-slimiba","28":"tag-news","29":"tag-popularakas-zinas","30":"tag-popularakaszinas","31":"tag-reciprocitates-klauzula","32":"tag-top-stories","33":"tag-topstories","34":"tag-world","35":"tag-world-news","36":"tag-worldnews","37":"tag-zinas","38":"tag-zinas-no-arvalstim"},"share_on_mastodon":{"url":"","error":"Validation failed: Text character limit of 500 exceeded"},"_links":{"self":[{"href":"https:\/\/www.europesays.com\/lv\/wp-json\/wp\/v2\/posts\/78200","targetHints":{"allow":["GET"]}}],"collection":[{"href":"https:\/\/www.europesays.com\/lv\/wp-json\/wp\/v2\/posts"}],"about":[{"href":"https:\/\/www.europesays.com\/lv\/wp-json\/wp\/v2\/types\/post"}],"author":[{"embeddable":true,"href":"https:\/\/www.europesays.com\/lv\/wp-json\/wp\/v2\/users\/2"}],"replies":[{"embeddable":true,"href":"https:\/\/www.europesays.com\/lv\/wp-json\/wp\/v2\/comments?post=78200"}],"version-history":[{"count":0,"href":"https:\/\/www.europesays.com\/lv\/wp-json\/wp\/v2\/posts\/78200\/revisions"}],"wp:featuredmedia":[{"embeddable":true,"href":"https:\/\/www.europesays.com\/lv\/wp-json\/wp\/v2\/media\/78201"}],"wp:attachment":[{"href":"https:\/\/www.europesays.com\/lv\/wp-json\/wp\/v2\/media?parent=78200"}],"wp:term":[{"taxonomy":"category","embeddable":true,"href":"https:\/\/www.europesays.com\/lv\/wp-json\/wp\/v2\/categories?post=78200"},{"taxonomy":"post_tag","embeddable":true,"href":"https:\/\/www.europesays.com\/lv\/wp-json\/wp\/v2\/tags?post=78200"}],"curies":[{"name":"wp","href":"https:\/\/api.w.org\/{rel}","templated":true}]}}