{"id":78276,"date":"2025-12-18T00:35:09","date_gmt":"2025-12-18T00:35:09","guid":{"rendered":"https:\/\/www.europesays.com\/lv\/78276\/"},"modified":"2025-12-18T00:35:09","modified_gmt":"2025-12-18T00:35:09","slug":"masacusetsa-apsauts-mit-profesors-nuno-lurieiro-motivi-nav-zinami-lente-lv","status":"publish","type":"post","link":"https:\/\/www.europesays.com\/lv\/78276\/","title":{"rendered":"Masa\u010d\u016bsets\u0101 ap\u0161auts MIT profesors Nuno Lurieiro; mot\u012bvi nav zin\u0101mi\u00a0\u2014\u00a0Lente.lv"},"content":{"rendered":"<p>Tra\u0123\u0113dija Masa\u010d\u016bsets\u0101: Ap\u0161auts paz\u012bstamais MIT profesors Nuno Lurieiro<\/p>\n<p>Masa\u010d\u016bsets\u0101 notikusi sirdi ploso\u0161a tra\u0123\u0113dija, kur\u0101 dz\u012bv\u012bbu zaud\u0113jis slavenais Masa\u010d\u016bsetsas Tehnolo\u0123iju instit\u016bta (MIT) profesors Nuno Lurieiro. K\u0101 inform\u0113 telekan\u0101ls EuroNews, 47 gadus vecais portug\u0101\u013cu zin\u0101tnieks, kur\u0161 bija paz\u012bstams ar saviem p\u0113t\u012bjumiem kodolzin\u0101t\u0146u un in\u017eenierzin\u0101t\u0146u jom\u0101, tika atrasts sav\u0101 m\u0101jokl\u012b Brookline pils\u0113t\u0101 pirmdienas vakar\u0101 ar vair\u0101k\u0101m \u0161aut\u0101m br\u016bc\u0113m. Diem\u017e\u0113l vi\u0146\u0161 no g\u016btajiem ievainojumiem nomira otrdien k\u0101d\u0101 Bostonas slimn\u012bc\u0101. Policija joproj\u0101m izmekl\u0113 \u0161o noziedz\u012bgo nodar\u012bjumu, un pagaid\u0101m neviens aizdom\u0101s tur\u0113tais nav aiztur\u0113ts.<\/p>\n<p>S\u0101kotn\u0113j\u0101 rea\u0123\u0113\u0161ana un izmekl\u0113\u0161anas gaita<\/p>\n<p>Brookline pils\u0113tas policijas p\u0101rst\u0101vji sa\u0146\u0113mu\u0161i zi\u0146ojumus par \u0161\u0101vieniem, un nekav\u0113joties devu\u0161ies uz notikuma vietu. P\u0113c Lurieiro atra\u0161anas vi\u0146a dz\u012bv\u012bba tika atz\u012bta par apdraud\u0113tu, un vi\u0146\u0161 tika nog\u0101d\u0101ts slimn\u012bc\u0101, kur medi\u0137iem neizdev\u0101s vi\u0146u gl\u0101bt. Norfolkas apgabala prokurat\u016bra apstiprin\u0101jusi, ka izmekl\u0113\u0161ana turpin\u0101s piln\u0101 spar\u0101, bet pagaid\u0101m nav nek\u0101du zi\u0146u par aizdom\u0101s tur\u0113tajiem. Policijas priek\u0161niece D\u017eenifera Pastere nor\u0101d\u012bjusi, ka apk\u0101rtn\u0113 tiks pastiprin\u0101ta patrul\u0113\u0161ana gan ar dienesta, gan neapz\u012bm\u0113t\u0101m automa\u0161\u012bn\u0101m, lai nodro\u0161in\u0101tu dro\u0161\u012bbu izmekl\u0113\u0161anas laik\u0101 un sav\u0101ktu papildu inform\u0101ciju.<\/p>\n<p>Kaimi\u0146u un draugu \u0161oks<\/p>\n<p>Notiku\u0161ais izrais\u012bjis dzi\u013cas bailes un neizpratni apk\u0101rt\u0113j\u0101 kopien\u0101. Viena no iedz\u012bvot\u0101j\u0101m, kura Brookline dz\u012bvo jau 40 gadus, past\u0101st\u012bjusi, ka dzird\u0113jusi ska\u013cu troksni, kas \u013coti l\u012bdzin\u0101jies \u0161\u0101vieniem. <\/p>\n<blockquote><p>&#8220;Tas ir \u0161ausm\u012bgi, \u013coti bied\u0113jo\u0161i,&#8221;<\/p><\/blockquote>\n<p> vi\u0146a atzina, piebilstot, ka profesors Lurieiro dz\u012bvojis kop\u0101 ar savu jauno \u0123imeni. \u0122imenes draudzene Euridice Hirsey paudusi, ka \u0123imene izj\u016bt <\/p>\n<blockquote><p>&#8220;tik dzi\u013cas un neaprakst\u0101mas \u0161ausmas.&#8221;<\/p><\/blockquote>\n<p>Profesora Nuno Lurieiro spo\u017e\u0101 karjera<\/p>\n<p>Nuno Lurieiro MIT str\u0101d\u0101ja kop\u0161 2016. gada. Vi\u0146\u0161 bija ne tikai talant\u012bgs zin\u0101tnieks, bet ar\u012b ie\u0146\u0113ma noz\u012bm\u012bgu amatu &#8211; kop\u0161 2024. gada maija vi\u0146\u0161 vad\u012bja Plazmas zin\u0101tnes un kodolsint\u0113zes centru, kas ir viens no MIT liel\u0101kajiem p\u0113tniec\u012bbas centriem ar vair\u0101k nek\u0101 250 p\u0113tniekiem, studentiem un darbiniekiem. Vi\u0146a zin\u0101tnisk\u0101 darb\u012bba koncentr\u0113j\u0101s uz plazmas fiziku un astronomiskiem par\u0101d\u012bbas, piem\u0113ram, Saules uzliesmojumiem. Vi\u0146\u0161 ar\u012b akt\u012bvi p\u0113t\u012bja veidus, k\u0101 izmantot t\u012bru kodolsint\u0113zes ener\u0123iju, lai risin\u0101tu glob\u0101l\u0101s klimata p\u0101rmai\u0146as, pied\u0101v\u0101jot cer\u012bgu risin\u0101jumu n\u0101kotnei.<\/p>\n<p>Portug\u0101les un starptautisk\u0101s sabiedr\u012bbas s\u0113ras<\/p>\n<p>Zin\u0101tnieka n\u0101ve izrais\u012bjusi pla\u0161u s\u0113ru vilni Portug\u0101l\u0113. Portug\u0101les \u0101rlietu ministrs Paulo Rangels publiski pazi\u0146oja par Lurieiro zaud\u0113jumu valsts parlamentam otrdien, uzrun\u0101jot \u0100rlietu un Portug\u0101\u013cu Kopienu komiteju. Ar\u012b instit\u016bcijas, kur\u0101s Lurieiro stud\u0113jis un str\u0101d\u0101jis pirms p\u0101rcel\u0161an\u0101s uz MIT, tostarp Instituto Superior T\u00e9cnico un Institute for Plasmas and Nuclear Fusion, paudu\u0161as dzi\u013cu \u0161oku par vi\u0146a p\u0101ragro aizie\u0161anu. <\/p>\n<blockquote><p>&#8220;M\u0113s atceramies izcilu kol\u0113\u0123i, ar kuru sadarb\u012bba bija gan zin\u0101tnisks, gan personisks prieks,&#8221;<\/p><\/blockquote>\n<p> teikts vi\u0146u kop\u012bgaj\u0101 pazi\u0146ojum\u0101. Ar\u012b ASV v\u0113stnieks Portug\u0101l\u0113 D\u017eons Arrigo izteicis visdzi\u013c\u0101ko l\u012bdzj\u016bt\u012bbu vi\u0146a \u0123imenei, draugiem un kol\u0113\u0123iem, godinot vi\u0146a dz\u012bvi, zin\u0101tnisko vad\u012bbu un ilgsto\u0161os ieguld\u012bjumus. Iesp\u0113jamie mot\u012bvi un dro\u0161\u012bbas apsv\u0113rumi<\/p>\n<p>Nuno Lurieiro dzimis Vizeu pils\u0113t\u0101 Portug\u0101l\u0113. Lai gan vi\u0146\u0161 n\u0101cis no ebreju sefardu \u0123imenes, pagaid\u0101m nav nek\u0101du nor\u0101\u017eu, ka vi\u0146a tic\u012bba vai izcelsme b\u016btu saist\u012bta ar nozieguma mot\u012bvu. Tom\u0113r \u0161is incidents notiek laik\u0101, kad vis\u0101 pasaul\u0113 pieaug ba\u017eas par vardarb\u012bbu, kas v\u0113rsta pret ebreju kopien\u0101m. P\u0113d\u0113j\u0101 laik\u0101 notiku\u0161i vair\u0101ki satrauco\u0161i gad\u012bjumi, tostarp divi cilv\u0113ki nogalin\u0101ti Izra\u0113las v\u0113stniec\u012bbas pas\u0101kum\u0101 Va\u0161ington\u0101 maij\u0101, k\u0101 ar\u012b tra\u0123iskais uzbrukums Hanukas svin\u012bb\u0101s Sidnej\u0101, Austr\u0101lij\u0101, ko varasiest\u0101des nod\u0113v\u0113ju\u0161as par antisem\u012btisku. Da\u017eas dienas pirms Lurieiro slepkav\u012bbas ar\u012b notika ap\u0161aude Brown University Rodailendas \u0161tat\u0101. FBI p\u0101rst\u0101vji gan nor\u0101d\u012bju\u0161i, ka pagaid\u0101m nav saskat\u012bta nek\u0101da saist\u012bba starp \u0161iem atsevi\u0161\u0137ajiem notikumiem.<\/p>\n","protected":false},"excerpt":{"rendered":"Tra\u0123\u0113dija Masa\u010d\u016bsets\u0101: Ap\u0161auts paz\u012bstamais MIT profesors Nuno Lurieiro Masa\u010d\u016bsets\u0101 notikusi sirdi ploso\u0161a tra\u0123\u0113dija, kur\u0101 dz\u012bv\u012bbu zaud\u0113jis slavenais Masa\u010d\u016bsetsas&hellip;\n","protected":false},"author":2,"featured_media":78277,"comment_status":"","ping_status":"","sticky":false,"template":"","format":"standard","meta":{"footnotes":""},"categories":[14],"tags":[23,57,28,29,32,33,22,19725,30,31,35,39,38,36,37,34,40,19724,19723,20,19722,26,27,595,24,25,54,55,56,21,58],"class_list":{"0":"post-78276","1":"post","2":"type-post","3":"status-publish","4":"format-standard","5":"has-post-thumbnail","7":"category-zinas-no-arvalstim","8":"tag-aktualitates","9":"tag-arvalstim","10":"tag-breaking-news","11":"tag-breakingnews","12":"tag-featured-news","13":"tag-featurednews","14":"tag-headlines","15":"tag-kodolzinatne","16":"tag-latest-news","17":"tag-latestnews","18":"tag-latvia","19":"tag-latvian","20":"tag-latviesu","21":"tag-latviesu-valoda","22":"tag-latviesuvaloda","23":"tag-latvija","24":"tag-lv","25":"tag-masacusetsa","26":"tag-mit-profesors","27":"tag-news","28":"tag-nuno-lurieiro","29":"tag-popularakas-zinas","30":"tag-popularakaszinas","31":"tag-slepkaviba","32":"tag-top-stories","33":"tag-topstories","34":"tag-world","35":"tag-world-news","36":"tag-worldnews","37":"tag-zinas","38":"tag-zinas-no-arvalstim"},"share_on_mastodon":{"url":"https:\/\/pubeurope.com\/@lv\/115737770288495976","error":""},"_links":{"self":[{"href":"https:\/\/www.europesays.com\/lv\/wp-json\/wp\/v2\/posts\/78276","targetHints":{"allow":["GET"]}}],"collection":[{"href":"https:\/\/www.europesays.com\/lv\/wp-json\/wp\/v2\/posts"}],"about":[{"href":"https:\/\/www.europesays.com\/lv\/wp-json\/wp\/v2\/types\/post"}],"author":[{"embeddable":true,"href":"https:\/\/www.europesays.com\/lv\/wp-json\/wp\/v2\/users\/2"}],"replies":[{"embeddable":true,"href":"https:\/\/www.europesays.com\/lv\/wp-json\/wp\/v2\/comments?post=78276"}],"version-history":[{"count":0,"href":"https:\/\/www.europesays.com\/lv\/wp-json\/wp\/v2\/posts\/78276\/revisions"}],"wp:featuredmedia":[{"embeddable":true,"href":"https:\/\/www.europesays.com\/lv\/wp-json\/wp\/v2\/media\/78277"}],"wp:attachment":[{"href":"https:\/\/www.europesays.com\/lv\/wp-json\/wp\/v2\/media?parent=78276"}],"wp:term":[{"taxonomy":"category","embeddable":true,"href":"https:\/\/www.europesays.com\/lv\/wp-json\/wp\/v2\/categories?post=78276"},{"taxonomy":"post_tag","embeddable":true,"href":"https:\/\/www.europesays.com\/lv\/wp-json\/wp\/v2\/tags?post=78276"}],"curies":[{"name":"wp","href":"https:\/\/api.w.org\/{rel}","templated":true}]}}