{"id":78278,"date":"2025-12-18T00:37:09","date_gmt":"2025-12-18T00:37:09","guid":{"rendered":"https:\/\/www.europesays.com\/lv\/78278\/"},"modified":"2025-12-18T00:37:09","modified_gmt":"2025-12-18T00:37:09","slug":"flagmanis-grikis-no-latgales-laukiem-lidz-eiropas-tirgum","status":"publish","type":"post","link":"https:\/\/www.europesays.com\/lv\/78278\/","title":{"rendered":"Flagmanis gri\u0137is no Latgales laukiem l\u012bdz Eiropas tirgum"},"content":{"rendered":"<p>Sp\u0113ja paredz\u0113t pe\u013c\u0146u un zaud\u0113jumus<\/p>\n<p>Aleksejs nenoliedz, ka vi\u0146a darbs LAD devis \u013coti daudz. \u201cEs sav\u0101 darb\u0101 var\u0113ju m\u0101c\u012bties no citu k\u013c\u016bd\u0101m un pa\u0146emt labas idejas no tiem, kam viss notika. \u0160aj\u0101 darb\u0101 es ar\u012b nostiprin\u0101ju savu p\u0101rliec\u012bbu par biolo\u0123isko saimniec\u012bbu.<\/p>\n<p>Ta\u010du t\u012bri finansi\u0101li es s\u0101ku no nulles, v\u0113l\u0101k jau bija ar\u012b aiz\u0146\u0113mumi, lai att\u012bst\u012btos. Ir kred\u012bti, l\u012bzingi tehnikas ieg\u0101dei, zemes projektu invest\u012bcijas, kred\u012bti projektu realiz\u0101cijai, katrs no tiem prasa ieguld\u012b\u0161anos, zin\u0101\u0161anas un uz\u0146\u0113m\u012bbu. J\u0101prot izv\u0113rt\u0113t, kur\u0161 aizdevums kur\u0101 mirkl\u012b ir svar\u012bgs, bet kur\u0161 var pagaid\u012bt,\u201d Aleksejs uzskaita neredzamo un sare\u017e\u0123\u012bto t\u012bklojumu, kas izklaus\u0101s glu\u017ei k\u0101 groz\u012bt Rubika kubu, vajag, lai uz katras skaldnes kr\u0101sas sakr\u012bt, t\u0101pat ar\u012b saimnieko\u0161an\u0101 j\u0101p\u0101rzina ne tikai dabas cikls, bet ar\u012b invest\u012bcijas. \u201cJ\u0101, mums ir realiz\u0113ti vair\u0101k nek\u0101 desmit da\u017e\u0101di projekti. Ta\u010du katram projektam j\u0101b\u016bt izstr\u0101d\u0101tam l\u012bdz p\u0113d\u0113jam s\u012bkumam. Nevar rakst\u012bt projektu t\u0101p\u0113c vien, ka man t\u0101 vienk\u0101r\u0161i gribas. J\u0101, zinu, ka daudziem projekti liekas viegl\u0101 nauda, bet tikai tie, kuri pa\u0161i re\u0101li to dara, zina, ka katrs projekts prasa to v\u012bziju. Katrs projekts prasa sp\u0113ju paredz\u0113t pe\u013c\u0146u un zaud\u0113jumus.\u201d<\/p>\n","protected":false},"excerpt":{"rendered":"Sp\u0113ja paredz\u0113t pe\u013c\u0146u un zaud\u0113jumus Aleksejs nenoliedz, ka vi\u0146a darbs LAD devis \u013coti daudz. \u201cEs sav\u0101 darb\u0101 var\u0113ju&hellip;\n","protected":false},"author":2,"featured_media":78279,"comment_status":"","ping_status":"","sticky":false,"template":"","format":"standard","meta":{"footnotes":""},"categories":[5],"tags":[23,28,29,32,33,22,30,31,321,35,39,38,36,37,34,19726,40,20,26,27,6056,24,25,2206,21],"class_list":{"0":"post-78278","1":"post","2":"type-post","3":"status-publish","4":"format-standard","5":"has-post-thumbnail","7":"category-aktualitates","8":"tag-aktualitates","9":"tag-breaking-news","10":"tag-breakingnews","11":"tag-featured-news","12":"tag-featurednews","13":"tag-headlines","14":"tag-latest-news","15":"tag-latestnews","16":"tag-latgale","17":"tag-latvia","18":"tag-latvian","19":"tag-latviesu","20":"tag-latviesu-valoda","21":"tag-latviesuvaloda","22":"tag-latvija","23":"tag-latvijas-uznemeju-stasti","24":"tag-lv","25":"tag-news","26":"tag-popularakas-zinas","27":"tag-popularakaszinas","28":"tag-swedbank","29":"tag-top-stories","30":"tag-topstories","31":"tag-tvnet-kalve","32":"tag-zinas"},"share_on_mastodon":{"url":"https:\/\/pubeurope.com\/@lv\/115737778098307432","error":""},"_links":{"self":[{"href":"https:\/\/www.europesays.com\/lv\/wp-json\/wp\/v2\/posts\/78278","targetHints":{"allow":["GET"]}}],"collection":[{"href":"https:\/\/www.europesays.com\/lv\/wp-json\/wp\/v2\/posts"}],"about":[{"href":"https:\/\/www.europesays.com\/lv\/wp-json\/wp\/v2\/types\/post"}],"author":[{"embeddable":true,"href":"https:\/\/www.europesays.com\/lv\/wp-json\/wp\/v2\/users\/2"}],"replies":[{"embeddable":true,"href":"https:\/\/www.europesays.com\/lv\/wp-json\/wp\/v2\/comments?post=78278"}],"version-history":[{"count":0,"href":"https:\/\/www.europesays.com\/lv\/wp-json\/wp\/v2\/posts\/78278\/revisions"}],"wp:featuredmedia":[{"embeddable":true,"href":"https:\/\/www.europesays.com\/lv\/wp-json\/wp\/v2\/media\/78279"}],"wp:attachment":[{"href":"https:\/\/www.europesays.com\/lv\/wp-json\/wp\/v2\/media?parent=78278"}],"wp:term":[{"taxonomy":"category","embeddable":true,"href":"https:\/\/www.europesays.com\/lv\/wp-json\/wp\/v2\/categories?post=78278"},{"taxonomy":"post_tag","embeddable":true,"href":"https:\/\/www.europesays.com\/lv\/wp-json\/wp\/v2\/tags?post=78278"}],"curies":[{"name":"wp","href":"https:\/\/api.w.org\/{rel}","templated":true}]}}