{"id":78323,"date":"2025-12-18T03:42:25","date_gmt":"2025-12-18T03:42:25","guid":{"rendered":"https:\/\/www.europesays.com\/lv\/78323\/"},"modified":"2025-12-18T03:42:25","modified_gmt":"2025-12-18T03:42:25","slug":"es-parskata-valsts-atbalsta-noteikumus-lai-cinitos-pret-majoklu-krizi-lente-lv","status":"publish","type":"post","link":"https:\/\/www.europesays.com\/lv\/78323\/","title":{"rendered":"ES p\u0101rskata valsts atbalsta noteikumus, lai c\u012bn\u012btos pret m\u0101jok\u013cu kr\u012bzi\u00a0\u2014\u00a0Lente.lv"},"content":{"rendered":"<p>Eiropas Savien\u012bba p\u0101rskata valsts atbalsta noteikumus, lai risin\u0101tu m\u0101jok\u013cu kr\u012bzi<\/p>\n<p>K\u0101 inform\u0113 telekan\u0101ls EuroNews, Eiropas Komisija ir n\u0101kusi klaj\u0101 ar v\u0113rien\u012bgu pl\u0101nu, lai aptur\u0113tu Eiropas Savien\u012bb\u0101 izv\u0113rs\u012b\u0161anos m\u0101jok\u013cu kr\u012bzi. \u0160is pl\u0101ns, kas izkl\u0101st\u012bts pirmaj\u0101 Eiropas pieejamo m\u0101jok\u013cu pl\u0101n\u0101, paredz b\u016btiskus pas\u0101kumus, tostarp atvieglot noteikumus valsts atbalsta pie\u0161\u0137ir\u0161anai, lai veicin\u0101tu soci\u0101lo un pieejamo m\u0101jok\u013cu b\u016bvniec\u012bbu.<\/p>\n<p>Izaicino\u0161\u0101 realit\u0101te: augo\u0161\u0101s cenas un ien\u0101kumu plaisa<\/p>\n<p>Kop\u0161 2013. gada m\u0101jok\u013cu cenas Eiropas Savien\u012bb\u0101 ir strauji pieaugu\u0161as par vair\u0101k nek\u0101 60%, savuk\u0101rt vid\u0113j\u0101s \u012bres maksas k\u0101pu\u0161as par aptuveni 20%. Tas noz\u012bm\u0113, ka arvien liel\u0101ka da\u013ca Eiropas m\u0101jsaimniec\u012bbu ien\u0101kumu tiek t\u0113r\u0113ta hipot\u0113ku maks\u0101jumiem un \u012brei. 2023. gad\u0101 \u0161is r\u0101d\u012bt\u0101js vid\u0113ji sasniedza 19,7%, ta\u010du atsevi\u0161\u0137\u0101s valst\u012bs, piem\u0113ram, Grie\u0137ij\u0101, D\u0101nij\u0101 un V\u0101cij\u0101, \u0161is \u012bpatsvars ir v\u0113l iev\u0113rojami augst\u0101ks, vair\u0101k nek\u0101 13% m\u0101jsaimniec\u012bbu t\u0113r\u0113jot vair\u0101k nek\u0101 40% no saviem r\u012bc\u012bb\u0101 eso\u0161ajiem ien\u0101kumiem vien\u012bgi m\u0101joklim. Kr\u012bze skar pilso\u0146us vis\u0101 blok\u0101: ap 16% eiropie\u0161u dz\u012bvo p\u0101rapdz\u012bvot\u0101s telp\u0101s, 10,6% nesp\u0113j nodro\u0161in\u0101t adekv\u0101tu apkuri, un gandr\u012bz miljons cilv\u0113ku ir bez pajumtes. Datus par 20% neapdz\u012bvotu m\u0101jok\u013cu padara situ\u0101ciju v\u0113l dr\u016bm\u0101ku.<\/p>\n<p>Komisijas priek\u0161likumi: risin\u0101jumi uz pap\u012bra un praks\u0113<\/p>\n<p>Lai risin\u0101tu \u0161\u012bs satrauco\u0161\u0101s tendences, Eiropas Komisija l\u0113\u0161, ka ik gadu j\u0101uzce\u013c aptuveni 650 000 papildu m\u0101jok\u013cu, papildus pa\u0161reiz\u0113jiem 1,6 miljoniem jaunu vien\u012bbu. \u0160o papildu vien\u012bbu nodro\u0161in\u0101\u0161ana pras\u012btu aptuveni 150 miljardus eiro gad\u0101, kas neap\u0161aub\u0101mi pieprasa gan publisko, gan priv\u0101to invest\u012bciju palielin\u0101\u0161anu. Komisijas pl\u0101ns koncentr\u0113jas uz \u010detr\u0101m strat\u0113\u0123isk\u0101m jom\u0101m:<\/p>\n<ul>\n<li>Valsts atbalsta noteikumu p\u0101rskat\u012b\u0161ana: Lai atvieglotu atbalsta pie\u0161\u0137ir\u0161anu soci\u0101lo un pieejamo m\u0101jok\u013cu projektiem, paredz\u0113ts atteikties no iepriek\u0161\u0113jas pazi\u0146o\u0161anas un at\u013caujas sa\u0146em\u0161anas. K\u0101 skaidroja k\u0101ds ES amatpersona, l\u012bdz \u0161im valsts atbalsts m\u0101jok\u013cu sektoram bija ierobe\u017eots ar projektiem, kas v\u0113rsti uz visvair\u0101k tr\u016bc\u012bgajiem, bet jaun\u0101s izmai\u0146as pal\u012bdz\u0113s b\u016bv\u0113t m\u0101jok\u013cus ar\u012b vidus\u0161\u0137irai.<\/li>\n<li>Likumdo\u0161ana par \u012bstermi\u0146a \u012bri: Tiek gatavota jauna likumdo\u0161ana, kas v\u0113rsta uz \u012bstermi\u0146a \u012bres pakalpojumu regul\u0113\u0161anu, jo tie samazina pieejamo m\u0101jok\u013cu skaitu.<\/li>\n<\/ul>\n<p>Lai gan liela da\u013ca pilnvaru \u0161aj\u0101 jom\u0101 ir pa\u0161vald\u012bbu rok\u0101s, Komisijas pl\u0101ns nodro\u0161ina pamatu, uz kura var balst\u012bties gan valstu, gan pils\u0113tu vald\u012bbas, lai efekt\u012bv\u0101k risin\u0101tu probl\u0113mu.<\/p>\n<p>Finansi\u0101lais atbalsts un n\u0101kotnes v\u012bzija<\/p>\n<p>Kopum\u0101 Eiropas Savien\u012bba tuv\u0101kajos gados mobiliz\u0113s vismaz 11,5 miljardus eiro no sava daudzgadu bud\u017eeta, lai papildin\u0101tu jau pie\u0161\u0137irtos 43 miljardus eiro soci\u0101lajiem, pieejamajiem un ilgtsp\u0113j\u012bgiem m\u0101jok\u013ciem. Paredzams, ka nacion\u0101l\u0101s un re\u0123ion\u0101l\u0101s att\u012bst\u012bbas bankas un instit\u016bcijas l\u012bdz 2029. gadam ieguld\u012bs iespaid\u012bgus 375 miljardus eiro.<\/p>\n<blockquote>\n<p>\u201cM\u0101joklis nav tikai prece; tas ir pamatties\u012bbas. Mums ir j\u0101izmanto katrs eiro un j\u0101dara viss iesp\u0113jamais, lai nodro\u0161in\u0101tu, ka Eirop\u0101 ikviens var at\u013cauties pien\u0101c\u012bgu m\u0101jokli,\u201d uzsv\u0113ris ener\u0123\u0113tikas un m\u0101jok\u013cu komis\u0101rs Dans J\u00f8rgensens, pirmais \u0161\u012b portfe\u013ca ieguv\u0113js Komisijas v\u0113stur\u0113.<\/p>\n<\/blockquote>\n<p>\u0160ie pas\u0101kumi nor\u0101da uz Komisijas ap\u0146em\u0161anos risin\u0101t m\u0101jok\u013cu kr\u012bzi, nevis tikai ar finansi\u0101lu atbalstu, bet ar\u012b ar struktur\u0101l\u0101m izmai\u0146\u0101m un likumdo\u0161anas iniciat\u012bv\u0101m, lai nodro\u0161in\u0101tu, ka m\u0101joklis k\u013c\u016bst pieejams visiem, nevis tikai privil\u0113\u0123ijai.<\/p>\n","protected":false},"excerpt":{"rendered":"Eiropas Savien\u012bba p\u0101rskata valsts atbalsta noteikumus, lai risin\u0101tu m\u0101jok\u013cu kr\u012bzi K\u0101 inform\u0113 telekan\u0101ls EuroNews, Eiropas Komisija ir n\u0101kusi&hellip;\n","protected":false},"author":2,"featured_media":78324,"comment_status":"","ping_status":"","sticky":false,"template":"","format":"standard","meta":{"footnotes":""},"categories":[14],"tags":[23,57,28,29,512,32,33,22,19745,30,31,35,39,38,36,37,34,40,19743,20,19744,26,27,24,25,5606,54,55,56,21,58],"class_list":{"0":"post-78323","1":"post","2":"type-post","3":"status-publish","4":"format-standard","5":"has-post-thumbnail","7":"category-zinas-no-arvalstim","8":"tag-aktualitates","9":"tag-arvalstim","10":"tag-breaking-news","11":"tag-breakingnews","12":"tag-eiropas-komisija","13":"tag-featured-news","14":"tag-featurednews","15":"tag-headlines","16":"tag-ires-maksas","17":"tag-latest-news","18":"tag-latestnews","19":"tag-latvia","20":"tag-latvian","21":"tag-latviesu","22":"tag-latviesu-valoda","23":"tag-latviesuvaloda","24":"tag-latvija","25":"tag-lv","26":"tag-majoklu-krize","27":"tag-news","28":"tag-pieejami-majokli","29":"tag-popularakas-zinas","30":"tag-popularakaszinas","31":"tag-top-stories","32":"tag-topstories","33":"tag-valsts-atbalsts","34":"tag-world","35":"tag-world-news","36":"tag-worldnews","37":"tag-zinas","38":"tag-zinas-no-arvalstim"},"share_on_mastodon":{"url":"https:\/\/pubeurope.com\/@lv\/115738505609166614","error":""},"_links":{"self":[{"href":"https:\/\/www.europesays.com\/lv\/wp-json\/wp\/v2\/posts\/78323","targetHints":{"allow":["GET"]}}],"collection":[{"href":"https:\/\/www.europesays.com\/lv\/wp-json\/wp\/v2\/posts"}],"about":[{"href":"https:\/\/www.europesays.com\/lv\/wp-json\/wp\/v2\/types\/post"}],"author":[{"embeddable":true,"href":"https:\/\/www.europesays.com\/lv\/wp-json\/wp\/v2\/users\/2"}],"replies":[{"embeddable":true,"href":"https:\/\/www.europesays.com\/lv\/wp-json\/wp\/v2\/comments?post=78323"}],"version-history":[{"count":0,"href":"https:\/\/www.europesays.com\/lv\/wp-json\/wp\/v2\/posts\/78323\/revisions"}],"wp:featuredmedia":[{"embeddable":true,"href":"https:\/\/www.europesays.com\/lv\/wp-json\/wp\/v2\/media\/78324"}],"wp:attachment":[{"href":"https:\/\/www.europesays.com\/lv\/wp-json\/wp\/v2\/media?parent=78323"}],"wp:term":[{"taxonomy":"category","embeddable":true,"href":"https:\/\/www.europesays.com\/lv\/wp-json\/wp\/v2\/categories?post=78323"},{"taxonomy":"post_tag","embeddable":true,"href":"https:\/\/www.europesays.com\/lv\/wp-json\/wp\/v2\/tags?post=78323"}],"curies":[{"name":"wp","href":"https:\/\/api.w.org\/{rel}","templated":true}]}}