{"id":7834,"date":"2025-09-29T11:28:13","date_gmt":"2025-09-29T11:28:13","guid":{"rendered":"https:\/\/www.europesays.com\/lv\/7834\/"},"modified":"2025-09-29T11:28:13","modified_gmt":"2025-09-29T11:28:13","slug":"brivibas-piemineklis-un-rigas-pils-uz-laiku-bez-godasardzes-notiek-militaras-macibas-namejs-2025-lente-lv","status":"publish","type":"post","link":"https:\/\/www.europesays.com\/lv\/7834\/","title":{"rendered":"Br\u012bv\u012bbas piemineklis un R\u012bgas pils uz laiku bez godasardzes \u2013 notiek milit\u0101r\u0101s m\u0101c\u012bbas &#8220;Namejs 2025&#8221;\u00a0\u2014\u00a0Lente.lv"},"content":{"rendered":"<p>Nacion\u0101l\u0101s noz\u012bmes poste\u0146i bez godasardzes m\u0101c\u012bbu &#8220;Namejs 2025&#8221; laik\u0101<\/p>\n<p>No \u0161odienas, 27. septembra, l\u012bdz pat 10. oktobrim pie Br\u012bv\u012bbas pieminek\u013ca un R\u012bgas pils netiks nodro\u0161in\u0101ta goda sardze. \u0160\u0101ds pagaidu pas\u0101kums ir saist\u012bts ar visaptvero\u0161\u0101m valsts aizsardz\u012bbas m\u0101c\u012bb\u0101m &#8220;Namejs 2025&#8221;, kur\u0101s akt\u012bvi piedal\u0101s Nacion\u0101lo bru\u0146oto sp\u0113ku (NBS) karav\u012bri un zemessargi. \u0160o noz\u012bm\u012bgo periodu ikdien\u0101 nodro\u0161ina Godasardzes rota, kas ir da\u013ca no NBS \u0160t\u0101ba bataljona.<\/p>\n<p>M\u0101c\u012bbas &#8220;Namejs 2025&#8221; un to ietekme uz godasardzi<\/p>\n<p>Visaptvero\u0161\u0101s valsts aizsardz\u012bbas m\u0101c\u012bbas &#8220;Namejs 2025&#8221; ir b\u016btiska sast\u0101vda\u013ca Latvijas dro\u0161\u012bbas stiprin\u0101\u0161an\u0101, iesaistot pla\u0161u karav\u012bru un zemessargu loku no vis\u0101m NBS strukt\u016brvien\u012bb\u0101m. Iesp\u0113jams, ka tie\u0161i \u0161\u012b masveida iesaiste liek veikt izmai\u0146as ikdienas protokol\u0101, lai nodro\u0161in\u0101tu visu m\u0101c\u012bbu norisei nepiecie\u0161amo resursu efekt\u012bvu izmanto\u0161anu. Godasardzes rotas karav\u012bri, kas parasti veic pien\u0101kumus pie Br\u012bv\u012bbas pieminek\u013ca un R\u012bgas pils, \u0161obr\u012bd ir iesaist\u012bti \u0161aj\u0101s pla\u0161a m\u0113roga aktivit\u0101t\u0113s. T\u0101d\u0113j\u0101di vi\u0146u kl\u0101tb\u016btne protokola poste\u0146os uz laiku tiek p\u0101rtraukta.<\/p>\n<p>Godasardzes rotas v\u0113sturisk\u0101 noz\u012bme un funkcijas<\/p>\n<p>Godasardzes rota ir ar dzi\u013c\u0101m sakn\u0113m Latvijas bru\u0146oto sp\u0113ku v\u0113stur\u0113. T\u0101s pirms\u0101kumi mekl\u0113jami jau 1919. gad\u0101, kad tika izveidota Armijas Virspav\u0113lnieka \u0161t\u0101ba Komandanta rota, kas nodro\u0161in\u0101ja sardzi pie svar\u012bgiem valsts objektiem. Laika gait\u0101, \u012bpa\u0161i p\u0113c 1934. gada apv\u0113rsuma un 1935. gada 18. novembr\u012b \u2013 Br\u012bv\u012bbas pieminek\u013ca atkl\u0101\u0161anas dien\u0101, godasardzes pien\u0101kumi tika papla\u0161in\u0101ti. Diem\u017e\u0113l, l\u012bdz\u012bgi k\u0101 daudzas citas valsts instit\u016bcijas, ar\u012b godasardze tika izform\u0113ta 1940. gad\u0101. Tom\u0113r Latvijas neatkar\u012bbas atjauno\u0161anas laik\u0101, 1992. gada 1. maij\u0101, Godasardzes rota tika atjaunota ar saviem s\u0101kotn\u0113jiem pamatuzdevumiem, un jau 11. novembr\u012b t\u0101 atkal pild\u012bja dienestu pie Br\u012bv\u012bbas pieminek\u013ca. M\u016bsdien\u0101s Godasardzes rotas galvenie uzdevumi ietver ne tikai godasardzi pie Br\u012bv\u012bbas pieminek\u013ca un R\u012bgas pils, bet ar\u012b dal\u012bbu Latvijas Republikas, Aizsardz\u012bbas ministrijas un NBS milit\u0101ro ceremoniju nodro\u0161in\u0101\u0161an\u0101, k\u0101 ar\u012b k\u0101jnieku rotas pamatuzdevumu veik\u0161anu kr\u012bzes un kara gad\u012bjum\u0101. Interesants fakts ir tas, ka 2022. gad\u0101 tika izteikta iniciat\u012bva aicin\u0101t ar\u012b sievietes pievienoties godasardzei, atz\u012bm\u0113jot, ka &#8220;pasaule pl\u016bst un main\u0101s, un stereotipi l\u016bst, un m\u0113s esam gatavi main\u012bties l\u012bdzi pasaulei&#8221;.<\/p>\n<p>K\u0101 &#8220;Namejs 2025&#8221; stiprina valsts aizsardz\u012bbas sist\u0113mu<\/p>\n<p>M\u0101c\u012bbas &#8220;Namejs 2025&#8221; ir vair\u0101k nek\u0101 tikai milit\u0101ru prasmju pilnveido\u0161ana. T\u0101s ir da\u013ca no pla\u0161\u0101kas visaptvero\u0161as valsts aizsardz\u012bbas sist\u0113mas stiprin\u0101\u0161anas, kas ietver cie\u0161\u0101ku sadarb\u012bbu starp milit\u0101rajiem sp\u0113kiem, valsts un pa\u0161vald\u012bbu iest\u0101d\u0113m, k\u0101 ar\u012b komersantiem. \u0160\u0101da veida m\u0101c\u012bbas nodro\u0161ina, ka valsts ir gatava rea\u0123\u0113t uz da\u017e\u0101diem apdraud\u0113jumiem un sp\u0113j garant\u0113t savu dro\u0161\u012bbu. Karav\u012bru gatav\u012bba un sp\u0113ja efekt\u012bvi darboties jebkuros apst\u0101k\u013cos ir pamats dro\u0161ai Latvijai. Lai gan godasardzes p\u0101rtraukums ir paman\u0101ms, tas ir maz\u0101k\u0101 cena par to ieguvumu, ko sniedz \u0161\u0101das m\u0113roga milit\u0101r\u0101s m\u0101c\u012bbas valsts dro\u0161\u012bbai kopum\u0101.<\/p>\n<p>Pagaidu izmai\u0146as un turpm\u0101kie notikumi<\/p>\n<p>L\u012bdz 10. oktobrim apmekl\u0113t\u0101ji un r\u012bdzinieki nevar\u0113s ieraudz\u012bt tradicion\u0101lo godasardzes mai\u0146u pie Br\u012bv\u012bbas pieminek\u013ca un R\u012bgas pils. Tom\u0113r svar\u012bgi atcer\u0113ties, ka \u0161\u012b ir pagaidu situ\u0101cija, kas saist\u012bta ar valsts aizsardz\u012bbas sagatavot\u012bbas stiprin\u0101\u0161anu. P\u0113c m\u0101c\u012bbu nosl\u0113guma, godasardze atgriez\u012bsies savos ierastajos poste\u0146os, atsaucoties uz sen\u0101m trad\u012bcij\u0101m un dienesta pien\u0101kumu. Kam\u0113r vieni karav\u012bri ir aiz\u0146emti ar m\u0101c\u012bb\u0101m, citi str\u0101d\u0101 pie t\u0101, lai nodro\u0161in\u0101tu, ka Latvijas armija vienm\u0113r ir gatava jebk\u0101diem izaicin\u0101jumiem.<\/p>\n","protected":false},"excerpt":{"rendered":"Nacion\u0101l\u0101s noz\u012bmes poste\u0146i bez godasardzes m\u0101c\u012bbu &#8220;Namejs 2025&#8221; laik\u0101 No \u0161odienas, 27. septembra, l\u012bdz pat 10. oktobrim pie&hellip;\n","protected":false},"author":2,"featured_media":7835,"comment_status":"","ping_status":"","sticky":false,"template":"","format":"standard","meta":{"footnotes":""},"categories":[5],"tags":[23,28,29,3287,32,33,3286,22,30,31,35,39,38,36,37,34,40,3289,3290,20,26,27,3288,24,25,21],"class_list":{"0":"post-7834","1":"post","2":"type-post","3":"status-publish","4":"format-standard","5":"has-post-thumbnail","7":"category-aktualitates","8":"tag-aktualitates","9":"tag-breaking-news","10":"tag-breakingnews","11":"tag-brivibas-piemineklis","12":"tag-featured-news","13":"tag-featurednews","14":"tag-goda-sardze","15":"tag-headlines","16":"tag-latest-news","17":"tag-latestnews","18":"tag-latvia","19":"tag-latvian","20":"tag-latviesu","21":"tag-latviesu-valoda","22":"tag-latviesuvaloda","23":"tag-latvija","24":"tag-lv","25":"tag-nacionalie-brunotie-speki","26":"tag-namejs-2025","27":"tag-news","28":"tag-popularakas-zinas","29":"tag-popularakaszinas","30":"tag-rigas-pils","31":"tag-top-stories","32":"tag-topstories","33":"tag-zinas"},"share_on_mastodon":{"url":"","error":""},"_links":{"self":[{"href":"https:\/\/www.europesays.com\/lv\/wp-json\/wp\/v2\/posts\/7834","targetHints":{"allow":["GET"]}}],"collection":[{"href":"https:\/\/www.europesays.com\/lv\/wp-json\/wp\/v2\/posts"}],"about":[{"href":"https:\/\/www.europesays.com\/lv\/wp-json\/wp\/v2\/types\/post"}],"author":[{"embeddable":true,"href":"https:\/\/www.europesays.com\/lv\/wp-json\/wp\/v2\/users\/2"}],"replies":[{"embeddable":true,"href":"https:\/\/www.europesays.com\/lv\/wp-json\/wp\/v2\/comments?post=7834"}],"version-history":[{"count":0,"href":"https:\/\/www.europesays.com\/lv\/wp-json\/wp\/v2\/posts\/7834\/revisions"}],"wp:featuredmedia":[{"embeddable":true,"href":"https:\/\/www.europesays.com\/lv\/wp-json\/wp\/v2\/media\/7835"}],"wp:attachment":[{"href":"https:\/\/www.europesays.com\/lv\/wp-json\/wp\/v2\/media?parent=7834"}],"wp:term":[{"taxonomy":"category","embeddable":true,"href":"https:\/\/www.europesays.com\/lv\/wp-json\/wp\/v2\/categories?post=7834"},{"taxonomy":"post_tag","embeddable":true,"href":"https:\/\/www.europesays.com\/lv\/wp-json\/wp\/v2\/tags?post=7834"}],"curies":[{"name":"wp","href":"https:\/\/api.w.org\/{rel}","templated":true}]}}