{"id":78405,"date":"2025-12-18T06:13:13","date_gmt":"2025-12-18T06:13:13","guid":{"rendered":"https:\/\/www.europesays.com\/lv\/78405\/"},"modified":"2025-12-18T06:13:13","modified_gmt":"2025-12-18T06:13:13","slug":"ukraina-nekad-neatzis-donbasu-par-krievijas-teritoriju-lente-lv","status":"publish","type":"post","link":"https:\/\/www.europesays.com\/lv\/78405\/","title":{"rendered":"Ukraina nekad neatz\u012bs Donbasu par Krievijas teritoriju\u00a0\u2014\u00a0Lente.lv"},"content":{"rendered":"<p>Ukrainas nelok\u0101m\u0101 nost\u0101ja: Donbasa atz\u012b\u0161ana par Krievijas teritoriju izsl\u0113gta<\/p>\n<p>Ukrainas prezidents Volodimirs Zelenskis ir stingri pazi\u0146ojis, ka Ukraina nekad neatz\u012bs Donbasu par Krievijai piedero\u0161u teritoriju, nedz de facto, nedz de iure. \u0160is nelok\u0101mais pazi\u0146ojums n\u0101k p\u0113c svar\u012bg\u0101m sarun\u0101m, kas notiku\u0161as Berl\u012bn\u0113. K\u0101 inform\u0113 Latvijas Sabiedriskie Mediji, \u0161\u012b nost\u0101ja ir fundament\u0101la Ukrainas suverenit\u0101tei un teritori\u0101lajai integrit\u0101tei. Prezidenta Zelenska v\u0101rdi skaidri nor\u0101da, ka Kijiva st\u0101v stingri pie saviem principiem un nepie\u013caus savas teritorijas non\u0101k\u0161anu sve\u0161\u0101 kontrol\u0113. Tas ir pazi\u0146ojums, kas skan ne tikai Eiropas, bet ar\u012b pasaules politikas ar\u0113n\u0101. <\/p>\n<p>Miera sarunu sare\u017e\u0123\u012btais ce\u013c\u0161 un teritori\u0101lie jaut\u0101jumi<\/p>\n<p>Sarunu process par miera pl\u0101nu turpin\u0101s, un nesen\u0101s tik\u0161an\u0101s Berl\u012bn\u0113 ir biju\u0161as noz\u012bm\u012bgas, lai gan t\u0101s nav piln\u012bb\u0101 atrisin\u0101ju\u0161as visus jaut\u0101jumus. ASV p\u0101rst\u0101vji pl\u0101no konsult\u0101cijas ar Maskavu, lai virz\u012btu sarunas uz priek\u0161u, kam sekos Ukrainas un ASV deleg\u0101ciju atk\u0101rtota tik\u0161an\u0101s Savienotaj\u0101s Valst\u012bs. \u0160\u012b sare\u017e\u0123\u012bt\u0101 diplom\u0101tisk\u0101 deja atspogu\u013co dzi\u013c\u0101s at\u0161\u0137ir\u012bbas starp Kijivas un Maskavas poz\u012bcij\u0101m, \u012bpa\u0161i attiec\u012bb\u0101 uz Donbasu. Zelenskis uzsv\u0113ris, ka Krievijas v\u0113lme kontrol\u0113t Donbasu nav main\u012bjusies, ta\u010du Ukrainas nost\u0101ja ir praktiska, re\u0101la un taisn\u012bga \u2013 vi\u0146i nev\u0113las atdot savu zemi. T\u0101 ir c\u012b\u0146a par principiem, kas sak\u0146ojas dzi\u013ci ukrai\u0146u tautas identit\u0101t\u0113.<\/p>\n<p>ASV pied\u0101v\u0101jumi un Ukrainas atbilde<\/p>\n<p>Amerik\u0101\u0146u m\u0113\u0123in\u0101jumi rast kompromisu ir ac\u012bmredzami, tostarp priek\u0161likums par br\u012bvu ekonomisko zonu. Tom\u0113r Zelenskis uzsver, ka \u0161\u0101ds risin\u0101jums nenoz\u012bm\u0113 Donbasa non\u0101k\u0161anu Krievijas p\u0101rvald\u012bb\u0101. \u0160ie pied\u0101v\u0101jumi tiek r\u016bp\u012bgi izv\u0113rt\u0113ti, ta\u010du Ukrainas priorit\u0101te paliek nemain\u012bga \u2013 savas teritori\u0101l\u0101s suverenit\u0101tes saglab\u0101\u0161ana. Lai gan sarun\u0101s tiek apspriests teritori\u0101lais jaut\u0101jums, pan\u0101kt vienpr\u0101t\u012bbu ir izr\u0101d\u012bjies sare\u017e\u0123\u012bti. \u0160is ir viens no svar\u012bg\u0101kajiem jaut\u0101jumiem, kas prasa dzi\u013cu un p\u0101rdom\u0101tu risin\u0101jumu.<\/p>\n<p>Dro\u0161\u012bbas garantijas un n\u0101kotnes perspekt\u012bvas<\/p>\n<p>Berl\u012bnes sarun\u0101s tika likts uzsvars uz Ukrainas dro\u0161\u012bbas garantij\u0101m, ko pied\u0101v\u0101ja ASV. \u0160\u012bs garantijas ir \u013coti svar\u012bgas, lai nodro\u0161in\u0101tu mieru un stabilit\u0101ti re\u0123ion\u0101. Lai gan ce\u013c\u0161 uz piln\u012bgu mieru ir izloc\u012bts un pilns izaicin\u0101jumu, Ukrainas nelok\u0101m\u0101 ap\u0146\u0113m\u012bba saglab\u0101t savu teritori\u0101lo integrit\u0101ti ir sp\u0113c\u012bgs sign\u0101ls gan Krievijai, gan starptautiskajai sabiedr\u012bbai. Prezidents Zelenskis ir nor\u0101d\u012bjis, ka tuv\u0101kaj\u0101s dien\u0101s eksperti pabeigs darbu pie vienot\u0101 dokumenta izstr\u0101des, kas balst\u012bts uz Berl\u012bn\u0113 pan\u0101ktaj\u0101m vieno\u0161an\u0101m. P\u0113c tam paredz\u0113tas konsult\u0101cijas ar Krieviju un iesp\u0113jama tik\u0161an\u0101s ar ASV prezidentu Donaldam Trampam, kas var\u0113tu pav\u0113rt jaunas perspekt\u012bvas \u0161aj\u0101 sare\u017e\u0123\u012btaj\u0101 situ\u0101cij\u0101. Galu gal\u0101, Ukrainas tautas griba un t\u0101s teritori\u0101l\u0101 nesadal\u0101m\u012bba ir neapstr\u012bdama.<\/p>\n","protected":false},"excerpt":{"rendered":"Ukrainas nelok\u0101m\u0101 nost\u0101ja: Donbasa atz\u012b\u0161ana par Krievijas teritoriju izsl\u0113gta Ukrainas prezidents Volodimirs Zelenskis ir stingri pazi\u0146ojis, ka Ukraina&hellip;\n","protected":false},"author":2,"featured_media":78406,"comment_status":"","ping_status":"","sticky":false,"template":"","format":"standard","meta":{"footnotes":""},"categories":[14],"tags":[23,57,28,29,14033,32,33,22,234,30,31,35,39,38,36,37,34,40,20,26,27,19772,24,25,276,54,55,56,1075,21,58],"class_list":{"0":"post-78405","1":"post","2":"type-post","3":"status-publish","4":"format-standard","5":"has-post-thumbnail","7":"category-zinas-no-arvalstim","8":"tag-aktualitates","9":"tag-arvalstim","10":"tag-breaking-news","11":"tag-breakingnews","12":"tag-donbass","13":"tag-featured-news","14":"tag-featurednews","15":"tag-headlines","16":"tag-krievija","17":"tag-latest-news","18":"tag-latestnews","19":"tag-latvia","20":"tag-latvian","21":"tag-latviesu","22":"tag-latviesu-valoda","23":"tag-latviesuvaloda","24":"tag-latvija","25":"tag-lv","26":"tag-news","27":"tag-popularakas-zinas","28":"tag-popularakaszinas","29":"tag-teritoriala-integritate","30":"tag-top-stories","31":"tag-topstories","32":"tag-ukraina","33":"tag-world","34":"tag-world-news","35":"tag-worldnews","36":"tag-zelenskis","37":"tag-zinas","38":"tag-zinas-no-arvalstim"},"share_on_mastodon":{"url":"https:\/\/pubeurope.com\/@lv\/115739099388795462","error":""},"_links":{"self":[{"href":"https:\/\/www.europesays.com\/lv\/wp-json\/wp\/v2\/posts\/78405","targetHints":{"allow":["GET"]}}],"collection":[{"href":"https:\/\/www.europesays.com\/lv\/wp-json\/wp\/v2\/posts"}],"about":[{"href":"https:\/\/www.europesays.com\/lv\/wp-json\/wp\/v2\/types\/post"}],"author":[{"embeddable":true,"href":"https:\/\/www.europesays.com\/lv\/wp-json\/wp\/v2\/users\/2"}],"replies":[{"embeddable":true,"href":"https:\/\/www.europesays.com\/lv\/wp-json\/wp\/v2\/comments?post=78405"}],"version-history":[{"count":0,"href":"https:\/\/www.europesays.com\/lv\/wp-json\/wp\/v2\/posts\/78405\/revisions"}],"wp:featuredmedia":[{"embeddable":true,"href":"https:\/\/www.europesays.com\/lv\/wp-json\/wp\/v2\/media\/78406"}],"wp:attachment":[{"href":"https:\/\/www.europesays.com\/lv\/wp-json\/wp\/v2\/media?parent=78405"}],"wp:term":[{"taxonomy":"category","embeddable":true,"href":"https:\/\/www.europesays.com\/lv\/wp-json\/wp\/v2\/categories?post=78405"},{"taxonomy":"post_tag","embeddable":true,"href":"https:\/\/www.europesays.com\/lv\/wp-json\/wp\/v2\/tags?post=78405"}],"curies":[{"name":"wp","href":"https:\/\/api.w.org\/{rel}","templated":true}]}}