{"id":78457,"date":"2025-12-18T07:24:37","date_gmt":"2025-12-18T07:24:37","guid":{"rendered":"https:\/\/www.europesays.com\/lv\/78457\/"},"modified":"2025-12-18T07:24:37","modified_gmt":"2025-12-18T07:24:37","slug":"grantina-cetriniekam-13-vieta-un-karjeras-rekords-pasaules-kausa-norvegija-lente-lv","status":"publish","type":"post","link":"https:\/\/www.europesays.com\/lv\/78457\/","title":{"rendered":"Granti\u0146a \u010detriniekam 13. vieta un karjeras rekords Pasaules kaus\u0101 Norv\u0113\u0123ij\u0101\u00a0\u2014\u00a0Lente.lv"},"content":{"rendered":"<p>Ren\u0101rs Granti\u0146\u0161 sasniedz karjeras rekordu Pasaules kaus\u0101, izc\u012bnot 13. vietu Norv\u0113\u0123ij\u0101<\/p>\n<p>Latvijas bobsleja \u010detrinieku ekip\u0101\u017ea, kuru pilot\u0113 Ren\u0101rs Granti\u0146\u0161, sestdien Norv\u0113\u0123ij\u0101 Pasaules kausa tre\u0161aj\u0101 posm\u0101 demonstr\u0113ja iev\u0113rojamu sniegumu, izc\u012bnot 13. vietu. K\u0101 inform\u0113 port\u0101ls jauns.lv, \u0161is sasniegums ir Granti\u0146a karjeras lab\u0101kais rezult\u0101ts Pasaules kausa izc\u012b\u0146\u0101. Otra Latvijas ekip\u0101\u017ea ar pilotu J\u0113kabu Kalendu ierindoj\u0101s dal\u012bt\u0101 18. poz\u012bcij\u0101, par\u0101dot komandas sp\u0113ju konkur\u0113t uz starptautisk\u0101s skatuves, neskatoties uz sare\u017e\u0123\u012btajiem apst\u0101k\u013ciem tras\u0113. V\u0101cijas ekip\u0101\u017eas domin\u0113ja sacens\u012bb\u0101s, aiz\u0146emot visu goda pjedest\u0101lu.<\/p>\n<p>Granti\u0146a ekip\u0101\u017eas iespaid\u012bgais otrais brauciens<\/p>\n<p>Ren\u0101ra Granti\u0146a \u010detrinieks, kur\u0101 start\u0113ja st\u016bm\u0113ji Edgars Ungurs, D\u0101vis Kaufmanis un Mairis K\u013cava, p\u0113c pirm\u0101 brauciena atrad\u0101s 19. viet\u0101. Tom\u0113r aizraujo\u0161\u0101 otraj\u0101 braucien\u0101 ekip\u0101\u017ea uzr\u0101d\u012bja otro lab\u0101ko laiku, izce\u013coties ar p\u0101rliecino\u0161u sniegumu un pak\u0101pjoties uz augst\u0101ku poz\u012bciju kopv\u0113rt\u0113jum\u0101. \u0160is izr\u0101viens ir apliecin\u0101jums komandas neatlaid\u012bbai un sp\u0113jai piel\u0101goties main\u012bgajiem ledus apst\u0101k\u013ciem. Granti\u0146a ekip\u0101\u017eas sniegums otraj\u0101 braucien\u0101 bija tik iespaid\u012bgs, ka vi\u0146u p\u0101rsp\u0113ja tikai viens no pasaules elites pilotiem, Johannesu Lohners, kur\u0161 kopum\u0101 uzvar\u0113ja sacens\u012bb\u0101s. Granti\u0146a ekip\u0101\u017ea no uzvar\u0113t\u0101ja summ\u0101 atpalika par 0,71 sekundi, bet no desmitnieka \u0161\u0137\u012bra vien 0,12 sekundes.<\/p>\n<p>Kalendas ekip\u0101\u017eas c\u012b\u0146a un progres\u0113jo\u0161ais sniegums<\/p>\n<p>J\u0113kaba Kalendas vad\u012bt\u0101 \u010detrinieku ekip\u0101\u017ea, kur\u0101 start\u0113ja Lauris Kaufmanis, Arnis Bebri\u0161s un Mat\u012bss Miknis, pirmaj\u0101 braucien\u0101 ie\u0146\u0113ma 20. vietu, kas bija p\u0113d\u0113j\u0101, kas \u013c\u0101va kvalific\u0113ties otrajam braucienam. Lai gan otraj\u0101 braucien\u0101 Kalendas komanda uzr\u0101d\u012bja piekto lab\u0101ko rezult\u0101tu, kopv\u0113rt\u0113jum\u0101 n\u0101c\u0101s samierin\u0101ties ar dal\u012btu 18. poz\u012bciju. Tom\u0113r Kalendas ekip\u0101\u017eas sniegums otraj\u0101 braucien\u0101, uzr\u0101dot iev\u0113rojami lab\u0101ku laiku nek\u0101 pirmaj\u0101, liecina par komandas potenci\u0101lu un sp\u0113ju uzlabot rezult\u0101tus sacens\u012bbu gait\u0101. Lai gan starta numuru neparoc\u012bgums un main\u012bgie laika apst\u0101k\u013ci rad\u012bja papildu izaicin\u0101jumus, Latvijas ekip\u0101\u017eas demonstr\u0113ja c\u012b\u0146as sparu.<\/p>\n<p>Izaicino\u0161ie apst\u0101k\u013ci un V\u0101cijas domin\u0113\u0161ana<\/p>\n<p>Sacens\u012bbas Norv\u0113\u0123ij\u0101 notika sare\u017e\u0123\u012btos laika apst\u0101k\u013cos, kad termometra r\u0101d\u012bt\u0101ji bija virs nulles un ledus kvalit\u0101te strauji pasliktin\u0101j\u0101s. \u0160\u0101di apst\u0101k\u013ci padar\u012bja trasi tehniski v\u0113l gr\u016bt\u0101ku un pras\u012bg\u0101ku, liekot sportistiem demonstr\u0113t maksim\u0101lu koncentr\u0101ciju un meistar\u012bbu. Neskatoties uz izaicin\u0101jumiem, pasaules sp\u0113c\u012bg\u0101k\u0101s pilotu komandas, \u012bpa\u0161i no V\u0101cijas, sp\u0113ja piel\u0101goties un nodro\u0161in\u0101ja sev p\u0101rliecino\u0161u uzvaru. Johannes Lohners izc\u012bn\u012bja uzvaru, apsteidzot savu tautieti Fran\u010desko Fr\u012bdrihu par 0,14 sekund\u0113m. Tre\u0161ais palika Adams Am\u016brs.<\/p>\n<p>Ce\u013c\u0161 uz 2026. gada Olimpiskaj\u0101m sp\u0113l\u0113m<\/p>\n<p>\u0160\u012b sezona ir \u012bpa\u0161i noz\u012bm\u012bga Latvijas bobsleja komand\u0101m, jo t\u0101 ir da\u013ca no kvalifik\u0101cijas procesa uz 2026. gada Mil\u0101nas un Kort\u012bnas d&#8217;Ampeco olimpiskaj\u0101m sp\u0113l\u0113m. Katrs Pasaules kausa posms sniedz v\u0113rt\u012bgu pieredzi un iesp\u0113ju uzlabot poz\u012bcijas kopv\u0113rt\u0113jum\u0101. Lai gan Granti\u0146a ekip\u0101\u017eas 13. vieta ir karjeras rekords, komandas m\u0113r\u0137is ir turpin\u0101t att\u012bst\u012bties un sasniegt v\u0113l augst\u0101kus rezult\u0101tus. Latvijas bobsleja komandas galvenais treneris ir Em\u012bls Cipulis, kur\u0161 vada sportistu ce\u013cu uz olimpiskajiem sap\u0146iem.<\/p>\n","protected":false},"excerpt":{"rendered":"Ren\u0101rs Granti\u0146\u0161 sasniedz karjeras rekordu Pasaules kaus\u0101, izc\u012bnot 13. vietu Norv\u0113\u0123ij\u0101 Latvijas bobsleja \u010detrinieku ekip\u0101\u017ea, kuru pilot\u0113 Ren\u0101rs&hellip;\n","protected":false},"author":2,"featured_media":78458,"comment_status":"","ping_status":"","sticky":false,"template":"","format":"standard","meta":{"footnotes":""},"categories":[17],"tags":[2158,18149,35,39,38,36,37,34,40,1419,2560,11556,67],"class_list":{"0":"post-78457","1":"post","2":"type-post","3":"status-publish","4":"format-standard","5":"has-post-thumbnail","7":"category-sports","8":"tag-bobslejs","9":"tag-karjeras-rekords","10":"tag-latvia","11":"tag-latvian","12":"tag-latviesu","13":"tag-latviesu-valoda","14":"tag-latviesuvaloda","15":"tag-latvija","16":"tag-lv","17":"tag-norvegija","18":"tag-pasaules-kauss","19":"tag-renars-grantins","20":"tag-sports"},"share_on_mastodon":{"url":"https:\/\/pubeurope.com\/@lv\/115739378759949382","error":""},"_links":{"self":[{"href":"https:\/\/www.europesays.com\/lv\/wp-json\/wp\/v2\/posts\/78457","targetHints":{"allow":["GET"]}}],"collection":[{"href":"https:\/\/www.europesays.com\/lv\/wp-json\/wp\/v2\/posts"}],"about":[{"href":"https:\/\/www.europesays.com\/lv\/wp-json\/wp\/v2\/types\/post"}],"author":[{"embeddable":true,"href":"https:\/\/www.europesays.com\/lv\/wp-json\/wp\/v2\/users\/2"}],"replies":[{"embeddable":true,"href":"https:\/\/www.europesays.com\/lv\/wp-json\/wp\/v2\/comments?post=78457"}],"version-history":[{"count":0,"href":"https:\/\/www.europesays.com\/lv\/wp-json\/wp\/v2\/posts\/78457\/revisions"}],"wp:featuredmedia":[{"embeddable":true,"href":"https:\/\/www.europesays.com\/lv\/wp-json\/wp\/v2\/media\/78458"}],"wp:attachment":[{"href":"https:\/\/www.europesays.com\/lv\/wp-json\/wp\/v2\/media?parent=78457"}],"wp:term":[{"taxonomy":"category","embeddable":true,"href":"https:\/\/www.europesays.com\/lv\/wp-json\/wp\/v2\/categories?post=78457"},{"taxonomy":"post_tag","embeddable":true,"href":"https:\/\/www.europesays.com\/lv\/wp-json\/wp\/v2\/tags?post=78457"}],"curies":[{"name":"wp","href":"https:\/\/api.w.org\/{rel}","templated":true}]}}