{"id":78516,"date":"2025-12-18T08:19:14","date_gmt":"2025-12-18T08:19:14","guid":{"rendered":"https:\/\/www.europesays.com\/lv\/78516\/"},"modified":"2025-12-18T08:19:14","modified_gmt":"2025-12-18T08:19:14","slug":"piedzeries-virietis-sievietei-livanu-puse-nolaupa-divus-mobilos-telefonus-un-elektrovelosipedu","status":"publish","type":"post","link":"https:\/\/www.europesays.com\/lv\/78516\/","title":{"rendered":"Piedz\u0113ries v\u012brietis sievietei L\u012bv\u0101nu pus\u0113 nolaupa divus mobilos telefonus un elektrovelosip\u0113du"},"content":{"rendered":"<p>8. decembr\u012b Valsts policija sa\u0146\u0113ma inform\u0101ciju, ka L\u012bv\u0101nu novada Sutru pagast\u0101 notikusi <a href=\"https:\/\/www.tvnet.lv\/term\/571481\/laupisana\" class=\"topicLink\" target=\"_blank\" rel=\"nofollow noopener\">laup\u012b\u0161ana<\/a>. Tur k\u0101ds v\u012brietis alkohola reibum\u0101 draud\u0113jis nodar\u012bt miesas boj\u0101jumus 1995. gad\u0101 dzimu\u0161ai sievietei un nolaup\u012bja vi\u0146ai vair\u0101kas mantas.<\/p>\n<p>Likumsargi noskaidroja, ka laup\u012b\u0161anu pastr\u0101d\u0101jis 1983. gad\u0101 dzimis v\u012brietis, kuru likumsargi 9. decembr\u012b aiztur\u0113ja. Tiesa aiztur\u0113tajam k\u0101 dro\u0161\u012bbas l\u012bdzekli piem\u0113roja apcietin\u0101jumu.<\/p>\n<p>S\u0101ktaj\u0101 krimin\u0101lproces\u0101 turpin\u0101s pirmstiesas izmekl\u0113\u0161ana. Par noziedz\u012bgo nodar\u012bjumu ir s\u0101kts krimin\u0101lprocess p\u0113c Krimin\u0101llikuma 176. panta pirm\u0101s da\u013cas &#8211; par sve\u0161as kustamas mantas nolaup\u012b\u0161anu, ja t\u0101 saist\u012bta ar vardarb\u012bbu vai vardarb\u012bbas piedraud\u0113jumu (laup\u012b\u0161ana). Par laup\u012b\u0161anu iesp\u0113jams sod\u012bt ar br\u012bv\u012bbas at\u0146em\u0161anu uz laiku l\u012bdz pieciem gadiem, ar \u012bslaic\u012bgu br\u012bv\u012bbas at\u0146em\u0161anu, ar prob\u0101cijas uzraudz\u012bbu, ar sabiedrisko darbu vai ar naudas sodu, konfisc\u0113jot mantu vai bez mantas konfisk\u0101cijas.<\/p>\n","protected":false},"excerpt":{"rendered":"8. decembr\u012b Valsts policija sa\u0146\u0113ma inform\u0101ciju, ka L\u012bv\u0101nu novada Sutru pagast\u0101 notikusi laup\u012b\u0161ana. Tur k\u0101ds v\u012brietis alkohola reibum\u0101&hellip;\n","protected":false},"author":2,"featured_media":78517,"comment_status":"","ping_status":"","sticky":false,"template":"","format":"standard","meta":{"footnotes":""},"categories":[5],"tags":[23,28,29,32,33,22,30,31,35,39,38,36,37,34,7897,40,20,26,27,24,25,7895,21],"class_list":{"0":"post-78516","1":"post","2":"type-post","3":"status-publish","4":"format-standard","5":"has-post-thumbnail","7":"category-aktualitates","8":"tag-aktualitates","9":"tag-breaking-news","10":"tag-breakingnews","11":"tag-featured-news","12":"tag-featurednews","13":"tag-headlines","14":"tag-latest-news","15":"tag-latestnews","16":"tag-latvia","17":"tag-latvian","18":"tag-latviesu","19":"tag-latviesu-valoda","20":"tag-latviesuvaloda","21":"tag-latvija","22":"tag-laupisana","23":"tag-lv","24":"tag-news","25":"tag-popularakas-zinas","26":"tag-popularakaszinas","27":"tag-top-stories","28":"tag-topstories","29":"tag-zadzibas-un-laupisanas","30":"tag-zinas"},"share_on_mastodon":{"url":"https:\/\/pubeurope.com\/@lv\/115739594889493929","error":""},"_links":{"self":[{"href":"https:\/\/www.europesays.com\/lv\/wp-json\/wp\/v2\/posts\/78516","targetHints":{"allow":["GET"]}}],"collection":[{"href":"https:\/\/www.europesays.com\/lv\/wp-json\/wp\/v2\/posts"}],"about":[{"href":"https:\/\/www.europesays.com\/lv\/wp-json\/wp\/v2\/types\/post"}],"author":[{"embeddable":true,"href":"https:\/\/www.europesays.com\/lv\/wp-json\/wp\/v2\/users\/2"}],"replies":[{"embeddable":true,"href":"https:\/\/www.europesays.com\/lv\/wp-json\/wp\/v2\/comments?post=78516"}],"version-history":[{"count":0,"href":"https:\/\/www.europesays.com\/lv\/wp-json\/wp\/v2\/posts\/78516\/revisions"}],"wp:featuredmedia":[{"embeddable":true,"href":"https:\/\/www.europesays.com\/lv\/wp-json\/wp\/v2\/media\/78517"}],"wp:attachment":[{"href":"https:\/\/www.europesays.com\/lv\/wp-json\/wp\/v2\/media?parent=78516"}],"wp:term":[{"taxonomy":"category","embeddable":true,"href":"https:\/\/www.europesays.com\/lv\/wp-json\/wp\/v2\/categories?post=78516"},{"taxonomy":"post_tag","embeddable":true,"href":"https:\/\/www.europesays.com\/lv\/wp-json\/wp\/v2\/tags?post=78516"}],"curies":[{"name":"wp","href":"https:\/\/api.w.org\/{rel}","templated":true}]}}