{"id":78536,"date":"2025-12-18T08:30:06","date_gmt":"2025-12-18T08:30:06","guid":{"rendered":"https:\/\/www.europesays.com\/lv\/78536\/"},"modified":"2025-12-18T08:30:06","modified_gmt":"2025-12-18T08:30:06","slug":"somija-aresteta-borisa-rotenberga-villa","status":"publish","type":"post","link":"https:\/\/www.europesays.com\/lv\/78536\/","title":{"rendered":"Somij\u0101 arest\u0113ta Borisa Rotenberga villa"},"content":{"rendered":"<p>Uz\u0146\u0113m\u0113ja juridiskais p\u0101rst\u0101vis pazi\u0146oja, ka jaut\u0101jums par villu &#8220;tiek izskat\u012bts&#8221; un \u012bpa\u0161ums tiks atdots.<\/p>\n<p>\u0160is nav pirmais Rotenberga \u012bpa\u0161ums, kas arest\u0113ts Somij\u0101. Rotenbergam ir piem\u0113rotas Eiropas Savien\u012bbas (ES) sankcijas, kuru d\u0113\u013c uz\u0146\u0113m\u0113js nevar p\u0101rskait\u012bt naudu uz kontiem Somijas bank\u0101s. Iepriek\u0161 tika arest\u0113ts miljardiera uz\u0146\u0113mumam piedero\u0161s komerc\u012bpa\u0161ums galvaspils\u0113t\u0101, jo bija iekr\u0101jies par\u0101ds par komun\u0101lajiem maks\u0101jumiem 27 000 eiro apm\u0113r\u0101.<\/p>\n<p>&#8220;Yle&#8221; nor\u0101da, ka Rotenberga akt\u012bvi Somij\u0101 tika konfisc\u0113ti jau 2022. gad\u0101 p\u0113c sankciju ievie\u0161anas, ta\u010du \u0161\u012b proced\u016bra ne\u013cauj ar \u012bpa\u0161umiem neko dar\u012bt, un tie faktiski paliek iesald\u0113ti.<\/p>\n<p>Par\u0101dnieka mantas piespiedu arests \u013cauj \u012bpa\u0161umu p\u0101rdot un ieg\u016btos l\u012bdzek\u013cus izmantot par\u0101du dz\u0113\u0161anai. &#8220;Yle&#8221; nor\u0101da, ka Par\u0101du piedzi\u0146as birojs jau iepriek\u0161 ir p\u0101rdevis vienu no Rotenberga komerci\u0101lajiem \u012bpa\u0161umiem.<\/p>\n<p>Boriss Rotenbergs p\u0101rc\u0113l\u0101s uz Somiju 1991. gad\u0101 kop\u0101 ar sievu, kas piedal\u012bj\u0101s repatri\u0101cijas programm\u0101. 1998. gad\u0101 uz\u0146\u0113m\u0113js atgriez\u0101s Sanktp\u0113terburg\u0101. Divt\u016bksto\u0161o gadu s\u0101kum\u0101 Rotenbergs sa\u0146\u0113ma Somijas pilson\u012bbu.<\/p>\n<p>Mediji iepriek\u0161 v\u0113st\u012bja, ka pilson\u012bbu vi\u0146\u0161, iesp\u0113jams, ieguvis bez saska\u0146o\u0161anas ar policiju. Saska\u0146\u0101 ar &#8220;Yle&#8221; r\u012bc\u012bb\u0101 eso\u0161o inform\u0101ciju pilson\u012bbas pie\u0161\u0137ir\u0161anu Rotenbergam nav akcept\u0113jusi Dro\u0161\u012bbas policijas pretizl\u016bko\u0161anas noda\u013ca.<\/p>\n<p>Boriss Rotenbergs un vi\u0146a br\u0101lis Ark\u0101dijs ir person\u012bgi paz\u012bstami ar Krievijas diktatoru Vladimiru Putinu.<\/p>\n","protected":false},"excerpt":{"rendered":"Uz\u0146\u0113m\u0113ja juridiskais p\u0101rst\u0101vis pazi\u0146oja, ka jaut\u0101jums par villu &#8220;tiek izskat\u012bts&#8221; un \u012bpa\u0161ums tiks atdots. \u0160is nav pirmais Rotenberga&hellip;\n","protected":false},"author":2,"featured_media":78537,"comment_status":"","ping_status":"","sticky":false,"template":"","format":"standard","meta":{"footnotes":""},"categories":[14],"tags":[23,57,28,29,32,33,22,19794,30,31,35,39,38,36,37,34,40,20,19793,26,27,490,24,25,54,55,56,21,58],"class_list":{"0":"post-78536","1":"post","2":"type-post","3":"status-publish","4":"format-standard","5":"has-post-thumbnail","7":"category-zinas-no-arvalstim","8":"tag-aktualitates","9":"tag-arvalstim","10":"tag-breaking-news","11":"tag-breakingnews","12":"tag-featured-news","13":"tag-featurednews","14":"tag-headlines","15":"tag-krievijas-oligarhi","16":"tag-latest-news","17":"tag-latestnews","18":"tag-latvia","19":"tag-latvian","20":"tag-latviesu","21":"tag-latviesu-valoda","22":"tag-latviesuvaloda","23":"tag-latvija","24":"tag-lv","25":"tag-news","26":"tag-oligarhi","27":"tag-popularakas-zinas","28":"tag-popularakaszinas","29":"tag-somija","30":"tag-top-stories","31":"tag-topstories","32":"tag-world","33":"tag-world-news","34":"tag-worldnews","35":"tag-zinas","36":"tag-zinas-no-arvalstim"},"share_on_mastodon":{"url":"https:\/\/pubeurope.com\/@lv\/115739638184244778","error":""},"_links":{"self":[{"href":"https:\/\/www.europesays.com\/lv\/wp-json\/wp\/v2\/posts\/78536","targetHints":{"allow":["GET"]}}],"collection":[{"href":"https:\/\/www.europesays.com\/lv\/wp-json\/wp\/v2\/posts"}],"about":[{"href":"https:\/\/www.europesays.com\/lv\/wp-json\/wp\/v2\/types\/post"}],"author":[{"embeddable":true,"href":"https:\/\/www.europesays.com\/lv\/wp-json\/wp\/v2\/users\/2"}],"replies":[{"embeddable":true,"href":"https:\/\/www.europesays.com\/lv\/wp-json\/wp\/v2\/comments?post=78536"}],"version-history":[{"count":0,"href":"https:\/\/www.europesays.com\/lv\/wp-json\/wp\/v2\/posts\/78536\/revisions"}],"wp:featuredmedia":[{"embeddable":true,"href":"https:\/\/www.europesays.com\/lv\/wp-json\/wp\/v2\/media\/78537"}],"wp:attachment":[{"href":"https:\/\/www.europesays.com\/lv\/wp-json\/wp\/v2\/media?parent=78536"}],"wp:term":[{"taxonomy":"category","embeddable":true,"href":"https:\/\/www.europesays.com\/lv\/wp-json\/wp\/v2\/categories?post=78536"},{"taxonomy":"post_tag","embeddable":true,"href":"https:\/\/www.europesays.com\/lv\/wp-json\/wp\/v2\/tags?post=78536"}],"curies":[{"name":"wp","href":"https:\/\/api.w.org\/{rel}","templated":true}]}}