{"id":78545,"date":"2025-12-18T08:36:14","date_gmt":"2025-12-18T08:36:14","guid":{"rendered":"https:\/\/www.europesays.com\/lv\/78545\/"},"modified":"2025-12-18T08:36:14","modified_gmt":"2025-12-18T08:36:14","slug":"baltkrievija-atbrivo-123-politieslodzitos-tostarp-latvijas-pilsoni-lente-lv","status":"publish","type":"post","link":"https:\/\/www.europesays.com\/lv\/78545\/","title":{"rendered":"Baltkrievija atbr\u012bvo 123 politieslodz\u012btos, tostarp Latvijas pilsoni\u00a0\u2014\u00a0Lente.lv"},"content":{"rendered":"<p>Baltkrievija atbr\u012bvo 123 politieslodz\u012btos, tostarp Latvijas pilsoni<\/p>\n<p>K\u0101 zi\u0146o Latvijas Av\u012bze, Baltkrievija ir atbr\u012bvojusi iev\u0113rojamu skaitu politieslodz\u012bto, kuru vid\u016b ir ar\u012b Latvijas pilsone. \u0160\u012b pla\u0161\u0101 atbr\u012bvo\u0161ana ir sa\u0146emta ar lielu gandar\u012bjumu un atvieglojumu gan Latvij\u0101, gan cit\u0101s valst\u012bs, kuras sk\u0101ru\u0161as \u0161\u012b politisk\u0101 situ\u0101cija.<\/p>\n<p>Ierodas Ukrain\u0101<\/p>\n<p>Liel\u0101k\u0101 da\u013ca no sestdien atbr\u012bvotajiem politieslodz\u012btajiem jau ir veiksm\u012bgi ieradu\u0161ies Ukrain\u0101. Zi\u0146u par vi\u0146u dro\u0161o non\u0101k\u0161anu Ukrain\u0101 apstiprin\u0101jis Koordin\u0101cijas \u0161t\u0101bs karag\u016bstek\u0146u jaut\u0101jumos. Tas ir \u013coti cer\u012bgs sign\u0101ls visiem, kuri ilgoj\u0101s p\u0113c tuvinieku atgrie\u0161an\u0101s m\u0101j\u0101s.<\/p>\n<p>Cer\u012bba uz turpm\u0101kiem so\u013ciem<\/p>\n<p>\u0160is notikums sniedz cer\u012bbu uz turpm\u0101ku pozit\u012bvu att\u012bst\u012bbu attiec\u012bb\u0101s starp Baltkrieviju un t\u0101s kaimi\u0146valst\u012bm. Atbr\u012bvoto personu vid\u016b ir cilv\u0113ki, kuri tika tur\u0113ti apcietin\u0101jum\u0101 politisku mot\u012bvu d\u0113\u013c, un vi\u0146u atbr\u012bvo\u0161ana ir noz\u012bm\u012bgs solis cilv\u0113kties\u012bbu un starptautisko attiec\u012bbu jom\u0101. Cerams, ka \u0161is precedents iedvesmos ar\u012b citus so\u013cus cilv\u0113ku lab\u0101.<\/p>\n","protected":false},"excerpt":{"rendered":"Baltkrievija atbr\u012bvo 123 politieslodz\u012btos, tostarp Latvijas pilsoni K\u0101 zi\u0146o Latvijas Av\u012bze, Baltkrievija ir atbr\u012bvojusi iev\u0113rojamu skaitu politieslodz\u012bto, kuru&hellip;\n","protected":false},"author":2,"featured_media":78546,"comment_status":"","ping_status":"","sticky":false,"template":"","format":"standard","meta":{"footnotes":""},"categories":[14],"tags":[23,57,19798,2416,28,29,32,33,22,30,31,35,39,38,36,37,34,19797,40,20,18962,26,27,24,25,276,54,55,56,21,58],"class_list":{"0":"post-78545","1":"post","2":"type-post","3":"status-publish","4":"format-standard","5":"has-post-thumbnail","7":"category-zinas-no-arvalstim","8":"tag-aktualitates","9":"tag-arvalstim","10":"tag-atbrivosana","11":"tag-baltkrievija","12":"tag-breaking-news","13":"tag-breakingnews","14":"tag-featured-news","15":"tag-featurednews","16":"tag-headlines","17":"tag-latest-news","18":"tag-latestnews","19":"tag-latvia","20":"tag-latvian","21":"tag-latviesu","22":"tag-latviesu-valoda","23":"tag-latviesuvaloda","24":"tag-latvija","25":"tag-latvijas-pilsone","26":"tag-lv","27":"tag-news","28":"tag-politieslodzitie","29":"tag-popularakas-zinas","30":"tag-popularakaszinas","31":"tag-top-stories","32":"tag-topstories","33":"tag-ukraina","34":"tag-world","35":"tag-world-news","36":"tag-worldnews","37":"tag-zinas","38":"tag-zinas-no-arvalstim"},"share_on_mastodon":{"url":"https:\/\/pubeurope.com\/@lv\/115739661790390726","error":""},"_links":{"self":[{"href":"https:\/\/www.europesays.com\/lv\/wp-json\/wp\/v2\/posts\/78545","targetHints":{"allow":["GET"]}}],"collection":[{"href":"https:\/\/www.europesays.com\/lv\/wp-json\/wp\/v2\/posts"}],"about":[{"href":"https:\/\/www.europesays.com\/lv\/wp-json\/wp\/v2\/types\/post"}],"author":[{"embeddable":true,"href":"https:\/\/www.europesays.com\/lv\/wp-json\/wp\/v2\/users\/2"}],"replies":[{"embeddable":true,"href":"https:\/\/www.europesays.com\/lv\/wp-json\/wp\/v2\/comments?post=78545"}],"version-history":[{"count":0,"href":"https:\/\/www.europesays.com\/lv\/wp-json\/wp\/v2\/posts\/78545\/revisions"}],"wp:featuredmedia":[{"embeddable":true,"href":"https:\/\/www.europesays.com\/lv\/wp-json\/wp\/v2\/media\/78546"}],"wp:attachment":[{"href":"https:\/\/www.europesays.com\/lv\/wp-json\/wp\/v2\/media?parent=78545"}],"wp:term":[{"taxonomy":"category","embeddable":true,"href":"https:\/\/www.europesays.com\/lv\/wp-json\/wp\/v2\/categories?post=78545"},{"taxonomy":"post_tag","embeddable":true,"href":"https:\/\/www.europesays.com\/lv\/wp-json\/wp\/v2\/tags?post=78545"}],"curies":[{"name":"wp","href":"https:\/\/api.w.org\/{rel}","templated":true}]}}