{"id":78670,"date":"2025-12-18T10:06:15","date_gmt":"2025-12-18T10:06:15","guid":{"rendered":"https:\/\/www.europesays.com\/lv\/78670\/"},"modified":"2025-12-18T10:06:15","modified_gmt":"2025-12-18T10:06:15","slug":"tramps-venecuelas-valdibu-pasludina-par-teroristu-grupejumu-sekas-sajutis-visa-pasaule-lente-lv","status":"publish","type":"post","link":"https:\/\/www.europesays.com\/lv\/78670\/","title":{"rendered":"Tramps Venecu\u0113las vald\u012bbu pasludina par teroristu grup\u0113jumu! Sekas sajut\u012bs vis\u0101 pasaul\u0113\u00a0\u2014\u00a0Lente.lv"},"content":{"rendered":"<p>Trampa administr\u0101cijas drastiskie so\u013ci pret Venecu\u0113las re\u017e\u012bmu un to glob\u0101l\u0101s sekas<\/p>\n<p>Prezidents Donalds Tramps ir veicis radik\u0101lu pav\u0113rsienu attiec\u012bb\u0101s ar Venecu\u0113lu, pasludinot t\u0101s pa\u0161reiz\u0113jo vald\u012bbu par \u0101rvalstu teroristu organiz\u0101ciju un pie\u0146emot l\u0113mumu piln\u012bb\u0101 blo\u0137\u0113t naftas tankku\u0123us, kas iebrauc vai izbrauc no valsts. K\u0101 inform\u0113 port\u0101ls NRA, \u0161is stingrais solis ir da\u013ca no pla\u0161\u0101kas strat\u0113\u0123ijas, kuras m\u0113r\u0137is ir izdar\u012bt spiedienu uz Nikolasa Maduro re\u017e\u012bmu, aps\u016bdzot to zagtu ASV akt\u012bvu izmanto\u0161an\u0101 terorisma, kontrabandas un citu noziedz\u012bgu darb\u012bbu finans\u0113\u0161anai. \u0160\u0101das darb\u012bbas var\u0113tu izrais\u012bt iev\u0113rojamas sekas ne tikai Venecu\u0113l\u0101, bet ar\u012b glob\u0101laj\u0101 ekonomik\u0101, \u012bpa\u0161i naftas tirg\u016b.<\/p>\n<p>Trampa administr\u0101cija ir izteikusi stingrus apgalvojumus, ka Venecu\u0113las nafta un citi resursi tiek nelikum\u012bgi izmantoti, lai uztur\u0113tu eso\u0161o re\u017e\u012bmu, finans\u0113tu narkoterorismu, cilv\u0113ku tirdzniec\u012bbu, slepkav\u012bbas un cilv\u0113ku nolaup\u012b\u0161anu. \u0160ie smagie aps\u016bdz\u0113jumi ir pamats l\u0113mumam par blok\u0101di, kas faktiski noz\u012bm\u0113 piln\u012bgu izol\u0101ciju naftas eksporta jom\u0101. Tramps sav\u0101 soci\u0101lo mediju platform\u0101 \u201cTruth Social\u201d nor\u0101d\u012bja uz iespaid\u012bgo milit\u0101ro arm\u0101du, kas sapulc\u0113ta ap Venecu\u0113lu, br\u012bdinot par \u0161oku, k\u0101du vi\u0146i nekad iepriek\u0161 nav pieredz\u0113ju\u0161i, l\u012bdz br\u012bdim, kad visas nozagt\u0101s ASV naftas, zemes un citas v\u0113rt\u012bbas tiks atgrieztas. \u0160\u0101di izteikumi liecina par ASV gatav\u012bbu izmantot visus pieejamos l\u012bdzek\u013cus, lai pan\u0101ktu savus m\u0113r\u0137us.<\/p>\n<p>Starptautisk\u0101s spriedzes un ekonomisk\u0101s sekas<\/p>\n<p>\u0160\u012bs drastisk\u0101s sankcijas un blok\u0101des pas\u0101kumi, protams, nepaliks bez sek\u0101m glob\u0101laj\u0101 l\u012bmen\u012b. Venecu\u0113lai pieder pasaul\u0113 liel\u0101k\u0101s pier\u0101d\u012bt\u0101s naftas rezerves, un t\u0101s ekonomika ir dzi\u013ci atkar\u012bga no naftas ie\u0146\u0113mumiem. Piln\u012bga eksporta blo\u0137\u0113\u0161ana var\u0113tu dramatiski ietekm\u0113t ne tikai Venecu\u0113las ekonomisko situ\u0101ciju, bet ar\u012b rad\u012bt sv\u0101rst\u012bbas pasaules naftas cen\u0101s. Tirgus anal\u012bti\u0137i jau prognoz\u0113 naftas cenu k\u0101pumu, kas savuk\u0101rt var\u0113tu sad\u0101rdzin\u0101t degvielu un citus naftas produktus vis\u0101 pasaul\u0113. Lai gan Venecu\u0113la l\u012bdz \u0161im ir centusies apiet sankcijas, p\u0101rdodot naftu ar atlaid\u0113m neleg\u0101laj\u0101 tirg\u016b, galvenok\u0101rt \u0136\u012bnai, jaunie pas\u0101kumi var\u0113tu iev\u0113rojami apgr\u016btin\u0101t \u0161\u012bs iesp\u0113jas.<\/p>\n<p>ASV nav vien\u012bg\u0101s, kas v\u0113rsu\u0161as uzman\u012bbu uz Venecu\u0113lu. Citviet pasaul\u0113 notiek spraigas diskusijas par starptautisko attiec\u012bbu dinamiku un \u0161\u012b re\u0123iona naftas resursu noz\u012bmi. Lai gan ASV ofici\u0101li skaidro savu milit\u0101ro kl\u0101tb\u016btni Kar\u012bbu j\u016bras re\u0123ion\u0101 ar c\u012b\u0146u pret narkotiku kontrabandu, Venecu\u0113las varasiest\u0101des un citi kriti\u0137i uzskata, ka patiesais m\u0113r\u0137is ir Maduro re\u017e\u012bma g\u0101\u0161ana un kontroles ieg\u016b\u0161ana p\u0101r valsts bag\u0101t\u012bgajiem dabas resursiem. Situ\u0101cija ir sare\u017e\u0123\u012bta, un da\u017e\u0101das valstis, tostarp Krievija un Baltkrievija, paudu\u0161as atbalstu Maduro re\u017e\u012bmam.<\/p>\n<p>ASV spiediens un Venecu\u0113las atbilde<\/p>\n<p>ASV ir ne tikai pastiprin\u0101ju\u0161as savu milit\u0101ro kl\u0101tb\u016btni Kar\u012bbu re\u0123ion\u0101, bet ar\u012b noteiku\u0161as sankcijas pret Maduro radiniekiem un vi\u0146a re\u017e\u012bmam saist\u012btiem uz\u0146\u0113mumiem. Tiek zi\u0146ots, ka ASV administr\u0101cija pat apsver r\u012bc\u012bbas pl\u0101nus gad\u012bjumam, ja Maduro atst\u0101tu amatu, m\u0113\u0123inot stabiliz\u0113t situ\u0101ciju valst\u012b un aizpild\u012bt potenci\u0101lo varas vakuumu. Venecu\u0113las vald\u012bba \u0161os pas\u0101kumus raksturo k\u0101 \u201cstarptautisku pir\u0101tismu\u201d un pl\u0101no situ\u0101ciju izskat\u012bt Apvienotaj\u0101s N\u0101cij\u0101s. Vi\u0146i uzskata, ka Trampa darb\u012bbas ir piln\u012bgi iracion\u0101las un v\u0113rstas uz Venecu\u0113las bag\u0101t\u012bbu z\u0101dz\u012bbu.<\/p>\n<p>\u0160\u012b spriedze ASV un Venecu\u0113las attiec\u012bb\u0101s ir augusi jau ilgu laiku. Trampa administr\u0101cija ir aps\u016bdz\u0113jusi Maduro, ka vi\u0146\u0161 vada \u201cnarkoteroristu\u201d valsti un pat izsludin\u0101jusi atl\u012bdz\u012bbu par vi\u0146a notver\u0161anu. Neskatoties uz ASV centieniem, Venecu\u0113las vald\u012bba ir paudusi gatav\u012bbu atvair\u012bt ASV milit\u0101ros uzbrukumus. Turkl\u0101t, \u0146emot v\u0113r\u0101 Venecu\u0113las v\u0113sturisko pieredzi ar nacionaliz\u0101ciju, nav izsl\u0113gts, ka \u0161\u0101di politiski so\u013ci var\u0113tu izrais\u012bt v\u0113l liel\u0101ku nestabilit\u0101ti un pat potenci\u0101lu pilso\u0146u karu, ja Maduro re\u017e\u012bms sabruktu. Eksperti br\u012bdina par iesp\u0113jamu b\u0113g\u013cu kr\u012bzi un pla\u0161\u0101ku nestabilit\u0101ti re\u0123ion\u0101.<\/p>\n<p>Situ\u0101cija ir nep\u0101rredzama, un t\u0101s t\u0101l\u0101k\u0101s sekas b\u016bs j\u016btamas ne tikai Venecu\u0113l\u0101, bet vis\u0101 pasaul\u0113, \u012bpa\u0161i naftas tirg\u016b. \u0160is ir sare\u017e\u0123\u012bts politisks un ekonomisks konflikts, kas cie\u0161i saist\u012bts ar re\u0123iona dabas resursiem un starptautisko attiec\u012bbu dinamiku. Turpm\u0101kie notikumi sekos l\u012bdzi.<\/p>\n","protected":false},"excerpt":{"rendered":"Trampa administr\u0101cijas drastiskie so\u013ci pret Venecu\u0113las re\u017e\u012bmu un to glob\u0101l\u0101s sekas Prezidents Donalds Tramps ir veicis radik\u0101lu pav\u0113rsienu&hellip;\n","protected":false},"author":2,"featured_media":78671,"comment_status":"","ping_status":"","sticky":false,"template":"","format":"standard","meta":{"footnotes":""},"categories":[14],"tags":[23,57,9445,28,29,32,33,22,30,31,35,39,38,36,37,34,40,19315,9600,20,26,27,24,25,6079,358,54,55,56,21,58],"class_list":{"0":"post-78670","1":"post","2":"type-post","3":"status-publish","4":"format-standard","5":"has-post-thumbnail","7":"category-zinas-no-arvalstim","8":"tag-aktualitates","9":"tag-arvalstim","10":"tag-asv-sankcijas","11":"tag-breaking-news","12":"tag-breakingnews","13":"tag-featured-news","14":"tag-featurednews","15":"tag-headlines","16":"tag-latest-news","17":"tag-latestnews","18":"tag-latvia","19":"tag-latvian","20":"tag-latviesu","21":"tag-latviesu-valoda","22":"tag-latviesuvaloda","23":"tag-latvija","24":"tag-lv","25":"tag-maduro","26":"tag-naftas-cenas","27":"tag-news","28":"tag-popularakas-zinas","29":"tag-popularakaszinas","30":"tag-top-stories","31":"tag-topstories","32":"tag-tramps","33":"tag-venecuela","34":"tag-world","35":"tag-world-news","36":"tag-worldnews","37":"tag-zinas","38":"tag-zinas-no-arvalstim"},"share_on_mastodon":{"url":"https:\/\/pubeurope.com\/@lv\/115740015652595047","error":""},"_links":{"self":[{"href":"https:\/\/www.europesays.com\/lv\/wp-json\/wp\/v2\/posts\/78670","targetHints":{"allow":["GET"]}}],"collection":[{"href":"https:\/\/www.europesays.com\/lv\/wp-json\/wp\/v2\/posts"}],"about":[{"href":"https:\/\/www.europesays.com\/lv\/wp-json\/wp\/v2\/types\/post"}],"author":[{"embeddable":true,"href":"https:\/\/www.europesays.com\/lv\/wp-json\/wp\/v2\/users\/2"}],"replies":[{"embeddable":true,"href":"https:\/\/www.europesays.com\/lv\/wp-json\/wp\/v2\/comments?post=78670"}],"version-history":[{"count":0,"href":"https:\/\/www.europesays.com\/lv\/wp-json\/wp\/v2\/posts\/78670\/revisions"}],"wp:featuredmedia":[{"embeddable":true,"href":"https:\/\/www.europesays.com\/lv\/wp-json\/wp\/v2\/media\/78671"}],"wp:attachment":[{"href":"https:\/\/www.europesays.com\/lv\/wp-json\/wp\/v2\/media?parent=78670"}],"wp:term":[{"taxonomy":"category","embeddable":true,"href":"https:\/\/www.europesays.com\/lv\/wp-json\/wp\/v2\/categories?post=78670"},{"taxonomy":"post_tag","embeddable":true,"href":"https:\/\/www.europesays.com\/lv\/wp-json\/wp\/v2\/tags?post=78670"}],"curies":[{"name":"wp","href":"https:\/\/api.w.org\/{rel}","templated":true}]}}