{"id":78711,"date":"2025-12-18T10:33:08","date_gmt":"2025-12-18T10:33:08","guid":{"rendered":"https:\/\/www.europesays.com\/lv\/78711\/"},"modified":"2025-12-18T10:33:08","modified_gmt":"2025-12-18T10:33:08","slug":"noskaties-%e2%9f%a9-klaja-nacis-rezisora-dz-dz-dzilindzera-melnas-komedijas-perfektie-kaceklis","status":"publish","type":"post","link":"https:\/\/www.europesays.com\/lv\/78711\/","title":{"rendered":"NOSKATIES! \u27e9 Klaj\u0101 n\u0101cis re\u017eisora D\u017e. D\u017e. D\u017eilind\u017eera meln\u0101s kom\u0113dijas \u201cPerfektie\u201d kaceklis"},"content":{"rendered":"<p>Video: \u201cPerfektie\u201d kaceklis<\/p>\n<p><a href=\"https:\/\/sejas.tvnet.lv\/term\/570324\/filmas\" class=\"topicLink\" target=\"_blank\" rel=\"nofollow noopener\">Filmas<\/a> \u201cPerfektie\u201d st\u0101sts s\u0101kas pilnm\u0113ness aptumsuma nakt\u012b, kad septi\u0146i seni draugi san\u0101k kop\u012bg\u0101s vakari\u0146\u0101s. Vakara gait\u0101 k\u0101ds ierosina sp\u0113li, kur\u0101 ikviens noliek savu telefonu uz galda un sola dal\u012bties ar vis\u0101m ien\u0101ko\u0161aj\u0101m zi\u0146\u0101m un zvaniem. S\u0101kum\u0101 nevain\u012bg\u0101 sp\u0113le \u0161\u0137iet nekait\u012bgs joks, jo katrs ir p\u0101rliecin\u0101ts, ka vi\u0146am nav, ko sl\u0113pt. Bet vai t\u0101 tie\u0161\u0101m ir?<\/p>\n<p>Par filmas \u201cPerfektie\u201d st\u0101stu un t\u0101 emocion\u0101lo \u0161\u0137autni dal\u0101s aktrise <a href=\"https:\/\/sejas.tvnet.lv\/term\/556778\/darta-danevica\" class=\"topicLink\" target=\"_blank\" rel=\"nofollow noopener\">D\u0101rta Danevi\u010da<\/a>, uzsverot filmas univers\u0101lo v\u0113st\u012bjumu: \u201c\u0160\u012b filma ir atg\u0101din\u0101jums, ka neeksist\u0113 perfektas \u0123imenes un nevainojamas dz\u012bves. M\u0113s nekad patiesi nezin\u0101m, kas sl\u0113pjas aiz skaistaj\u0101m m\u0101ju fas\u0101d\u0113m un sakoptaj\u0101m sej\u0101m. Ikvienam ir savas probl\u0113mas, savi izaicin\u0101jumi un, j\u0101, ar\u012b savi nosl\u0113pumi. \u201cPerfektie\u201d ir k\u0101 dro\u0161s logs, caur kuru ieskat\u012bties citu dz\u012bv\u0113 un vienlaikus ieraudz\u012bt m\u016bs pa\u0161us. Varb\u016bt k\u0101ds no varo\u0146iem ir m\u016bsu pa\u0161u atspulgs, l\u012bdzinieks k\u0101dam raksturam, l\u0113mumam vai situ\u0101cijai. Filma liek sev pajaut\u0101t: kur\u0161 tad m\u0113s katrs esam \u0161aj\u0101 st\u0101st\u0101 un k\u0101p\u0113c?\u201d<\/p>\n","protected":false},"excerpt":{"rendered":"Video: \u201cPerfektie\u201d kaceklis Filmas \u201cPerfektie\u201d st\u0101sts s\u0101kas pilnm\u0113ness aptumsuma nakt\u012b, kad septi\u0146i seni draugi san\u0101k kop\u012bg\u0101s vakari\u0146\u0101s. Vakara&hellip;\n","protected":false},"author":2,"featured_media":78712,"comment_status":"","ping_status":"","sticky":false,"template":"","format":"standard","meta":{"footnotes":""},"categories":[19],"tags":[19835,7305,19833,1551,89,2356,429,90,8316,1226,35,39,38,36,37,34,1552,40,19834],"class_list":{"0":"post-78711","1":"post","2":"type-post","3":"status-publish","4":"format-standard","5":"has-post-thumbnail","7":"category-izklaide","8":"tag-anete-kursite","9":"tag-dainis-grube","10":"tag-darta-danevica","11":"tag-dz-dz-dzilindzers","12":"tag-entertainment","13":"tag-filmas","14":"tag-intars-resetins-petersons","15":"tag-izklaide","16":"tag-janis-amanis","17":"tag-kino","18":"tag-latvia","19":"tag-latvian","20":"tag-latviesu","21":"tag-latviesu-valoda","22":"tag-latviesuvaloda","23":"tag-latvija","24":"tag-linda-kalnina","25":"tag-lv","26":"tag-martins-egliens"},"share_on_mastodon":{"url":"https:\/\/pubeurope.com\/@lv\/115740121803109668","error":""},"_links":{"self":[{"href":"https:\/\/www.europesays.com\/lv\/wp-json\/wp\/v2\/posts\/78711","targetHints":{"allow":["GET"]}}],"collection":[{"href":"https:\/\/www.europesays.com\/lv\/wp-json\/wp\/v2\/posts"}],"about":[{"href":"https:\/\/www.europesays.com\/lv\/wp-json\/wp\/v2\/types\/post"}],"author":[{"embeddable":true,"href":"https:\/\/www.europesays.com\/lv\/wp-json\/wp\/v2\/users\/2"}],"replies":[{"embeddable":true,"href":"https:\/\/www.europesays.com\/lv\/wp-json\/wp\/v2\/comments?post=78711"}],"version-history":[{"count":0,"href":"https:\/\/www.europesays.com\/lv\/wp-json\/wp\/v2\/posts\/78711\/revisions"}],"wp:featuredmedia":[{"embeddable":true,"href":"https:\/\/www.europesays.com\/lv\/wp-json\/wp\/v2\/media\/78712"}],"wp:attachment":[{"href":"https:\/\/www.europesays.com\/lv\/wp-json\/wp\/v2\/media?parent=78711"}],"wp:term":[{"taxonomy":"category","embeddable":true,"href":"https:\/\/www.europesays.com\/lv\/wp-json\/wp\/v2\/categories?post=78711"},{"taxonomy":"post_tag","embeddable":true,"href":"https:\/\/www.europesays.com\/lv\/wp-json\/wp\/v2\/tags?post=78711"}],"curies":[{"name":"wp","href":"https:\/\/api.w.org\/{rel}","templated":true}]}}