{"id":78795,"date":"2025-12-18T11:42:28","date_gmt":"2025-12-18T11:42:28","guid":{"rendered":"https:\/\/www.europesays.com\/lv\/78795\/"},"modified":"2025-12-18T11:42:28","modified_gmt":"2025-12-18T11:42:28","slug":"krievija-noraida-ideju-par-pamieru-ziemassvetku-laika","status":"publish","type":"post","link":"https:\/\/www.europesays.com\/lv\/78795\/","title":{"rendered":"Krievija noraida ideju par pamieru Ziemassv\u0113tku laik\u0101"},"content":{"rendered":"<p>Krem\u013ca preses p\u0101rst\u0101vis <a href=\"https:\/\/www.tvnet.lv\/term\/645492\/dmitrijs-peskovs\" class=\"topicLink\" target=\"_blank\" rel=\"nofollow noopener\">Dmitrijs Peskovs<\/a> pazi\u0146oja, ka Krievija v\u0113las &#8220;nevis pamieru, kas dotu Kijivai atelpu un iesp\u0113ju sagatavoties kara turpin\u0101\u0161anai, bet pilnv\u0113rt\u012bgu mieru&#8221;. P\u0113c Peskova teikt\u0101, Maskavas nost\u0101ja &#8220;ir labi zin\u0101ma gan ASV, gan Ukrain\u0101&#8221;.<\/p>\n<p>Peskovs uzsv\u0113ra, ka Krievija v\u0113las sasniegt savus m\u0113r\u0137us un nav gatava piedal\u012bties &#8220;\u012bstermi\u0146a neder\u012bgos risin\u0101jumos&#8221;.<\/p>\n<p>V\u0101cijas kanclers Fr\u012bdrihs Mercs ierosin\u0101ja Krievijai nosl\u0113gt pamieru uz Ziemassv\u0113tku laiku, pau\u017eot cer\u012bbu, ka Krievijas varasiest\u0101d\u0113m v\u0113l ir paliku\u0161as &#8220;cilv\u0113c\u012bbas atliekas un t\u0101s var atst\u0101t cilv\u0113kus da\u017eas dienas mier\u0101&#8221;.<\/p>\n<p>Prezidents Volodimirs Zelenskis pazi\u0146oja, ka Ukraina un ASV atbalsta ideju par pamieru Ziemassv\u0113tku un Jaun\u0101 gada br\u012bvdien\u0101s, bet viss ir atkar\u012bgs no Krievijas politisk\u0101s gribas.<\/p>\n","protected":false},"excerpt":{"rendered":"Krem\u013ca preses p\u0101rst\u0101vis Dmitrijs Peskovs pazi\u0146oja, ka Krievija v\u0113las &#8220;nevis pamieru, kas dotu Kijivai atelpu un iesp\u0113ju sagatavoties&hellip;\n","protected":false},"author":2,"featured_media":78796,"comment_status":"","ping_status":"","sticky":false,"template":"","format":"standard","meta":{"footnotes":""},"categories":[14],"tags":[23,57,28,29,3439,32,33,22,74,30,31,35,39,38,36,37,34,40,20,26,27,2550,24,25,1326,54,55,56,21,58],"class_list":{"0":"post-78795","1":"post","2":"type-post","3":"status-publish","4":"format-standard","5":"has-post-thumbnail","7":"category-zinas-no-arvalstim","8":"tag-aktualitates","9":"tag-arvalstim","10":"tag-breaking-news","11":"tag-breakingnews","12":"tag-dmitrijs-peskovs","13":"tag-featured-news","14":"tag-featurednews","15":"tag-headlines","16":"tag-krievijas-iebrukums-ukraina","17":"tag-latest-news","18":"tag-latestnews","19":"tag-latvia","20":"tag-latvian","21":"tag-latviesu","22":"tag-latviesu-valoda","23":"tag-latviesuvaloda","24":"tag-latvija","25":"tag-lv","26":"tag-news","27":"tag-popularakas-zinas","28":"tag-popularakaszinas","29":"tag-propaganda","30":"tag-top-stories","31":"tag-topstories","32":"tag-totalitarisms","33":"tag-world","34":"tag-world-news","35":"tag-worldnews","36":"tag-zinas","37":"tag-zinas-no-arvalstim"},"share_on_mastodon":{"url":"https:\/\/pubeurope.com\/@lv\/115740393113537263","error":""},"_links":{"self":[{"href":"https:\/\/www.europesays.com\/lv\/wp-json\/wp\/v2\/posts\/78795","targetHints":{"allow":["GET"]}}],"collection":[{"href":"https:\/\/www.europesays.com\/lv\/wp-json\/wp\/v2\/posts"}],"about":[{"href":"https:\/\/www.europesays.com\/lv\/wp-json\/wp\/v2\/types\/post"}],"author":[{"embeddable":true,"href":"https:\/\/www.europesays.com\/lv\/wp-json\/wp\/v2\/users\/2"}],"replies":[{"embeddable":true,"href":"https:\/\/www.europesays.com\/lv\/wp-json\/wp\/v2\/comments?post=78795"}],"version-history":[{"count":0,"href":"https:\/\/www.europesays.com\/lv\/wp-json\/wp\/v2\/posts\/78795\/revisions"}],"wp:featuredmedia":[{"embeddable":true,"href":"https:\/\/www.europesays.com\/lv\/wp-json\/wp\/v2\/media\/78796"}],"wp:attachment":[{"href":"https:\/\/www.europesays.com\/lv\/wp-json\/wp\/v2\/media?parent=78795"}],"wp:term":[{"taxonomy":"category","embeddable":true,"href":"https:\/\/www.europesays.com\/lv\/wp-json\/wp\/v2\/categories?post=78795"},{"taxonomy":"post_tag","embeddable":true,"href":"https:\/\/www.europesays.com\/lv\/wp-json\/wp\/v2\/tags?post=78795"}],"curies":[{"name":"wp","href":"https:\/\/api.w.org\/{rel}","templated":true}]}}