{"id":78822,"date":"2025-12-18T12:10:11","date_gmt":"2025-12-18T12:10:11","guid":{"rendered":"https:\/\/www.europesays.com\/lv\/78822\/"},"modified":"2025-12-18T12:10:11","modified_gmt":"2025-12-18T12:10:11","slug":"riga-tragiski-miris-18-gadus-vecs-students-no-ganas-vina-masa-uzskata-ka-bralis-ticis-nogalinats","status":"publish","type":"post","link":"https:\/\/www.europesays.com\/lv\/78822\/","title":{"rendered":"R\u012bg\u0101 tra\u0123iski miris 18 gadus vecs students no Ganas. Vi\u0146a m\u0101sa uzskata, ka br\u0101lis ticis nogalin\u0101ts"},"content":{"rendered":"<p>\u0160\u012b gada j\u016bnij\u0101 R\u012bg\u0101 tra\u0123iskos apst\u0101k\u013cos nomira 18 gadus vecs Ganas pilsonis. Jaunietis, kur\u0161 stud\u0113ja in\u017eenieriju R\u012bgas Tehniskaj\u0101 universit\u0101t\u0113, izkritis no sava dz\u012bvok\u013ca loga Bazn\u012bcas iel\u0101. Studenta m\u0101sa soci\u0101lajos t\u012bklos public\u0113jusi vair\u0101kus desmitus video, kuros uzst\u0101j, ka vi\u0146as br\u0101lis ticis nogalin\u0101ts. K\u0101dus pier\u0101d\u012bjumus izvirza miru\u0161\u0101 m\u0101sa, un kas par notiku\u0161o sak\u0101ms Valsts policijai un RTU?<\/p>\n","protected":false},"excerpt":{"rendered":"\u0160\u012b gada j\u016bnij\u0101 R\u012bg\u0101 tra\u0123iskos apst\u0101k\u013cos nomira 18 gadus vecs Ganas pilsonis. Jaunietis, kur\u0161 stud\u0113ja in\u017eenieriju R\u012bgas Tehniskaj\u0101&hellip;\n","protected":false},"author":2,"featured_media":78823,"comment_status":"","ping_status":"","sticky":false,"template":"","format":"standard","meta":{"footnotes":""},"categories":[5],"tags":[23,28,29,32,33,22,30,31,35,39,38,36,37,34,40,20,26,27,19010,595,24,25,21],"class_list":{"0":"post-78822","1":"post","2":"type-post","3":"status-publish","4":"format-standard","5":"has-post-thumbnail","7":"category-aktualitates","8":"tag-aktualitates","9":"tag-breaking-news","10":"tag-breakingnews","11":"tag-featured-news","12":"tag-featurednews","13":"tag-headlines","14":"tag-latest-news","15":"tag-latestnews","16":"tag-latvia","17":"tag-latvian","18":"tag-latviesu","19":"tag-latviesu-valoda","20":"tag-latviesuvaloda","21":"tag-latvija","22":"tag-lv","23":"tag-news","24":"tag-popularakas-zinas","25":"tag-popularakaszinas","26":"tag-rigas-tehniska-universitate","27":"tag-slepkaviba","28":"tag-top-stories","29":"tag-topstories","30":"tag-zinas"},"share_on_mastodon":{"url":"https:\/\/pubeurope.com\/@lv\/115740503139498699","error":""},"_links":{"self":[{"href":"https:\/\/www.europesays.com\/lv\/wp-json\/wp\/v2\/posts\/78822","targetHints":{"allow":["GET"]}}],"collection":[{"href":"https:\/\/www.europesays.com\/lv\/wp-json\/wp\/v2\/posts"}],"about":[{"href":"https:\/\/www.europesays.com\/lv\/wp-json\/wp\/v2\/types\/post"}],"author":[{"embeddable":true,"href":"https:\/\/www.europesays.com\/lv\/wp-json\/wp\/v2\/users\/2"}],"replies":[{"embeddable":true,"href":"https:\/\/www.europesays.com\/lv\/wp-json\/wp\/v2\/comments?post=78822"}],"version-history":[{"count":0,"href":"https:\/\/www.europesays.com\/lv\/wp-json\/wp\/v2\/posts\/78822\/revisions"}],"wp:featuredmedia":[{"embeddable":true,"href":"https:\/\/www.europesays.com\/lv\/wp-json\/wp\/v2\/media\/78823"}],"wp:attachment":[{"href":"https:\/\/www.europesays.com\/lv\/wp-json\/wp\/v2\/media?parent=78822"}],"wp:term":[{"taxonomy":"category","embeddable":true,"href":"https:\/\/www.europesays.com\/lv\/wp-json\/wp\/v2\/categories?post=78822"},{"taxonomy":"post_tag","embeddable":true,"href":"https:\/\/www.europesays.com\/lv\/wp-json\/wp\/v2\/tags?post=78822"}],"curies":[{"name":"wp","href":"https:\/\/api.w.org\/{rel}","templated":true}]}}