{"id":78848,"date":"2025-12-18T12:32:22","date_gmt":"2025-12-18T12:32:22","guid":{"rendered":"https:\/\/www.europesays.com\/lv\/78848\/"},"modified":"2025-12-18T12:32:22","modified_gmt":"2025-12-18T12:32:22","slug":"parlaments-un-dalibvalstis-sakivejas-par-mercosur-liguma-nosacijumiem-lente-lv","status":"publish","type":"post","link":"https:\/\/www.europesays.com\/lv\/78848\/","title":{"rendered":"Parlaments un dal\u012bbvalstis sa\u0137\u012bv\u0113jas par Mercosur l\u012bguma nosac\u012bjumiem\u00a0\u2014\u00a0Lente.lv"},"content":{"rendered":"<p>ES instit\u016bciju un dal\u012bbvalstu domstarp\u012bbas par zemnieku aizsardz\u012bbu Mercosur l\u012bgum\u0101<\/p>\n<p>Eiropas Parlaments ir apstiprin\u0101jis str\u012bd\u012bgu &#8220;reciprocit\u0101tes klauzulu&#8221;, kas var\u0113tu izjaukt ES un Mercosur tirdzniec\u012bbas vieno\u0161anos. K\u0101 inform\u0113 telekan\u0101ls EuroNews, Eiropas likumdev\u0113ji un ES vald\u012bbas saskaras ar konfliktu par to, cik t\u0101lu iet zemnieku aizsardz\u012bb\u0101 saska\u0146\u0101 ar Mercosur tirdzniec\u012bbas nol\u012bgumu. Parlament\u0101rie\u0161i ir atbalst\u012bju\u0161i dro\u0161\u012bbas klauzulu vieno\u0161an\u0101s stiprin\u0101\u0161anai, kas paredz pastiprin\u0101tu ES tirgus uzraudz\u012bbu gad\u012bjum\u0101, ja no Lat\u012b\u0146amerikas iepl\u016bst liels daudzums importa pre\u010du, \u013caujot aptur\u0113t muitas tarifu samazin\u0101\u0161anu, ja rodas nopietni trauc\u0113jumi. \u0160is pas\u0101kums, ko apstiprin\u0101ju\u0161i likumdev\u0113ji, ietver ar\u012b groz\u012bjumu, kas pieprasa Mercosur produktiem atbilst ES vides un vesel\u012bbas ra\u017eo\u0161anas standartiem \u2013 soli, kas ir pretrun\u0101 ar jau dal\u012bbvalstu apstiprin\u0101tajiem garantij\u0101m.<\/p>\n<p>Divas nometnes tirdzniec\u012bbas vieno\u0161an\u0101<\/p>\n<p>\u0160\u012b vieno\u0161an\u0101s, kas pan\u0101kta 2024. gad\u0101, ir rad\u012bjusi dzi\u013cas domstarp\u012bbas Eirop\u0101. Savuk\u0101rt ES zemnieki apgalvo, ka vieno\u0161an\u0101s vi\u0146us pak\u013caus netaisn\u012bgai konkurencei no Lat\u012b\u0146amerikas importa, kam\u0113r atbalst\u012bt\u0101ji uzskata, ka t\u0101 atv\u0113rs jaunus, ES ekonomikai vit\u0101li svar\u012bgus tirgus. &#8220;Dro\u0161\u012bbas klauzulas un spogu\u013cklauzulas ir savstarp\u0113ji papildino\u0161as: tirgu nevar aizsarg\u0101t tikai balstoties uz apjomiem un cen\u0101m, nepasarg\u0101jot m\u016bsu zemniekus no netaisn\u012bgas konkurences. Viss p\u0101r\u0113jais ir tikai d\u016bmi un spogu\u013ci,&#8221; uzsv\u0113ra be\u013c\u0123u eiroparlament\u0101rietis Beno\u012bts Kasarts (Renew), kur\u0161 iest\u0101j\u0101s par groz\u012bjumu ievie\u0161anu.<\/p>\n<p>Dal\u012bbvalstis mekl\u0113 kompromisu<\/p>\n<p>Mercosur vieno\u0161an\u0101s, kas pan\u0101kta starp Eiropas Komisiju un Argent\u012bnu, Braz\u012bliju, Paragvaju un Urugvaju, m\u0113r\u0137is ir izveidot transatlantisku br\u012bv\u0101s tirdzniec\u012bbas zonu, kas aptvertu 700 miljonus cilv\u0113ku. Komisijas dro\u0161\u012bbas klauzula guva dal\u012bbvalstu atbalstu novembr\u012b, un 27 dal\u012bbvalstis sagaid\u0101mas balsot par pilnu vieno\u0161anos \u0161oned\u0113\u013c. Tom\u0113r atbalsts dro\u0161\u012bbas klauzul\u0101m nenoz\u012bm\u0113 visas vieno\u0161an\u0101s apstiprin\u0101\u0161anu kopum\u0101. Oponenti nor\u0101da, ka vi\u0146i ir atbalst\u012bju\u0161i pas\u0101kumus tikai t\u0101p\u0113c, lai nodro\u0161in\u0101tu lab\u0101ku zemnieku aizsardz\u012bbu, ja vieno\u0161an\u0101s galu gal\u0101 st\u0101sies sp\u0113k\u0101.<\/p>\n<p>Galvenais str\u012bdus objekts \u2013 reciprocit\u0101tes klauzula<\/p>\n<p>Galvenais str\u012bdus objekts tagad ir eiroparlament\u0101rie\u0161u virz\u012bt\u0101 &#8220;reciprocit\u0101tes klauzula&#8221;, kas uzliktu ES ra\u017eo\u0161anas standartus Mercosur prec\u0113m \u2013 \u0161is noteikums nav iek\u013cauts dal\u012bbvalstu apstiprin\u0101taj\u0101 tekst\u0101. Sarunas starp ES likumdev\u0113jiem un vald\u012bb\u0101m, lai rastu risin\u0101jumu, pl\u0101notas s\u0101kt tre\u0161dienas p\u0113cpusdien\u0101. Rezult\u0101ts var\u0113tu izrais\u012bt v\u0113l liel\u0101kas dusmas ES zemnieku vid\u016b, kuri pl\u0101no protest\u0113t ceturtdien ES samita laik\u0101, apgalvojot, ka dro\u0161\u012bbas pas\u0101kumi ir nepietiekami. Sv\u0113tdien Francija aicin\u0101ja atlikt balsojumu par pilnu vieno\u0161anos. Francijas zemnieki ir nikni par vald\u012bbas r\u012bc\u012bbu saist\u012bb\u0101 ar ritu\u0101\u013ck\u0101ju slim\u012bbu \u2013 \u013coti lip\u012bgu liellopu v\u012brusu. Dro\u0161\u012bbas un reciprocit\u0101tes klauzulas jau sen ir biju\u0161as Par\u012bzes galven\u0101s pras\u012bbas.<\/p>\n","protected":false},"excerpt":{"rendered":"ES instit\u016bciju un dal\u012bbvalstu domstarp\u012bbas par zemnieku aizsardz\u012bbu Mercosur l\u012bgum\u0101 Eiropas Parlaments ir apstiprin\u0101jis str\u012bd\u012bgu &#8220;reciprocit\u0101tes klauzulu&#8221;, kas&hellip;\n","protected":false},"author":2,"featured_media":78849,"comment_status":"","ping_status":"","sticky":false,"template":"","format":"standard","meta":{"footnotes":""},"categories":[14],"tags":[23,57,28,29,5688,19852,32,33,22,30,31,35,39,38,36,37,34,40,19702,20,26,27,19854,24,25,54,55,56,19853,21,58],"class_list":{"0":"post-78848","1":"post","2":"type-post","3":"status-publish","4":"format-standard","5":"has-post-thumbnail","7":"category-zinas-no-arvalstim","8":"tag-aktualitates","9":"tag-arvalstim","10":"tag-breaking-news","11":"tag-breakingnews","12":"tag-eiropas-parlaments","13":"tag-es-dalibvalstis","14":"tag-featured-news","15":"tag-featurednews","16":"tag-headlines","17":"tag-latest-news","18":"tag-latestnews","19":"tag-latvia","20":"tag-latvian","21":"tag-latviesu","22":"tag-latviesu-valoda","23":"tag-latviesuvaloda","24":"tag-latvija","25":"tag-lv","26":"tag-mercosur-ligums","27":"tag-news","28":"tag-popularakas-zinas","29":"tag-popularakaszinas","30":"tag-tirdzniecibas-vienosanas","31":"tag-top-stories","32":"tag-topstories","33":"tag-world","34":"tag-world-news","35":"tag-worldnews","36":"tag-zemnieku-aizsardziba","37":"tag-zinas","38":"tag-zinas-no-arvalstim"},"share_on_mastodon":{"url":"","error":"Validation failed: Text character limit of 500 exceeded"},"_links":{"self":[{"href":"https:\/\/www.europesays.com\/lv\/wp-json\/wp\/v2\/posts\/78848","targetHints":{"allow":["GET"]}}],"collection":[{"href":"https:\/\/www.europesays.com\/lv\/wp-json\/wp\/v2\/posts"}],"about":[{"href":"https:\/\/www.europesays.com\/lv\/wp-json\/wp\/v2\/types\/post"}],"author":[{"embeddable":true,"href":"https:\/\/www.europesays.com\/lv\/wp-json\/wp\/v2\/users\/2"}],"replies":[{"embeddable":true,"href":"https:\/\/www.europesays.com\/lv\/wp-json\/wp\/v2\/comments?post=78848"}],"version-history":[{"count":0,"href":"https:\/\/www.europesays.com\/lv\/wp-json\/wp\/v2\/posts\/78848\/revisions"}],"wp:featuredmedia":[{"embeddable":true,"href":"https:\/\/www.europesays.com\/lv\/wp-json\/wp\/v2\/media\/78849"}],"wp:attachment":[{"href":"https:\/\/www.europesays.com\/lv\/wp-json\/wp\/v2\/media?parent=78848"}],"wp:term":[{"taxonomy":"category","embeddable":true,"href":"https:\/\/www.europesays.com\/lv\/wp-json\/wp\/v2\/categories?post=78848"},{"taxonomy":"post_tag","embeddable":true,"href":"https:\/\/www.europesays.com\/lv\/wp-json\/wp\/v2\/tags?post=78848"}],"curies":[{"name":"wp","href":"https:\/\/api.w.org\/{rel}","templated":true}]}}