{"id":78852,"date":"2025-12-18T12:34:14","date_gmt":"2025-12-18T12:34:14","guid":{"rendered":"https:\/\/www.europesays.com\/lv\/78852\/"},"modified":"2025-12-18T12:34:14","modified_gmt":"2025-12-18T12:34:14","slug":"ploka-nesaskata-iemeslu-atkapties-no-sif-vadibas","status":"publish","type":"post","link":"https:\/\/www.europesays.com\/lv\/78852\/","title":{"rendered":"Ploka nesaskata iemeslu atk\u0101pties no SIF vad\u012bbas"},"content":{"rendered":"<p>Neskatoties uz Latvijas \u017durn\u0101listu asoci\u0101cijas (L\u017dA) izteikto neuztic\u012bbu Sabiedr\u012bbas integr\u0101cijas fonda (SIF) padomes priek\u0161s\u0113d\u0113t\u0101jai Karinai Plokai, vi\u0146a pati nesaskata iemeslu atk\u0101pjas no amata.<\/p>\n<p>Ploka a\u0123ent\u016brai LETA uzsv\u0113ra, ka vi\u0146as k\u0101 SIF padomes vad\u012bt\u0101jas darbs Mediju atbalsta fonda (MAF) nolikumu izv\u0113rt\u0113\u0161an\u0101 balst\u0101s uz atkl\u0101tu un profesion\u0101lu dialogu ar nozari.<\/p>\n<p>Vi\u0146a pauda, ka, lemjot par MAF nolikumiem, SIF padome sistem\u0101tiski konsult\u0113jas gan ar mediju nozares p\u0101rst\u0101vjiem, gan ar uz\u0146\u0113m\u0113ju organiz\u0101cij\u0101m un to p\u0101rst\u0101vjiem, k\u0101 ar\u012b ar L\u017dA.<\/p>\n<p>V\u0113l 7. novembr\u012b SIF padome kl\u0101tien\u0113 tik\u0101s ar da\u017e\u0101du mediju veidu &#8211; nacion\u0101lo, re\u0123ion\u0101lo un raidorganiz\u0101ciju &#8211; p\u0101rst\u0101vjiem, tostarp ar\u012b ar L\u017dA vad\u012bbu. Ploka uzsver, ka tik\u0161an\u0101s laik\u0101 SIF padome uzklaus\u012bja nozares viedok\u013cus un priek\u0161likumus par MAF n\u0101kotnes att\u012bst\u012bbu. \u0160aj\u0101 diskusij\u0101 kl\u0101tien\u0113 piedal\u012bj\u0101s Latvijas \u017durn\u0101listu asoci\u0101cijas priek\u0161s\u0113d\u0113t\u0101ja Anastasija Tetarenko-Supe un Toms Ostrovskis.<\/p>\n<p>&#8220;Lai nodro\u0161in\u0101tu l\u012bdzsvarotus, ilgtsp\u0113j\u012bgus un nozares att\u012bst\u012bbai atbilsto\u0161us l\u0113mumus, SIF padome turpina dialogu ar\u012b ar citiem iesaist\u012btajiem partneriem. \u0160\u0101da daudzpus\u012bga konsult\u0113\u0161an\u0101s ir atbild\u012bga prakse, jo MAF l\u0113mumi ietekm\u0113 visu Latvijas mediju vidi un pla\u0161u iesaist\u012bto pu\u0161u loku,&#8221; teica Ploka.<\/p>\n<p>Vi\u0146a ar\u012b nor\u0101d\u012bja, ka SIF padome apzin\u0101ti izvair\u0101s no \u0161auras vai vienpus\u0113jas pieejas, lai mazin\u0101tu riskus un nov\u0113rstu iesp\u0113jam\u0101s k\u013c\u016bmes n\u0101kotn\u0113.<\/p>\n<p>Ploka skaidro, ka SIF padomes m\u0113r\u0137is ir nodro\u0161in\u0101t kvalitat\u012bvu, skaidru un ilgtsp\u0113j\u012bgu MAF regul\u0113jumu, kas stiprina mediju daudzveid\u012bbu, kvalit\u0101ti un sabiedr\u012bbas ties\u012bbas uz uzticamu inform\u0101ciju.<\/p>\n<p>Jau v\u0113st\u012bts, ka L\u017dA valde izteikusi neuztic\u012bbu Plokai, uzskatot, ka vi\u0146as r\u012bc\u012bba un komunik\u0101cija rada pamatotas \u0161aubas par sp\u0113ju kompetenti, neitr\u0101li un sabiedr\u012bbas interes\u0113m atbilsto\u0161i p\u0101rraudz\u012bt MAF darb\u012bbu.<\/p>\n<p>L\u017dA pazi\u0146ojum\u0101 medijiem uzsver, ka neuztic\u012bba nav balst\u012bta atsevi\u0161\u0137\u0101 epizod\u0113 vai viedok\u013cu at\u0161\u0137ir\u012bb\u0101s, bet gan sist\u0113misk\u0101 attieksm\u0113, kas izpau\u017eas profesion\u0101l\u0101s \u017eurn\u0101listikas ignor\u0113\u0161an\u0101, nepietiekam\u0101 izpratn\u0113 par mediju funkcij\u0101m demokr\u0101tisk\u0101 sabiedr\u012bb\u0101 un diskusiju veido\u0161an\u0101, kas rada labv\u0113l\u012bbu atsevi\u0161\u0137iem uz\u0146\u0113mumiem.<\/p>\n<p>L\u017dA ieskat\u0101 Plokas izteikumi un r\u012bc\u012bba liecinot par nepietiekamu izpratni par medijiem k\u0101 sabiedrisku instit\u016bciju, reduc\u0113jot to noz\u012bmi l\u012bdz uz\u0146\u0113m\u0113jdarb\u012bbas aspektam. Vienlaikus L\u017dA atz\u012bm\u0113, ka MAF p\u0113c savas b\u016bt\u012bbas nav paredz\u0113ts mediju uz\u0146\u0113mumu konkur\u0113tsp\u0113jas stiprin\u0101\u0161anai tirg\u016b, bet gan sabiedriski noz\u012bm\u012bga, profesion\u0101la un kvalitat\u012bva satura rad\u012b\u0161anas nodro\u0161in\u0101\u0161anai, k\u0101 tas ir noteikts Latvijas mediju politikas pamatnost\u0101dn\u0113s 2024.-2027. gadam. \u0160\u0101ds saturs ir \u017eurn\u0101listu darba rezult\u0101ts neatkar\u012bgi no medija juridisk\u0101s formas vai \u012bpa\u0161nieka strukt\u016bras, pau\u017e asoci\u0101cij\u0101.<\/p>\n<p>MAF m\u0113r\u0137a interpret\u0113\u0161ana k\u0101 &#8220;mediju uz\u0146\u0113mumu atbalsts, nevis satura veido\u0161ana&#8221; liecina par konceptu\u0101lu neizpratni par \u017eurn\u0101listikas lomu demokr\u0101tisk\u0101 valst\u012b un apdraud MAF k\u0101 sabiedrisk\u0101 finans\u0113juma instrumenta le\u0123itimit\u0101ti, uzskata L\u017dA.<\/p>\n<p>\u012apa\u0161i satrauco\u0161a, p\u0113c L\u017dA dom\u0101m, ir prakse, ka SIF padome, lemjot par MAF nolikumiem, konsult\u0113jas ar subjekt\u012bvi un selekt\u012bvi atlas\u012btiem uz\u0146\u0113m\u0113jiem un to p\u0101rst\u0101vjiem, vienlaikus ignor\u0113jot citus nozares dal\u012bbniekus. \u0160\u0101d\u0101s konsult\u0101cij\u0101s nav aicin\u0101ts ne Baltijas Mediju izcil\u012bbas fonds, ne Neatkar\u012bgo producentu asoci\u0101cija, kas ar\u012b apvieno uz\u0146\u0113m\u0113jus, k\u0101 ar\u012b L\u017dA, kas p\u0101rst\u0101v gan \u017eurn\u0101listus, gan mediju \u012bpa\u0161niekus un darba dev\u0113jus, nor\u0101da L\u017dA.<\/p>\n<p>Aizbildin\u0101\u0161an\u0101s ar argumentu, ka MAF &#8220;nav \u017eurn\u0101listu atbalsta fonds&#8221;, L\u017dA ieskat\u0101 nav tikai neprec\u012bza &#8211; t\u0101 ir p\u0101rvald\u012bbas k\u013c\u016bda. &#8220;Ja MAF m\u0113r\u0137is ir kvalitat\u012bvs saturs, profesion\u0101lo \u017eurn\u0101listu organiz\u0101ciju izsl\u0113g\u0161ana noz\u012bm\u0113 atteik\u0161anos no profesion\u0101l\u0101s ekspert\u012bzes tie\u0161i taj\u0101 jom\u0101, kuru fonds ir paredz\u0113ts stiprin\u0101t. \u0160\u0101da ignor\u0113\u0161ana apzin\u0101ti sa\u0161aurina diskusiju loku, atst\u0101jot \u0101rpus l\u0113mumu pie\u0146em\u0161anas profesion\u0101l\u0101s kvalit\u0101tes un redakcion\u0101l\u0101s neatkar\u012bbas jaut\u0101jumus,&#8221; pau\u017e L\u017dA.<\/p>\n<p>L\u017dA uzskata, ka l\u012bdz\u0161in\u0113j\u0101 prakse liecina par m\u0113\u0123in\u0101jumiem veidot MAF l\u0113mumu pie\u0146em\u0161anas r\u0101mi t\u0101, lai tas kalpotu atsevi\u0161\u0137u mediju uz\u0146\u0113mumu, nevis sabiedr\u012bbas interes\u0113m kopum\u0101.<\/p>\n<p>Apkopojot min\u0113to, L\u017dA secina, ka profesion\u0101l\u0101s \u017eurn\u0101listikas ignor\u0113\u0161ana, MAF m\u0113r\u0137u sa\u0161aurin\u0101\u0161ana, diskusiju izsl\u0113g\u0161ana un nepietiekama izpratne par mediju sabiedrisko funkciju veido sist\u0113misku probl\u0113mu, nevis atsevi\u0161\u0137u p\u0101rpratumu.<\/p>\n<p>\u0160\u0101dos apst\u0101k\u013cos L\u017dA valdes ieskat\u0101 nav iesp\u0113jams nodro\u0161in\u0101t uzticamu, neitr\u0101lu un sabiedr\u012bbas interes\u0113m atbilsto\u0161u MAF uzraudz\u012bbu, ja SIF priek\u0161s\u0113d\u0113t\u0101jas amat\u0101 turpina atrasties Ploka.<\/p>\n<p>T\u0101d\u0113\u013c L\u017dA uzskata par nepiecie\u0161amu atcelt Ploku no SIF padomes priek\u0161s\u0113d\u0113t\u0101jas amata un aicina atbild\u012bg\u0101s instit\u016bcijas nekav\u0113joties izv\u0113rt\u0113t SIF un MAF p\u0101rvald\u012bbas atbilst\u012bbu labas p\u0101rvald\u012bbas un sabiedr\u012bbas intere\u0161u principiem.<\/p>\n<p>T\u0101pat zi\u0146ots, ka Kult\u016bras ministrija (KM) un Mediju politikas konsultat\u012bv\u0101 padome ir pabeigu\u0161as darbu pie MAF konkursu nolikumu jaunaj\u0101m redakcij\u0101m, kuras 5. decembra s\u0113d\u0113 izskat\u012btas SIF padomes s\u0113d\u0113, ta\u010du gala l\u0113mumi pie\u0146emti netika.<\/p>\n<p>MAF nacion\u0101lo mediju konkurs\u0101 pl\u0101nots main\u012bt finans\u0113juma sadal\u012b\u0161anas k\u0101rt\u012bbu, p\u0101rejot no l\u012bdz\u0161in\u0113j\u0101s finans\u0113juma sadales starp mediju veidiem uz &#8220;atv\u0113rtu, konkurenci un kvalit\u0101ti veicino\u0161u konkursa modeli&#8221;.<\/p>\n<p>Izmai\u0146as paredz atteikties no l\u012bdz\u0161in\u0113j\u0101 MAF finans\u0113juma sadal\u012bjuma pa mediju tipiem &#8211; druk\u0101tajai presei, radio, telev\u012bzijai un interneta medijiem, pied\u0101v\u0101jot vienotu konkursu visiem nacion\u0101lajiem medijiem. Tas noz\u012bm\u0113tu, ka turpm\u0101k mediji konkur\u0113s vien\u0101 grup\u0101, kur galvenais v\u0113rt\u0113\u0161anas krit\u0113rijs b\u016bs sabiedriski noz\u012bm\u012bga satura kvalit\u0101te un ietekme, nevis medija form\u0101ts.<\/p>\n<p>Priek\u0161likuma m\u0113r\u0137is ir veicin\u0101t god\u012bgu konkurenci un piel\u0101goties m\u016bsdienu mediju vides realit\u0101tei, kur robe\u017eas starp mediju veidiem ir izpl\u016bdu\u0161as, argument\u0113 KM, kuras skat\u012bjum\u0101 izmai\u0146as konkursu padar\u012b\u0161ot atbilsto\u0161\u0101ku m\u016bsdienu mediju videi, konkur\u0113tsp\u0113j\u012bg\u0101ku un nodro\u0161in\u0101s vienl\u012bdz\u012bg\u0101kas iesp\u0113jas visiem pretendentiem.<\/p>\n<p>Latvijas Raidorganiz\u0101ciju asoci\u0101cija, Latvijas Preses izdev\u0113ju asoci\u0101cija un Latvijas Re\u0123ion\u0101lo mediju asoci\u0101cija, kas apvieno elektroniskos pla\u0161sazi\u0146as l\u012bdzek\u013cus un preses izdev\u0113jus, pau\u017e kategoriskus iebildumus pret izmai\u0146\u0101m, savuk\u0101rt atbalstu t\u0101m paudusi Latvijas \u017durn\u0101listu asoci\u0101cija, TV neatkar\u012bgo producentu asoci\u0101cija, Baltijas Mediju izcil\u012bbas centrs, Latvijas Inform\u0101cijas un komunik\u0101cijas tehnolo\u0123ijas asoci\u0101cija un Latvijas liel\u0101kie interneta mediji &#8211; AS &#8220;Delfi&#8221; un SIA &#8220;Tvnet grupa&#8221;.<\/p>\n<p class=\"m-0\">Seko &#8220;Delfi&#8221; ar\u012b  <a target=\"_blank\" href=\"https:\/\/www.instagram.com\/delfi.lv\/\" rel=\"nofollow noopener\">Instagram<\/a>  un <a target=\"_blank\" href=\"https:\/\/www.youtube.com\/channel\/UCw5foWtcJvAbUm64rv7jwUQ\" rel=\"nofollow noopener\">YouTube<\/a>  profil\u0101 \u2013 pievienojies, lai uzzin\u0101tu svar\u012bg\u0101ko un interesant\u0101ko pirmais!<\/p>\n<p>Publik\u0101cijas saturs vai t\u0101s jebk\u0101da apjoma da\u013ca ir aizsarg\u0101ts autorties\u012bbu objekts Autorties\u012bbu likuma izpratn\u0113, un t\u0101 izmanto\u0161ana bez izdev\u0113ja at\u013caujas ir aizliegta. Vair\u0101k lasi  <a target=\"_blank\" href=\"https:\/\/www.delfi.lv\/noteikumi#autortiesibas\" rel=\"nofollow noopener\">\u0161eit<\/a><script async src=\"\/\/www.instagram.com\/embed.js\"><\/script><\/p>\n","protected":false},"excerpt":{"rendered":"Neskatoties uz Latvijas \u017durn\u0101listu asoci\u0101cijas (L\u017dA) izteikto neuztic\u012bbu Sabiedr\u012bbas integr\u0101cijas fonda (SIF) padomes priek\u0161s\u0113d\u0113t\u0101jai Karinai Plokai, vi\u0146a pati&hellip;\n","protected":false},"author":2,"featured_media":78853,"comment_status":"","ping_status":"","sticky":false,"template":"","format":"standard","meta":{"footnotes":""},"categories":[5],"tags":[23,28,29,32,33,22,1813,30,31,35,39,38,36,37,34,40,20,26,27,24,25,21,13916],"class_list":{"0":"post-78852","1":"post","2":"type-post","3":"status-publish","4":"format-standard","5":"has-post-thumbnail","7":"category-aktualitates","8":"tag-aktualitates","9":"tag-breaking-news","10":"tag-breakingnews","11":"tag-featured-news","12":"tag-featurednews","13":"tag-headlines","14":"tag-kulturas-ministrija","15":"tag-latest-news","16":"tag-latestnews","17":"tag-latvia","18":"tag-latvian","19":"tag-latviesu","20":"tag-latviesu-valoda","21":"tag-latviesuvaloda","22":"tag-latvija","23":"tag-lv","24":"tag-news","25":"tag-popularakas-zinas","26":"tag-popularakaszinas","27":"tag-top-stories","28":"tag-topstories","29":"tag-zinas","30":"tag-zurnalistika"},"share_on_mastodon":{"url":"https:\/\/pubeurope.com\/@lv\/115740597673881821","error":""},"_links":{"self":[{"href":"https:\/\/www.europesays.com\/lv\/wp-json\/wp\/v2\/posts\/78852","targetHints":{"allow":["GET"]}}],"collection":[{"href":"https:\/\/www.europesays.com\/lv\/wp-json\/wp\/v2\/posts"}],"about":[{"href":"https:\/\/www.europesays.com\/lv\/wp-json\/wp\/v2\/types\/post"}],"author":[{"embeddable":true,"href":"https:\/\/www.europesays.com\/lv\/wp-json\/wp\/v2\/users\/2"}],"replies":[{"embeddable":true,"href":"https:\/\/www.europesays.com\/lv\/wp-json\/wp\/v2\/comments?post=78852"}],"version-history":[{"count":0,"href":"https:\/\/www.europesays.com\/lv\/wp-json\/wp\/v2\/posts\/78852\/revisions"}],"wp:featuredmedia":[{"embeddable":true,"href":"https:\/\/www.europesays.com\/lv\/wp-json\/wp\/v2\/media\/78853"}],"wp:attachment":[{"href":"https:\/\/www.europesays.com\/lv\/wp-json\/wp\/v2\/media?parent=78852"}],"wp:term":[{"taxonomy":"category","embeddable":true,"href":"https:\/\/www.europesays.com\/lv\/wp-json\/wp\/v2\/categories?post=78852"},{"taxonomy":"post_tag","embeddable":true,"href":"https:\/\/www.europesays.com\/lv\/wp-json\/wp\/v2\/tags?post=78852"}],"curies":[{"name":"wp","href":"https:\/\/api.w.org\/{rel}","templated":true}]}}