{"id":78858,"date":"2025-12-18T12:41:13","date_gmt":"2025-12-18T12:41:13","guid":{"rendered":"https:\/\/www.europesays.com\/lv\/78858\/"},"modified":"2025-12-18T12:41:13","modified_gmt":"2025-12-18T12:41:13","slug":"selena-gomesa-beidzot-atklaj-patieso-iemeslu-savas-balsu-izmainam-lente-lv","status":"publish","type":"post","link":"https:\/\/www.europesays.com\/lv\/78858\/","title":{"rendered":"Sel\u0113na Gomesa beidzot atkl\u0101j patieso iemeslu savas balsu izmai\u0146\u0101m\u00a0\u2014\u00a0Lente.lv"},"content":{"rendered":"<p>Sel\u0113na Gomesa atkl\u0101j patiesos iemeslus savas balss izmai\u0146\u0101m<\/p>\n<p>K\u0101 zi\u0146o telekan\u0101ls TV3, daudzas fani un sekot\u0101ji ir paman\u012bju\u0161i, ka dzied\u0101t\u0101jas un aktrises Sel\u0113nas Gomesas balss tagad skan cit\u0101di nek\u0101 agr\u0101k. Zvaigzne nesen, daloties ar saviem iespaidiem tie\u0161raid\u0113 soci\u0101laj\u0101 platform\u0101 Instagram, atkl\u0101jusi, ka tam ir pamatots iemesls, kas saist\u012bts ar vi\u0146as vesel\u012bbas st\u0101vokli. Gomesa nekautr\u0113jas run\u0101t par sav\u0101m vesel\u012bbas probl\u0113m\u0101m, tostarp par ilgsto\u0161o c\u012b\u0146u ar autoim\u016bno slim\u012bbu \u2013 vilk\u0113di (lupusu) un bipol\u0101riem trauc\u0113jumiem, kas ir da\u013ca no vi\u0146as publisk\u0101s publicit\u0101tes un centieniem mazin\u0101t stigmu ap hronisk\u0101m saslim\u0161an\u0101m. Lai gan vi\u0146a nav v\u0113l\u0113jusies atvainoties par savu balsi, vi\u0146a sniedza skaidrojumu.<\/p>\n<p>Medic\u012bniski pamatojami balss izmai\u0146u iemesli<\/p>\n<p>Sel\u0113na Gomesa paskaidroja, ka vi\u0146as balss izmai\u0146as ir saist\u012btas ar medikamentiem, ko vi\u0146a lieto vilk\u0113des \u0101rst\u0113\u0161anai. \u0160\u012b slim\u012bba var izrais\u012bt iekaisumu, kas ietekm\u0113 da\u017e\u0101dus \u0137erme\u0146a org\u0101nus, un da\u017ek\u0101rt tas var skart ar\u012b balsenes iek\u0161\u0113jo da\u013cu, radot piet\u016bkumu. Gomesa atkl\u0101ja: &#8220;Mana r\u012bkle da\u017ek\u0101rt uzbriest iek\u0161pus\u0113.&#8221; \u0160is st\u0101voklis var ietekm\u0113t balss tembru, radot izmai\u0146as, ko fani ir paman\u012bju\u0161i. Vi\u0146a ar\u012b piemin\u0113ja, ka \u0161ie medikamenti nereti izraisa \u0161\u0137idruma aizturi organism\u0101, k\u0101 rezult\u0101t\u0101 main\u0101s svars, kas ir v\u0113l viens blakusefekts, ko vi\u0146a ir piedz\u012bvojusi un par ko ir run\u0101jusi atkl\u0101ti.<\/p>\n<p>Atkl\u0101t\u012bba un c\u012b\u0146a ar slim\u012bbu<\/p>\n<p>Gomesas atkl\u0101t\u012bba par savu vesel\u012bbu nav ierobe\u017eojusies tikai ar balsi. Vi\u0146a nesen saviem sekot\u0101jiem izskaidroja ar\u012b sejas \u0101das izmai\u0146as, ko izrais\u012bjis melasmas st\u0101voklis \u2013 tum\u0161as, kr\u0101sotas plankumu par\u0101d\u012b\u0161an\u0101s, ko izsauc saules iedarb\u012bba. \u0160\u012b ilgsto\u0161\u0101 caursp\u012bd\u012bba pal\u012bdz veidot unik\u0101lu un uzticamu saikni ar vi\u0146as auditoriju, p\u0101rv\u0113r\u0161ot personiskus jaut\u0101jumus par izgl\u012btojo\u0161iem momentiem. Vi\u0146as god\u012bgums un atkl\u0101t\u012bba par vesel\u012bbas probl\u0113m\u0101m, tostarp par vilk\u0113di, ko vi\u0146a atkl\u0101ja jau 2015. gad\u0101, ir apliecin\u0101jums vi\u0146as sp\u0113c\u012bgajai ap\u0146\u0113m\u012bbai c\u012bn\u012bties ar \u0161o st\u0101vokli un iedvesmot citus. Zin\u0101ms, ka vilk\u0113de ir hroniska slim\u012bba, kuras d\u0113\u013c im\u016bnsist\u0113ma uzbr\u016bk veseliem audiem un org\u0101niem, radot pla\u0161u iekaisumu un boj\u0101jumus. Lai gan nav zin\u0101ms, vai vilk\u0113de tie\u0161i ietekm\u0113 balss saites, ir skaidrs, ka medikamenti, ko lieto slim\u012bbas \u0101rst\u0113\u0161anai, piem\u0113ram, kortikostero\u012bdi un im\u016bnsupresori, var izrais\u012bt musku\u013cu v\u0101jumu, piet\u016bkumu un izmai\u0146as bals\u012b.<\/p>\n<p>Fanu reakcija un Sel\u0113nas attieksme<\/p>\n<p>Lai gan daudzi fani ir spekul\u0113ju\u0161i par Sel\u0113nas balss izmai\u0146\u0101m, vi\u0146a pati uzsver, ka nav iemesla uztraukumam vai atvaino\u0161anai. Vi\u0146a ir pateic\u012bga par sekot\u0101ju atkl\u0101t\u012bbu un god\u012bgumu, ta\u010du vi\u0146as galvenais v\u0113st\u012bjums ir t\u0101ds, ka dz\u012bv\u0113 notiek da\u017e\u0101das lietas un ka tas ir piln\u012bgi norm\u0101li. Vi\u0146as attieksme ir mier\u012bga un pa\u0161p\u0101rliecin\u0101ta, par\u0101dot, ka vi\u0146a ir pie\u0146\u0113musi savu \u0137ermeni un vesel\u012bbas st\u0101vokli, un ne\u013cauj tam sevi defin\u0113t. Lai gan vi\u0146a nav publiski skaidrojusi visas balss izmai\u0146u nianses, vi\u0146as atkl\u0101t\u012bba par vesel\u012bbas probl\u0113m\u0101m sniedz kontekstu \u0161\u012bm p\u0101rmai\u0146\u0101m. Da\u017ei uzskata, ka vi\u0146as runas temps ir k\u013cuvis l\u0113n\u0101ks un tonis \u2013 mier\u012bg\u0101ks, iesp\u0113jams, k\u0101 stilistiska izv\u0113le, lai rad\u012btu nobriedu\u0161\u0101ku t\u0113lu.<\/p>\n<p>Pla\u0161\u0101ka ietekme un sabiedr\u012bbas uztvere<\/p>\n<p>Sel\u0113nas Gomesas gad\u012bjums ir spilgts piem\u0113rs tam, k\u0101 slaven\u012bbas var izmantot savu platformu, lai run\u0101tu par svar\u012bg\u0101m vesel\u012bbas t\u0113m\u0101m un iedvesmotu citus. Vi\u0146as gatav\u012bba dal\u012bties sav\u0101 pieredz\u0113 un atbild\u0113t uz tie\u0161iem jaut\u0101jumiem pal\u012bdz izgl\u012btot sabiedr\u012bbu par hronisku slim\u012bbu ietekmi un person\u0101m, kas ar t\u0101m saskaras. Tas ir apliecin\u0101jums vi\u0146as unik\u0101lajai un uzticamajai saiknei ar auditoriju, kas p\u0101rsniedz vienk\u0101r\u0161u izklaidi. Vi\u0146as atkl\u0101t\u0101 saruna par balss izmai\u0146\u0101m uzsver vi\u0146as nep\u0101rtraukto ap\u0146em\u0161anos vesel\u012bbas aizst\u0101v\u012bbai un par\u0101da, k\u0101 person\u012bg\u0101s probl\u0113mas var p\u0101rv\u0113rst par sp\u0113c\u012bgu sabiedrisku v\u0113st\u012bjumu.<\/p>\n","protected":false},"excerpt":{"rendered":"Sel\u0113na Gomesa atkl\u0101j patiesos iemeslus savas balss izmai\u0146\u0101m K\u0101 zi\u0146o telekan\u0101ls TV3, daudzas fani un sekot\u0101ji ir paman\u012bju\u0161i,&hellip;\n","protected":false},"author":2,"featured_media":78859,"comment_status":"","ping_status":"","sticky":false,"template":"","format":"standard","meta":{"footnotes":""},"categories":[19],"tags":[19855,89,90,35,39,38,36,37,34,40,19510,5831,3089,19856],"class_list":{"0":"post-78858","1":"post","2":"type-post","3":"status-publish","4":"format-standard","5":"has-post-thumbnail","7":"category-izklaide","8":"tag-balss-izmainas","9":"tag-entertainment","10":"tag-izklaide","11":"tag-latvia","12":"tag-latvian","13":"tag-latviesu","14":"tag-latviesu-valoda","15":"tag-latviesuvaloda","16":"tag-latvija","17":"tag-lv","18":"tag-medikamenti","19":"tag-selena-gomesa","20":"tag-veselibas-problemas","21":"tag-vilkede"},"share_on_mastodon":{"url":"https:\/\/pubeurope.com\/@lv\/115740625037984980","error":""},"_links":{"self":[{"href":"https:\/\/www.europesays.com\/lv\/wp-json\/wp\/v2\/posts\/78858","targetHints":{"allow":["GET"]}}],"collection":[{"href":"https:\/\/www.europesays.com\/lv\/wp-json\/wp\/v2\/posts"}],"about":[{"href":"https:\/\/www.europesays.com\/lv\/wp-json\/wp\/v2\/types\/post"}],"author":[{"embeddable":true,"href":"https:\/\/www.europesays.com\/lv\/wp-json\/wp\/v2\/users\/2"}],"replies":[{"embeddable":true,"href":"https:\/\/www.europesays.com\/lv\/wp-json\/wp\/v2\/comments?post=78858"}],"version-history":[{"count":0,"href":"https:\/\/www.europesays.com\/lv\/wp-json\/wp\/v2\/posts\/78858\/revisions"}],"wp:featuredmedia":[{"embeddable":true,"href":"https:\/\/www.europesays.com\/lv\/wp-json\/wp\/v2\/media\/78859"}],"wp:attachment":[{"href":"https:\/\/www.europesays.com\/lv\/wp-json\/wp\/v2\/media?parent=78858"}],"wp:term":[{"taxonomy":"category","embeddable":true,"href":"https:\/\/www.europesays.com\/lv\/wp-json\/wp\/v2\/categories?post=78858"},{"taxonomy":"post_tag","embeddable":true,"href":"https:\/\/www.europesays.com\/lv\/wp-json\/wp\/v2\/tags?post=78858"}],"curies":[{"name":"wp","href":"https:\/\/api.w.org\/{rel}","templated":true}]}}