{"id":78866,"date":"2025-12-18T12:50:08","date_gmt":"2025-12-18T12:50:08","guid":{"rendered":"https:\/\/www.europesays.com\/lv\/78866\/"},"modified":"2025-12-18T12:50:08","modified_gmt":"2025-12-18T12:50:08","slug":"vanity-fair-rada-balta-nama-seju-tadu-kadu-ta-pati-nevelas-redzet","status":"publish","type":"post","link":"https:\/\/www.europesays.com\/lv\/78866\/","title":{"rendered":"&#8220;Vanity Fair&#8221; r\u0101da Balt\u0101 nama seju t\u0101du, k\u0101du t\u0101 pati nev\u0113las redz\u0113t"},"content":{"rendered":"<p>&#8220;\u0160ausmas&#8221;, &#8220;bied\u0113jo\u0161i&#8221;, &#8220;traki&#8221; un l\u012bdz\u012bgi koment\u0101ri atkal un atkal par\u0101d\u0101s zem \u017eurn\u0101la &#8220;Vanity Fair&#8221; otrdienas, 16. decembra, ieraksta platform\u0101 &#8220;<a rel=\"noopener nofollow\" target=\"_blank\" href=\"https:\/\/www.delfi.lv\/temas\/44862524\/instagram\" tag-id=\"44862524\">Instagram<\/a>&#8220;. Neap\u0161aub\u0101mi kr\u0101\u0161\u0146aj\u0101s fotogr\u0101fij\u0101s, ko uz\u0146\u0113mis fotogr\u0101fs Kristofers Andersons, redzamas Balt\u0101 nama administr\u0101cijas elites vasaras raibumi, grumbas, grima plankumi un r\u0113tas.<\/p>\n<p>Pla\u0161i atv\u0113rtas acis, plankumaina \u0101da, saspr\u0113g\u0101ju\u0161as l\u016bpas un biezs p\u016bdera grims \u2013 viss tik spilgts un nepiel\u016bdzams, ka da\u013cai skat\u012bt\u0101ju tas \u0161\u0137iet pat bied\u0113jo\u0161i. \u0160o atmaskojo\u0161o att\u0113lu m\u0113r\u0137is, k\u0101 nor\u0101d\u012bts, bijis izlauzties cauri nospodrin\u0101tajam &#8220;politiskajam te\u0101trim&#8221; un par\u0101d\u012bt katru nepiln\u012bbu bez retu\u0161as un filtriem. <\/p>\n<p>\u017durn\u0101ls &#8220;Vanity Fair&#8221; public\u0113ja divda\u013c\u012bgu \u017eurn\u0101lista <a rel=\"noopener nofollow\" target=\"_blank\" href=\"https:\/\/www.vanityfair.com\/news\/story\/vanity-fair-goes-to-the-white-house-trump-2-edition\" data-rel-date-range=\"[]\">Krisa Vipla rakstu<\/a> par prezidenta Donalda Trampa \u0161t\u0101ba iek\u0161\u0113jo loku, kur\u0101 iek\u013cautas neparasti atkl\u0101tas sarunas ar Balt\u0101 nama administr\u0101cijas vad\u012bt\u0101ju Sj\u016bziju Vailzu. Rakstu papildin\u0101ja ar\u012b iev\u0113rojama <a rel=\"noopener nofollow\" target=\"_blank\" href=\"https:\/\/www.delfi.lv\/temas\/44187425\/fotosesija\" tag-id=\"44187425\">fotosesija<\/a>: taj\u0101 redzama pati Sj\u016bzija Vailza, preses sekret\u0101re Karol\u012bna L\u012bvita, <a rel=\"noopener nofollow\" target=\"_blank\" href=\"https:\/\/www.delfi.lv\/temas\/42596146\/asv\" tag-id=\"42596146\">ASV<\/a> viceprezidents D\u017e. D. Venss, valsts sekret\u0101rs Marko Rubio, politikas administr\u0101cijas vad\u012bt\u0101ja vietnieks St\u012bvens Millers, prezidenta person\u0101la biroja direktors Dens Skavino, k\u0101 ar\u012b likumdo\u0161anas, politisko un sabiedrisko lietu administr\u0101cijas vad\u012bt\u0101ja vietnieks D\u017eeimss Bl\u0113rs. <\/p>\n<blockquote class=\"instagram-media\" data-instgrm-permalink=\"https:\/\/www.instagram.com\/p\/DSVJOBOjsK8\/?utm_source=ig_embed&amp;utm_campaign=loading\" data-instgrm-version=\"14\" style=\" background:#FFF; border:0; border-radius:3px; box-shadow:0 0 1px 0 rgba(0,0,0,0.5),0 1px 10px 0 rgba(0,0,0,0.15); margin: 1px; max-width:540px; min-width:326px; padding:0; width:99.375%; width:-webkit-calc(100% - 2px); width:calc(100% - 2px);\"\/>\n<p>J\u0101paskaidro, ka daudzu uzskat\u0101 &#8220;nepievilc\u012bg\u0101s&#8221; fotogr\u0101fijas ir vizu\u0101lais risin\u0101jums, kas rakstur\u012bgs Kristofora Andersona rokrakstam. Ne velti vi\u0146\u0161 ir godalgots fotogr\u0101fs, kur\u0161 sadarbojies ar &#8220;The New York Times&#8221;, &#8220;The New York Times Magazine&#8221;, &#8220;Esquire&#8221; un &#8220;The Wall Street Journal&#8221;. Intervij\u0101 izdevumam &#8220;The Independent&#8221; Andersons skaidro: &#8220;\u013boti pietuvin\u0101ti portreti jau gadiem ilgi ir neat\u0146emama mana darba sast\u0101vda\u013ca. \u012apa\u0161i politisko portretu \u017eanr\u0101 man pat\u012bk ielauzties politikas te\u0101tra izr\u0101d\u0113.&#8221; <\/p>\n<p>Andersons kop\u0101 ar savu komandu 13. novembr\u012b pavad\u012bja visu dienu Baltaj\u0101 nam\u0101, lai veidotu \u0161o report\u0101\u017eu. Katru no portret\u0113taj\u0101m person\u0101m vi\u0146\u0161 fotograf\u0113ja vi\u0146u biroj\u0101, izmantojot vid\u0113ja form\u0101ta kameru un \u012bpa\u0161u apgaismojumu, kas rakstur\u012bgs vi\u0146a vizu\u0101lajam stilam. <\/p>\n<p>&#8220;Es saprotu, ka daudzi var dom\u0101t: &#8220;Vi\u0146\u0161 t\u012b\u0161\u0101m cen\u0161as likt cilv\u0113kiem izskat\u012bties slikti,&#8221; ta\u010du t\u0101 nav taisn\u012bba,&#8221; uzsver Andersons. &#8220;Ja paskat\u0101s uz maniem darbiem, redz\u0113siet, ka esmu uz\u0146\u0113mis \u0161\u0101da veida tuvpl\u0101nus cilv\u0113kiem ar visda\u017e\u0101d\u0101kajiem politiskajiem uzskatiem.&#8221; Ar\u012b &#8220;The Washington Post&#8221; vi\u0146\u0161 \u0161o nost\u0101ju apstiprin\u0101jis: &#8220;\u0160\u012b ideja man bija jau pirms daudziem gadiem. 2014. gad\u0101 es izdevu gr\u0101matu &#8220;Stump&#8221;, kur\u0101 visi att\u0113li bija tuvpl\u0101ni. Tas bija mans m\u0113\u0123in\u0101jums apiet skatuves re\u017eis\u0113to politisko t\u0113lu, izlauzties cauri sabiedrisko attiec\u012bbu rad\u012btajai fas\u0101dei un non\u0101kt pie kaut k\u0101, kas patiesi atkl\u0101j politikas te\u0101tri. To es daru jau sen \u2013 ar vis\u0101m politisk\u0101 spektra pus\u0113m, ne tikai republik\u0101\u0146iem. Man portrets ir tuvs, int\u012bms un atkl\u0101jo\u0161s.&#8221; <\/p>\n<p>Teor\u0113tiski Andersona rado\u0161\u0101 v\u012bzija saskan ar Trampa administr\u0101cijas bie\u017ei pausto uzst\u0101d\u012bjumu, ka t\u0101 esot &#8220;viscaursp\u012bd\u012bg\u0101k\u0101 administr\u0101cija v\u0113stur\u0113&#8221;. Ta\u010du da\u013cai sabiedr\u012bbas \u0161\u012b caursp\u012bd\u012bba izr\u0101d\u012bjusies p\u0101r\u0101k caursp\u012bd\u012bga, tie\u0161a un ne\u0113rta. <\/p>\n<blockquote class=\"instagram-media\" data-instgrm-permalink=\"https:\/\/www.instagram.com\/p\/DSUsOvHDpHw\/?utm_source=ig_embed&amp;utm_campaign=loading\" data-instgrm-version=\"14\" style=\" background:#FFF; border:0; border-radius:3px; box-shadow:0 0 1px 0 rgba(0,0,0,0.5),0 1px 10px 0 rgba(0,0,0,0.15); margin: 1px; max-width:540px; min-width:326px; padding:0; width:99.375%; width:-webkit-calc(100% - 2px); width:calc(100% - 2px);\"\/>\n<p>\u012apa\u0161u uzman\u012bbu un pla\u0161as diskusijas izrais\u012bja preses sekret\u0101res, 28 gadus vec\u0101s Karol\u012bnas L\u012bvitas portrets. Daudzi koment\u0113t\u0101ji piev\u0113rs\u0101s redzamaj\u0101m injekciju p\u0113d\u0101m ap vi\u0146as l\u016bp\u0101m. Par \u0161o reakciju Andersons &#8220;The Independent&#8221; sac\u012bja: &#8220;P\u0101ri visam es cen\u0161os p\u0101rk\u0101pt p\u0101ri t\u0113lam, ko politika m\u0113\u0123ina projic\u0113t, un non\u0101kt pie kaut k\u0101 paties\u0101ka.&#8221; <\/p>\n<p>&#8220;Ko lai saka? Tas ir grims, ko vi\u0146a uzkl\u0101j. T\u0101s ir injekcijas, ko vi\u0146a pati sev ir veikusi. Ja tas par\u0101d\u0101s fotogr\u0101fij\u0101 \u2013 ko j\u016bs no manis sagaid\u0101t?&#8221; vi\u0146\u0161 retoriski vaic\u0101 &#8220;The Washington Post&#8221;. &#8220;Es nezinu, vai tas vair\u0101k liecina par pasauli, kur\u0101 dz\u012bvojam, par &#8220;Photoshop&#8221; laikmetu vai m\u0101ksl\u012bg\u0101 intelekta filtru \u0113ru &#8220;Instagram&#8221;. Ta\u010du fakts, ka internets ir satraukts, redzot \u012bstas, nevis retu\u0161\u0113tas fotogr\u0101fijas, par kaut ko tom\u0113r liecina.&#8221; <\/p>\n<blockquote class=\"instagram-media\" data-instgrm-permalink=\"https:\/\/www.instagram.com\/p\/DSUsE-cDvoz\/?utm_source=ig_embed&amp;utm_campaign=loading\" data-instgrm-version=\"14\" style=\" background:#FFF; border:0; border-radius:3px; box-shadow:0 0 1px 0 rgba(0,0,0,0.5),0 1px 10px 0 rgba(0,0,0,0.15); margin: 1px; max-width:540px; min-width:326px; padding:0; width:99.375%; width:-webkit-calc(100% - 2px); width:calc(100% - 2px);\"\/>\n<p>L\u012bdz\u012bgi koment\u0101ri par\u0101d\u012bj\u0101s ar\u012b pie valsts sekret\u0101ra Marko Rubio portreta. K\u0101ds soci\u0101lo t\u012bklu lietot\u0101js ironiski jaut\u0101ja: &#8220;Vai &#8220;Vanity Fair&#8221; izmantoja dermatologa kameru, lai saskat\u012btu visus saules rad\u012btos boj\u0101jumus?&#8221; <\/p>\n<blockquote class=\"instagram-media\" data-instgrm-permalink=\"https:\/\/www.instagram.com\/p\/DSUr-cbjnUN\/?utm_source=ig_embed&amp;utm_campaign=loading\" data-instgrm-version=\"14\" style=\" background:#FFF; border:0; border-radius:3px; box-shadow:0 0 1px 0 rgba(0,0,0,0.5),0 1px 10px 0 rgba(0,0,0,0.15); margin: 1px; max-width:540px; min-width:326px; padding:0; width:99.375%; width:-webkit-calc(100% - 2px); width:calc(100% - 2px);\"\/>\n<p>\u017durn\u0101ls pastiprin\u0101ti piev\u0113rsis uzman\u012bbu Balt\u0101 nama administr\u0101cijas vad\u012bt\u0101jai Sj\u016bzijai Vailzai \u2013 pirmajai sievietei \u0161aj\u0101 amat\u0101, kuru pats Tramps iesaucis par &#8220;Ledus jaunavu&#8221;. Intervij\u0101 &#8220;Vanity Fair&#8221; Vailza sniedza brut\u0101li god\u012bgu ieskatu prezidenta otraj\u0101 pilnvaru termi\u0146\u0101, raksturojot Trampu k\u0101 personu ar &#8220;alkoholi\u0137a person\u012bbu&#8221; un apgalvojot, ka viceprezidents Venss desmit gadus bijis &#8220;sazv\u0113rest\u012bbas teoriju piekrit\u0113js&#8221;. <\/p>\n<blockquote class=\"twitter-tweet\">\n<p lang=\"en\" dir=\"ltr\">The article published early this morning is a disingenuously framed hit piece on me and the finest President, White House staff, and Cabinet in history. <\/p>\n<p>Significant context was disregarded and much of what I, and others, said about the team and the President was left out of the\u2026<\/p>\n<p>\u2014 Susie Wiles (@SusieWiles) <a href=\"https:\/\/twitter.com\/SusieWiles\/status\/2000943061627548148?ref_src=twsrc%5Etfw\" rel=\"nofollow noopener\" target=\"_blank\">December 16, 2025<\/a><\/p><\/blockquote>\n<p>P\u0113c publik\u0101cijas izn\u0101k\u0161anas Vailza asi kritiz\u0113ja raksta precizit\u0101ti, nor\u0101dot, ka tas esot &#8220;nekrietni nepatiess&#8221; un vi\u0146as izteikumi \u2013 izrauti no konteksta. Savuk\u0101rt par Andersona uz\u0146emtaj\u0101m fotogr\u0101fij\u0101m vi\u0146a pagaid\u0101m nav sniegusi nek\u0101du publisku koment\u0101ru. <\/p>\n<p class=\"m-0\">Seko &#8220;Delfi&#8221; ar\u012b  <a target=\"_blank\" href=\"https:\/\/www.instagram.com\/delfi.lv\/\" rel=\"nofollow noopener\">Instagram<\/a>  un <a target=\"_blank\" href=\"https:\/\/www.youtube.com\/channel\/UCw5foWtcJvAbUm64rv7jwUQ\" rel=\"nofollow noopener\">YouTube<\/a>  profil\u0101 \u2013 pievienojies, lai uzzin\u0101tu svar\u012bg\u0101ko un interesant\u0101ko pirmais!<\/p>\n<p>Publik\u0101cijas saturs vai t\u0101s jebk\u0101da apjoma da\u013ca ir aizsarg\u0101ts autorties\u012bbu objekts Autorties\u012bbu likuma izpratn\u0113, un t\u0101 izmanto\u0161ana bez izdev\u0113ja at\u013caujas ir aizliegta. Vair\u0101k lasi  <a target=\"_blank\" href=\"https:\/\/www.delfi.lv\/noteikumi#autortiesibas\" rel=\"nofollow noopener\">\u0161eit<\/a><script async src=\"https:\/\/platform.twitter.com\/widgets.js\" charset=\"utf-8\"><\/script><script async src=\"\/\/www.instagram.com\/embed.js\"><\/script><\/p>\n","protected":false},"excerpt":{"rendered":"&#8220;\u0160ausmas&#8221;, &#8220;bied\u0113jo\u0161i&#8221;, &#8220;traki&#8221; un l\u012bdz\u012bgi koment\u0101ri atkal un atkal par\u0101d\u0101s zem \u017eurn\u0101la &#8220;Vanity Fair&#8221; otrdienas, 16. decembra, ieraksta&hellip;\n","protected":false},"author":2,"featured_media":78867,"comment_status":"","ping_status":"","sticky":false,"template":"","format":"standard","meta":{"footnotes":""},"categories":[14],"tags":[23,57,292,1759,28,29,542,32,33,19857,22,174,30,31,35,39,38,36,37,34,40,20,26,27,24,25,14577,54,55,56,21,58],"class_list":{"0":"post-78866","1":"post","2":"type-post","3":"status-publish","4":"format-standard","5":"has-post-thumbnail","7":"category-zinas-no-arvalstim","8":"tag-aktualitates","9":"tag-arvalstim","10":"tag-asv","11":"tag-baltais-nams","12":"tag-breaking-news","13":"tag-breakingnews","14":"tag-donalds-tramps","15":"tag-featured-news","16":"tag-featurednews","17":"tag-fotosesija","18":"tag-headlines","19":"tag-instagram","20":"tag-latest-news","21":"tag-latestnews","22":"tag-latvia","23":"tag-latvian","24":"tag-latviesu","25":"tag-latviesu-valoda","26":"tag-latviesuvaloda","27":"tag-latvija","28":"tag-lv","29":"tag-news","30":"tag-popularakas-zinas","31":"tag-popularakaszinas","32":"tag-top-stories","33":"tag-topstories","34":"tag-vasingtona","35":"tag-world","36":"tag-world-news","37":"tag-worldnews","38":"tag-zinas","39":"tag-zinas-no-arvalstim"},"share_on_mastodon":{"url":"https:\/\/pubeurope.com\/@lv\/115740660516688964","error":""},"_links":{"self":[{"href":"https:\/\/www.europesays.com\/lv\/wp-json\/wp\/v2\/posts\/78866","targetHints":{"allow":["GET"]}}],"collection":[{"href":"https:\/\/www.europesays.com\/lv\/wp-json\/wp\/v2\/posts"}],"about":[{"href":"https:\/\/www.europesays.com\/lv\/wp-json\/wp\/v2\/types\/post"}],"author":[{"embeddable":true,"href":"https:\/\/www.europesays.com\/lv\/wp-json\/wp\/v2\/users\/2"}],"replies":[{"embeddable":true,"href":"https:\/\/www.europesays.com\/lv\/wp-json\/wp\/v2\/comments?post=78866"}],"version-history":[{"count":0,"href":"https:\/\/www.europesays.com\/lv\/wp-json\/wp\/v2\/posts\/78866\/revisions"}],"wp:featuredmedia":[{"embeddable":true,"href":"https:\/\/www.europesays.com\/lv\/wp-json\/wp\/v2\/media\/78867"}],"wp:attachment":[{"href":"https:\/\/www.europesays.com\/lv\/wp-json\/wp\/v2\/media?parent=78866"}],"wp:term":[{"taxonomy":"category","embeddable":true,"href":"https:\/\/www.europesays.com\/lv\/wp-json\/wp\/v2\/categories?post=78866"},{"taxonomy":"post_tag","embeddable":true,"href":"https:\/\/www.europesays.com\/lv\/wp-json\/wp\/v2\/tags?post=78866"}],"curies":[{"name":"wp","href":"https:\/\/api.w.org\/{rel}","templated":true}]}}