{"id":78872,"date":"2025-12-18T12:53:09","date_gmt":"2025-12-18T12:53:09","guid":{"rendered":"https:\/\/www.europesays.com\/lv\/78872\/"},"modified":"2025-12-18T12:53:09","modified_gmt":"2025-12-18T12:53:09","slug":"vai-elvisa-preslija-mazmeita-ir-biologiska-mate-lente-lv","status":"publish","type":"post","link":"https:\/\/www.europesays.com\/lv\/78872\/","title":{"rendered":"Vai Elvisa Preslija mazmeita ir biolo\u0123isk\u0101 m\u0101te?\u00a0\u2014\u00a0Lente.lv"},"content":{"rendered":"<p>Jauni aps\u016bdz\u012bbas D\u017eona Travoltas \u0123imen\u0113: Vai Elvisa Preslija mazmeita ir biolo\u0123isk\u0101 m\u0101te?<\/p>\n<p>Amerikas Savienotaj\u0101s Valst\u012bs izrais\u012bjusies jauna, pla\u0161u rezonansi ieguvusi tiesved\u012bba, kas piev\u0113rsusies slaven\u0101 aktiera D\u017eona Travoltas \u0123imenes nosl\u0113pumiem. Saska\u0146\u0101 ar jauniem tiesas dokumentiem, kas non\u0101ku\u0161i sabiedr\u012bbas redzeslok\u0101, tiek izvirz\u012btas \u0161ok\u0113jo\u0161as aps\u016bdz\u012bbas, kas var\u0113tu main\u012bt priek\u0161status par aktrises un producentes Railijas Kio saist\u012bbu ar Travoltas jaun\u0101ko d\u0113lu Benu.<\/p>\n<p>Aps\u016bdz\u012bbas par ol\u0161\u016bnu izmanto\u0161anu<\/p>\n<p>Priscillas Preslijas bijus\u012b biznesa partnere Bri\u017eita Kr\u016bze tiesas dokumentos apgalvo, ka *Railija Kio var\u0113tu b\u016bt D\u017eona Travoltas jaun\u0101k\u0101 d\u0113la Bena biolo\u0123isk\u0101 m\u0101te*. \u0160is apgalvojums balst\u012bts uz inform\u0101ciju, ka b\u0113rna ie\u0146em\u0161an\u0101 it k\u0101 izmantotas tie\u0161i Kio ol\u0161\u016bnas. \u0160\u012b inform\u0101cija, ko publiskojis medijs &#8220;Page Six&#8221;, ir rad\u012bjusi sens\u0101ciju un pla\u0161as diskusijas sabiedr\u012bb\u0101.<\/p>\n<p>Izcelsmes st\u0101sts un iesp\u0113jam\u0101s sekas<\/p>\n<p>Lai gan prec\u012bzi notikumu att\u012bst\u012bbas apst\u0101k\u013ci joproj\u0101m tiek skaidroti, \u0161\u012b tiesved\u012bba met \u0113nu uz Travoltas \u0123imenes publisko t\u0113lu un rada daudz jaut\u0101jumu par biolo\u0123isk\u0101s un aud\u017eu\u0123imenes attiec\u012bb\u0101m. Jaun\u0101s aps\u016bdz\u012bbas var\u0113tu rad\u012bt nopietnas sekas gan \u0123imenes iek\u0161\u0113j\u0101m attiec\u012bb\u0101m, gan publiskajai uztverei par iesaist\u012btaj\u0101m person\u0101m. Mediju uzman\u012bba \u0161obr\u012bd ir \u012bpa\u0161i piev\u0113rsta \u0161im gad\u012bjumam, gaidot turpm\u0101kus notikumus un iesp\u0113jam\u0101s atbildes no iesaist\u012btaj\u0101m pus\u0113m.<\/p>\n<p>Railija Kio un vi\u0146as saist\u012bba ar Presliju<\/p>\n<p>Railija Kio, kas ir Elvisa Preslija mazmeita un dzied\u0101t\u0101jas L\u012bzas Marijas Preslijas meita, jau iepriek\u0161 ir bijusi sabiedr\u012bbas uzman\u012bbas centr\u0101. Vi\u0146as jaun\u0101kie juridiski str\u012bdi ar biju\u0161o partneri nor\u0101da uz sare\u017e\u0123\u012btu person\u012bgo dz\u012bvi un iesp\u0113jam\u0101m nesaska\u0146\u0101m. Tiesas procesa rezult\u0101ts var\u0113tu b\u016btiski ietekm\u0113t vi\u0146as publisko t\u0113lu un turpm\u0101ko karjeru, \u012bpa\u0161i \u0146emot v\u0113r\u0101 saist\u012bbu ar tik pla\u0161i paz\u012bstamu personu k\u0101 D\u017eons Travolta.<\/p>\n<p>Nenoteikt\u012bba un spekul\u0101cijas<\/p>\n<p>Pa\u0161laik gan D\u017eons Travolta, gan Railija Kio nav sniegu\u0161i ofici\u0101lu koment\u0101ru par \u0161\u012bm jaunaj\u0101m aps\u016bdz\u012bb\u0101m. Tas rada augsni pla\u0161\u0101m spekul\u0101cij\u0101m un nezi\u0146ai sabiedr\u012bb\u0101. Tiesved\u012bbas process turpin\u0101s, un tiek gaid\u012bts, k\u0101di pier\u0101d\u012bjumi tiks sniegti un k\u0101da b\u016bs tiesas gal\u012bg\u0101 l\u0113muma gaita. \u0160is gad\u012bjums ir interesants ne tikai slaven\u012bbu dz\u012bves aspektu d\u0113\u013c, bet ar\u012b k\u0101 piem\u0113rs sare\u017e\u0123\u012btiem \u0123imenes un biolo\u0123iskajiem jaut\u0101jumiem, kas var non\u0101kt publisk\u0101 telp\u0101.<\/p>\n","protected":false},"excerpt":{"rendered":"Jauni aps\u016bdz\u012bbas D\u017eona Travoltas \u0123imen\u0113: Vai Elvisa Preslija mazmeita ir biolo\u0123isk\u0101 m\u0101te? Amerikas Savienotaj\u0101s Valst\u012bs izrais\u012bjusies jauna, pla\u0161u&hellip;\n","protected":false},"author":2,"featured_media":78873,"comment_status":"","ping_status":"","sticky":false,"template":"","format":"standard","meta":{"footnotes":""},"categories":[19],"tags":[19858,14095,89,19860,90,35,39,38,36,37,34,40,19859,1647],"class_list":{"0":"post-78872","1":"post","2":"type-post","3":"status-publish","4":"format-standard","5":"has-post-thumbnail","7":"category-izklaide","8":"tag-dzons-travolta","9":"tag-elviss-preslijs","10":"tag-entertainment","11":"tag-gimenes-tiesibas","12":"tag-izklaide","13":"tag-latvia","14":"tag-latvian","15":"tag-latviesu","16":"tag-latviesu-valoda","17":"tag-latviesuvaloda","18":"tag-latvija","19":"tag-lv","20":"tag-railija-kio","21":"tag-slavenibu-dzive"},"share_on_mastodon":{"url":"https:\/\/pubeurope.com\/@lv\/115740672194506557","error":""},"_links":{"self":[{"href":"https:\/\/www.europesays.com\/lv\/wp-json\/wp\/v2\/posts\/78872","targetHints":{"allow":["GET"]}}],"collection":[{"href":"https:\/\/www.europesays.com\/lv\/wp-json\/wp\/v2\/posts"}],"about":[{"href":"https:\/\/www.europesays.com\/lv\/wp-json\/wp\/v2\/types\/post"}],"author":[{"embeddable":true,"href":"https:\/\/www.europesays.com\/lv\/wp-json\/wp\/v2\/users\/2"}],"replies":[{"embeddable":true,"href":"https:\/\/www.europesays.com\/lv\/wp-json\/wp\/v2\/comments?post=78872"}],"version-history":[{"count":0,"href":"https:\/\/www.europesays.com\/lv\/wp-json\/wp\/v2\/posts\/78872\/revisions"}],"wp:featuredmedia":[{"embeddable":true,"href":"https:\/\/www.europesays.com\/lv\/wp-json\/wp\/v2\/media\/78873"}],"wp:attachment":[{"href":"https:\/\/www.europesays.com\/lv\/wp-json\/wp\/v2\/media?parent=78872"}],"wp:term":[{"taxonomy":"category","embeddable":true,"href":"https:\/\/www.europesays.com\/lv\/wp-json\/wp\/v2\/categories?post=78872"},{"taxonomy":"post_tag","embeddable":true,"href":"https:\/\/www.europesays.com\/lv\/wp-json\/wp\/v2\/tags?post=78872"}],"curies":[{"name":"wp","href":"https:\/\/api.w.org\/{rel}","templated":true}]}}