{"id":78879,"date":"2025-12-18T12:59:24","date_gmt":"2025-12-18T12:59:24","guid":{"rendered":"https:\/\/www.europesays.com\/lv\/78879\/"},"modified":"2025-12-18T12:59:24","modified_gmt":"2025-12-18T12:59:24","slug":"goda-dirigents-janis-erenstreits-vadis-perlu-zvejnieku-maestro-paula-dziesmu-svetkos-manai-dzimtenei-lente-lv-2","status":"publish","type":"post","link":"https:\/\/www.europesays.com\/lv\/78879\/","title":{"rendered":"Goda diri\u0123ents J\u0101nis Eren\u0161treits vad\u012bs \u201cP\u0113r\u013cu zvejnieku\u201d Maestro Paula dziesmu sv\u0113tkos \u201cManai dzimtenei\u201d\u00a0\u2014\u00a0Lente.lv"},"content":{"rendered":"<p>Le\u0123end\u0101rais diri\u0123ents J\u0101nis Eren\u0161treits pievienojas Maestro Paula dziesmu sv\u0113tku virpulim<\/p>\n<p>Latvijas korm\u016bzikas dz\u012bves goda v\u012brs, diri\u0123ents J\u0101nis Eren\u0161treits, pievienosies gaid\u0101majiem dziesmu sv\u0113tkiem &#8220;Manai dzimtenei&#8221;, kas 2026. gada vasar\u0101 notiks R\u012bg\u0101, godinot le\u0123end\u0101r\u0101 komponista Raimonda Paula dai\u013cradi. \u0160is notikums sola apvienot t\u016bksto\u0161iem dzied\u0101t\u0101ju un klaus\u012bt\u0101ju vienkop\u0101, lai svin\u0113tu latvie\u0161u kora dzied\u0101\u0161anas trad\u012bcijas un Maestro m\u016bziku. Eren\u0161treits, kur\u0161 ir paz\u012bstams ne tikai k\u0101 izcil\u0101kais diri\u0123ents, bet ar\u012b k\u0101 viens no z\u0113nu koru kust\u012bbas pamatlic\u0113jiem Latvij\u0101, st\u0101sies pie diri\u0123entu pults, lai vad\u012btu ar\u012b Maestro Paulam \u012bpa\u0161i tuvu un iem\u012b\u013cotu ska\u0146darbu \u2013 &#8220;P\u0113r\u013cu zvejnieks&#8221;.<\/p>\n<p>P\u0113r\u013cu zvejnieks \u2013 ska\u0146darbs ar dzi\u013cu sakni Maestro dai\u013crad\u0113<\/p>\n<p>Raimonda Paula dziesmu cikls &#8220;P\u0113r\u013cu zvejnieks&#8221;, kas tapis sadarb\u012bb\u0101 ar dzejnieku J\u0101ni Peteru, ir viens no Maestro darbiem, kas \u012bpa\u0161i iekarojis klaus\u012bt\u0101ju sirdis. \u0160is ska\u0146darbs, kas rad\u012bts tie\u0161i z\u0113nu korim un tenoram, ir k\u0101 apliecin\u0101jums Paulam rakstur\u012bgajai sp\u0113jai rad\u012bt m\u016bziku, kas ir gan dzi\u013ci emocion\u0101la, gan tehniski izsmalcin\u0101ta. Faktu, ka tie\u0161i \u0161o darbu diri\u0123\u0113s J\u0101nis Eren\u0161treits, uzsver ne tikai vi\u0146a k\u0101 diri\u0123enta autorit\u0101ti, bet ar\u012b vi\u0146a ilggad\u0113jo pieredzi darb\u0101 ar jaunajiem dzied\u0101t\u0101jiem, kas ir neatsverama, vadot \u0161\u0101du ska\u0146darbu. Vi\u0146a pieredze ar Em\u012bla D\u0101rzi\u0146a m\u016bzikas vidusskolas z\u0113nu kori un R\u012bgas Doma z\u0113nu kori ir nep\u0101rv\u0113rt\u0113jama.<\/p>\n<p>Dziesmu sv\u0113tki &#8220;Manai dzimtenei&#8221; \u2013 grandiozs notikums 2026. gad\u0101<\/p>\n<p>Pl\u0101notais pas\u0101kums &#8220;Manai dzimtenei&#8221; 2026. gada 11. j\u016blij\u0101 Me\u017eaparka Lielaj\u0101 estr\u0101d\u0113 &#8220;Sidraba birz\u012b&#8221; sola pulc\u0113t iespaid\u012bgu dal\u012bbnieku skaitu \u2013 vair\u0101k nek\u0101 13 000 dzied\u0101t\u0101ju no Latvijas un ar\u012b diasporas koriem vis\u0101 pasaul\u0113. Pas\u0101kuma m\u0113r\u0137is ir ne tikai izpild\u012bt Maestro Raimonda Paula jau iem\u012b\u013cot\u0101s dziesmas, bet ar\u012b atska\u0146ot jaundarbus, kas rad\u012bti, iedvesmojoties no vi\u0146a m\u016bzikas. \u0160ie sv\u0113tki neap\u0161aub\u0101mi k\u013c\u016bs par unik\u0101lu notikumu, kas demonstr\u0113s Raimonda Paula m\u016bzikas sp\u0113ku vienot tautu. Rado\u0161aj\u0101 komand\u0101 str\u0101d\u0101s ar\u012b komponists J\u0101nis \u0136irsis k\u0101 m\u0101kslinieciskais vad\u012bt\u0101js, aktrise un re\u017eisore Dita L\u016bri\u0146a, Dziesmu sv\u0113tku virsdiri\u0123ents M\u0101rti\u0146\u0161 Kli\u0161\u0101ns un scenogr\u0101fs M\u0101rti\u0146\u0161 Vilk\u0101rsis. Paredz\u0113ts, ka sv\u0113tku muzik\u0101lo pusi vad\u012bs izcili Latvijas kori diri\u0123enti, tostarp vair\u0101ki Visp\u0101r\u0113jo Dziesmu sv\u0113tku virsdiri\u0123enti.<\/p>\n<p>J\u0101nis Eren\u0161treits \u2013 diri\u0123ents ar dzi\u013cu misiju un patriotisko sirdi<\/p>\n<p>J\u0101nis Eren\u0161treits, kur\u0161 dzimis 1942. gad\u0101, ir ne tikai izcils diri\u0123ents, bet ar\u012b m\u016bzikas pedagogs ar dzi\u013cu izpratni par latvie\u0161u kora kult\u016bras v\u0113rt\u012bb\u0101m. Vi\u0146a devums z\u0113nu koru kust\u012bbas att\u012bst\u012bb\u0101 Latvij\u0101 ir milz\u012bgs, veidojot un vadot jaunie\u0161u koms, kas iekaroju\u0161i gan viet\u0113jo, gan starptautisko publiku. Eren\u0161treita karjera ir bag\u0101ta ar noz\u012bm\u012bgiem sasniegumiem, tostarp darbu pie Em\u012bla D\u0101rzi\u0146a m\u016bzikas vidusskolas z\u0113nu kora, R\u012bgas Doma z\u0113nu kora un ar\u012b k\u0101 R\u012bgas Doma kora skolas direktora. Vi\u0146\u0161 ir vair\u0101ku Visp\u0101r\u0113jo latvie\u0161u Dziesmu un Deju sv\u0113tku virsdiri\u0123ents un ar\u012b goda virsdiri\u0123ents, kas apliecina vi\u0146a lielo autorit\u0101ti kora dzied\u0101\u0161anas jom\u0101. T\u0101pat vi\u0146\u0161 sa\u0146\u0113mis ar\u012b Latvijas M\u016bzikas ierakstu gada balvu par m\u016b\u017ea ieguld\u012bjumu Latvijas m\u016bzikas att\u012bst\u012bb\u0101.<\/p>\n<p>Sv\u0113tku gaid\u0101s \u2013 kop\u0101dzied\u0101\u0161ana un latvisk\u0101s identit\u0101tes stiprin\u0101\u0161ana<\/p>\n<p>Dziesmu sv\u0113tki &#8220;Manai dzimtenei&#8221; neap\u0161aub\u0101mi b\u016bs noz\u012bm\u012bgs notikums ne tikai m\u016bzikas baud\u012bt\u0101jiem, bet ar\u012b k\u0101 platforma latvisk\u0101s identit\u0101tes stiprin\u0101\u0161anai. Maestro Raimonda Paula m\u016bzika, kas vair\u0101k nek\u0101 piecdesmit gadus ir iedvesmojusi un stiprin\u0101jusi latvie\u0161u tautu, ir k\u013cuvusi par neat\u0146emamu m\u016bsu kop\u012bg\u0101s identit\u0101tes da\u013cu. \u0160ie sv\u0113tki, kurus vad\u012bs t\u0101di izcili diri\u0123enti k\u0101 J\u0101nis Eren\u0161treits, dos iesp\u0113ju ikvienam dzied\u0101t\u0101jam un klaus\u012bt\u0101jam izjust dzi\u013cu kop\u012bbas saj\u016btu un lepnumu par savu kult\u016bru. Pas\u0101kuma nosl\u0113gum\u0101 pl\u0101not\u0101 &#8220;Sadzied\u0101\u0161an\u0101s nakts&#8221; aicin\u0101s visus kop\u0101 dzied\u0101t popul\u0101r\u0101k\u0101s Maestro dziesmas, radot neaizmirstamu sv\u0113tku atmosf\u0113ru.<\/p>\n","protected":false},"excerpt":{"rendered":"Le\u0123end\u0101rais diri\u0123ents J\u0101nis Eren\u0161treits pievienojas Maestro Paula dziesmu sv\u0113tku virpulim Latvijas korm\u016bzikas dz\u012bves goda v\u012brs, diri\u0123ents J\u0101nis Eren\u0161treits,&hellip;\n","protected":false},"author":2,"featured_media":78880,"comment_status":"","ping_status":"","sticky":false,"template":"","format":"standard","meta":{"footnotes":""},"categories":[19],"tags":[1660,89,90,19591,35,39,38,36,37,34,40,2672],"class_list":{"0":"post-78879","1":"post","2":"type-post","3":"status-publish","4":"format-standard","5":"has-post-thumbnail","7":"category-izklaide","8":"tag-dziesmu-svetki","9":"tag-entertainment","10":"tag-izklaide","11":"tag-janis-erenstreits","12":"tag-latvia","13":"tag-latvian","14":"tag-latviesu","15":"tag-latviesu-valoda","16":"tag-latviesuvaloda","17":"tag-latvija","18":"tag-lv","19":"tag-raimonds-pauls"},"share_on_mastodon":{"url":"https:\/\/pubeurope.com\/@lv\/115740695945202404","error":""},"_links":{"self":[{"href":"https:\/\/www.europesays.com\/lv\/wp-json\/wp\/v2\/posts\/78879","targetHints":{"allow":["GET"]}}],"collection":[{"href":"https:\/\/www.europesays.com\/lv\/wp-json\/wp\/v2\/posts"}],"about":[{"href":"https:\/\/www.europesays.com\/lv\/wp-json\/wp\/v2\/types\/post"}],"author":[{"embeddable":true,"href":"https:\/\/www.europesays.com\/lv\/wp-json\/wp\/v2\/users\/2"}],"replies":[{"embeddable":true,"href":"https:\/\/www.europesays.com\/lv\/wp-json\/wp\/v2\/comments?post=78879"}],"version-history":[{"count":0,"href":"https:\/\/www.europesays.com\/lv\/wp-json\/wp\/v2\/posts\/78879\/revisions"}],"wp:featuredmedia":[{"embeddable":true,"href":"https:\/\/www.europesays.com\/lv\/wp-json\/wp\/v2\/media\/78880"}],"wp:attachment":[{"href":"https:\/\/www.europesays.com\/lv\/wp-json\/wp\/v2\/media?parent=78879"}],"wp:term":[{"taxonomy":"category","embeddable":true,"href":"https:\/\/www.europesays.com\/lv\/wp-json\/wp\/v2\/categories?post=78879"},{"taxonomy":"post_tag","embeddable":true,"href":"https:\/\/www.europesays.com\/lv\/wp-json\/wp\/v2\/tags?post=78879"}],"curies":[{"name":"wp","href":"https:\/\/api.w.org\/{rel}","templated":true}]}}