{"id":78904,"date":"2025-12-18T13:16:09","date_gmt":"2025-12-18T13:16:09","guid":{"rendered":"https:\/\/www.europesays.com\/lv\/78904\/"},"modified":"2025-12-18T13:16:09","modified_gmt":"2025-12-18T13:16:09","slug":"vdd-guscinam-inkrimine-es-noteikto-sankciju-parkapsanu","status":"publish","type":"post","link":"https:\/\/www.europesays.com\/lv\/78904\/","title":{"rendered":"VDD Gu\u0161\u010dinam inkrimin\u0113 ES noteikto sankciju p\u0101rk\u0101p\u0161anu"},"content":{"rendered":"<p><a href=\"https:\/\/www.tvnet.lv\/term\/615224\/vdd\" class=\"topicLink\" target=\"_blank\" rel=\"nofollow noopener\">VDD<\/a>, neminot aizdom\u0101s tur\u0113t\u0101s personas v\u0101rdu, a\u0123ent\u016bru LETA inform\u0113ja, ka &#8220;zin\u0101ms Krievijas tautie\u0161u politikas akt\u012bvists&#8221; aiztur\u0113ts tre\u0161dien un vi\u0146am patlaban k\u0101 dro\u0161\u012bbas l\u012bdzeklis ir piem\u0113rots apcietin\u0101jums.<\/p>\n<p>Krimin\u0101lprocess pret Latvijas valstspieder\u012bgo s\u0101kts \u0161\u0101 gada 26. novembr\u012b, VDD konstat\u0113jot personas veidotas publik\u0101cijas k\u0101d\u0101 Krievijas propagandas vietn\u0113, kuru p\u0101rvalda ES starptautisko sankciju sarakst\u0101 iek\u013cauts fonds.<\/p>\n<p>Krimin\u0101lprocess s\u0101kts saska\u0146\u0101 ar Krimin\u0101llikuma pantu par ES noteikto sankciju p\u0101rk\u0101p\u0161anu. VDD uzsver, ka aiztur\u0113t\u0101s personas veidotaj\u0101s publik\u0101cij\u0101s iek\u013cauti Krievijas interes\u0113m atbilsto\u0161i v\u0113st\u012bjumi.<\/p>\n<p>VDD v\u0113r\u0161 uzman\u012bbu, ka jebk\u0101du resursu nodro\u0161in\u0101\u0161ana ES sankcij\u0101m pak\u013cautam subjektam uzskat\u0101ma par ES sankciju p\u0101rk\u0101p\u0161anu.<\/p>\n<p>VDD divos ar personu saist\u012btos objektos Jelgav\u0101 ir veicis krimin\u0101lprocesu\u0101las darb\u012bbas. Patlaban dienests veic krat\u012b\u0161anas laik\u0101 iz\u0146emto datu nes\u0113ju un dokumentu satura padzi\u013cin\u0101tu izp\u0113ti.<\/p>\n<p>Gru\u0161\u010dins kandid\u0113jis 12. un 13. Saeimas v\u0113l\u0113\u0161an\u0101s no Latvijas Krievu savien\u012bbas saraksta, bet ne reizi nav iev\u0113l\u0113ts. Vi\u0146\u0161 str\u0101d\u0101jis par pasniedz\u0113ju un izdevis gr\u0101matas par v\u0113sturi un da\u017e\u0101das publik\u0101cijas ar Kremlim izdev\u012bgiem un Latviju diskredit\u0113jo\u0161iem v\u0113st\u012bjumiem, piem\u0113ram, par to, ka Latvij\u0101 it k\u0101 atdzimstot nacisms. Vi\u0146\u0161 turpin\u0101ja \u0161\u012bs aktivit\u0101tes, k\u0101 ar\u012b apmekl\u0113ja Krievijas r\u012bkotos pas\u0101kumos ar\u012b p\u0113c agresorvalsts iebrukuma Ukrain\u0101 2022. gada 24. febru\u0101r\u012b, iepriek\u0161 v\u0113st\u012bja LTV.<\/p>\n","protected":false},"excerpt":{"rendered":"VDD, neminot aizdom\u0101s tur\u0113t\u0101s personas v\u0101rdu, a\u0123ent\u016bru LETA inform\u0113ja, ka &#8220;zin\u0101ms Krievijas tautie\u0161u politikas akt\u012bvists&#8221; aiztur\u0113ts tre\u0161dien un&hellip;\n","protected":false},"author":2,"featured_media":78905,"comment_status":"","ping_status":"","sticky":false,"template":"","format":"standard","meta":{"footnotes":""},"categories":[12],"tags":[23,28,29,32,33,22,30,31,35,39,38,36,37,34,40,20,26,27,24,25,1579,4217,21],"class_list":{"0":"post-78904","1":"post","2":"type-post","3":"status-publish","4":"format-standard","5":"has-post-thumbnail","7":"category-latvija","8":"tag-aktualitates","9":"tag-breaking-news","10":"tag-breakingnews","11":"tag-featured-news","12":"tag-featurednews","13":"tag-headlines","14":"tag-latest-news","15":"tag-latestnews","16":"tag-latvia","17":"tag-latvian","18":"tag-latviesu","19":"tag-latviesu-valoda","20":"tag-latviesuvaloda","21":"tag-latvija","22":"tag-lv","23":"tag-news","24":"tag-popularakas-zinas","25":"tag-popularakaszinas","26":"tag-top-stories","27":"tag-topstories","28":"tag-valsts-drosibas-dienests","29":"tag-vdd","30":"tag-zinas"},"share_on_mastodon":{"url":"https:\/\/pubeurope.com\/@lv\/115740762737597422","error":""},"_links":{"self":[{"href":"https:\/\/www.europesays.com\/lv\/wp-json\/wp\/v2\/posts\/78904","targetHints":{"allow":["GET"]}}],"collection":[{"href":"https:\/\/www.europesays.com\/lv\/wp-json\/wp\/v2\/posts"}],"about":[{"href":"https:\/\/www.europesays.com\/lv\/wp-json\/wp\/v2\/types\/post"}],"author":[{"embeddable":true,"href":"https:\/\/www.europesays.com\/lv\/wp-json\/wp\/v2\/users\/2"}],"replies":[{"embeddable":true,"href":"https:\/\/www.europesays.com\/lv\/wp-json\/wp\/v2\/comments?post=78904"}],"version-history":[{"count":0,"href":"https:\/\/www.europesays.com\/lv\/wp-json\/wp\/v2\/posts\/78904\/revisions"}],"wp:featuredmedia":[{"embeddable":true,"href":"https:\/\/www.europesays.com\/lv\/wp-json\/wp\/v2\/media\/78905"}],"wp:attachment":[{"href":"https:\/\/www.europesays.com\/lv\/wp-json\/wp\/v2\/media?parent=78904"}],"wp:term":[{"taxonomy":"category","embeddable":true,"href":"https:\/\/www.europesays.com\/lv\/wp-json\/wp\/v2\/categories?post=78904"},{"taxonomy":"post_tag","embeddable":true,"href":"https:\/\/www.europesays.com\/lv\/wp-json\/wp\/v2\/tags?post=78904"}],"curies":[{"name":"wp","href":"https:\/\/api.w.org\/{rel}","templated":true}]}}