{"id":78913,"date":"2025-12-18T13:23:15","date_gmt":"2025-12-18T13:23:15","guid":{"rendered":"https:\/\/www.europesays.com\/lv\/78913\/"},"modified":"2025-12-18T13:23:15","modified_gmt":"2025-12-18T13:23:15","slug":"foto-%e2%9f%a9-etnografiskaja-brivdabas-muzeja-atklas-ziemassvetku-gaismas-taku","status":"publish","type":"post","link":"https:\/\/www.europesays.com\/lv\/78913\/","title":{"rendered":"FOTO \u27e9 Etnogr\u0101fiskaj\u0101 br\u012bvdabas muzej\u0101 atkl\u0101s Ziemassv\u0113tku gaismas taku"},"content":{"rendered":"<p>Ziemassv\u0113tku gaismas taka ir trilo\u0123ijas &#8220;Gaismas gadsk\u0101rtas&#8221; otr\u0101 da\u013ca, kas ar st\u0101stiem, tic\u0113jumiem, tautasdziesm\u0101m un teik\u0101m turpin\u0101s ce\u013cojumu sen\u0101 latvie\u0161a dz\u012bves g\u0101jum\u0101 caur rudens, ziemas un pavasara gadsk\u0101rt\u0101m.<\/p>\n<p>Skan\u0113s d\u016bdu un bungu grupas &#8220;Au\u013ci&#8221; un &#8220;MM Orkestra&#8221; m\u016bzika. Pastaigu tak\u0101 darbosies tautas deju ansamb\u013ca &#8220;L\u012bgo&#8221; dal\u012bbnieki. Var\u0113s nobaud\u012bt gadsk\u0101rt\u0101m atbilsto\u0161us \u0113dienus &#8211; sutin\u0101tus k\u0101postus ar cepe\u0161iem, c\u016bkas \u0161\u0146ukuru vai des\u0101m, zir\u0146us un pupas, spe\u0137a p\u012br\u0101gus un rau\u0161us. Tak\u0101 var\u0113s sasild\u012bties ar Latvijas z\u0101\u013cu t\u0113j\u0101m ar dravinieku medu un citiem siltajiem dz\u0113rieniem.<\/p>\n<p>&#8220;Gaismas st\u0101stu&#8221; rado\u0161\u0101 komanda l\u012bdz \u0161im rad\u012bjusi gaismas notikumus &#8220;Ziemas gaismas d\u0101rzs&#8221;, &#8220;Trejdevi\u0146i&#8221;, &#8220;Saulgrie\u017ei&#8221;, &#8220;Ve\u013ci&#8221;, &#8220;Ziemas nedarbi&#8221;, &#8220;B\u0113rni z\u012bm\u0113 Latviju&#8221;, vair\u0101kus objektus gaismas festiv\u0101l\u0101 &#8220;Staro R\u012bga&#8221; un ir gaismas pastaigas &#8220;Izgaismot\u0101 Liep\u0101ja&#8221; koncepcijas autori.<\/p>\n<p>Trilo\u0123ijas &#8220;Gaismas gadsk\u0101rtas&#8221; nosl\u0113dzo\u0161o da\u013cu &#8211; &#8220;Pasaule. Mete\u0146i&#8221; &#8211; Latvijas Etnogr\u0101fiskaj\u0101 br\u012bvdabas muzej\u0101 var\u0113s apmekl\u0113t no 6. febru\u0101ra l\u012bdz 15. febru\u0101rim katru dienu no plkst. 18.<\/p>\n","protected":false},"excerpt":{"rendered":"Ziemassv\u0113tku gaismas taka ir trilo\u0123ijas &#8220;Gaismas gadsk\u0101rtas&#8221; otr\u0101 da\u013ca, kas ar st\u0101stiem, tic\u0113jumiem, tautasdziesm\u0101m un teik\u0101m turpin\u0101s ce\u013cojumu&hellip;\n","protected":false},"author":2,"featured_media":78914,"comment_status":"","ping_status":"","sticky":false,"template":"","format":"standard","meta":{"footnotes":""},"categories":[5],"tags":[5869,23,28,29,12815,32,33,22,30,31,35,39,38,36,37,34,12404,40,20,26,27,24,25,21],"class_list":{"0":"post-78913","1":"post","2":"type-post","3":"status-publish","4":"format-standard","5":"has-post-thumbnail","7":"category-aktualitates","8":"tag-ziema","9":"tag-aktualitates","10":"tag-breaking-news","11":"tag-breakingnews","12":"tag-brivdabas-muzejs","13":"tag-featured-news","14":"tag-featurednews","15":"tag-headlines","16":"tag-latest-news","17":"tag-latestnews","18":"tag-latvia","19":"tag-latvian","20":"tag-latviesu","21":"tag-latviesu-valoda","22":"tag-latviesuvaloda","23":"tag-latvija","24":"tag-latvijas-etnografiskais-brivdabas-muzejs","25":"tag-lv","26":"tag-news","27":"tag-popularakas-zinas","28":"tag-popularakaszinas","29":"tag-top-stories","30":"tag-topstories","31":"tag-zinas"},"share_on_mastodon":{"url":"https:\/\/pubeurope.com\/@lv\/115740790159984961","error":""},"_links":{"self":[{"href":"https:\/\/www.europesays.com\/lv\/wp-json\/wp\/v2\/posts\/78913","targetHints":{"allow":["GET"]}}],"collection":[{"href":"https:\/\/www.europesays.com\/lv\/wp-json\/wp\/v2\/posts"}],"about":[{"href":"https:\/\/www.europesays.com\/lv\/wp-json\/wp\/v2\/types\/post"}],"author":[{"embeddable":true,"href":"https:\/\/www.europesays.com\/lv\/wp-json\/wp\/v2\/users\/2"}],"replies":[{"embeddable":true,"href":"https:\/\/www.europesays.com\/lv\/wp-json\/wp\/v2\/comments?post=78913"}],"version-history":[{"count":0,"href":"https:\/\/www.europesays.com\/lv\/wp-json\/wp\/v2\/posts\/78913\/revisions"}],"wp:featuredmedia":[{"embeddable":true,"href":"https:\/\/www.europesays.com\/lv\/wp-json\/wp\/v2\/media\/78914"}],"wp:attachment":[{"href":"https:\/\/www.europesays.com\/lv\/wp-json\/wp\/v2\/media?parent=78913"}],"wp:term":[{"taxonomy":"category","embeddable":true,"href":"https:\/\/www.europesays.com\/lv\/wp-json\/wp\/v2\/categories?post=78913"},{"taxonomy":"post_tag","embeddable":true,"href":"https:\/\/www.europesays.com\/lv\/wp-json\/wp\/v2\/tags?post=78913"}],"curies":[{"name":"wp","href":"https:\/\/api.w.org\/{rel}","templated":true}]}}