{"id":79030,"date":"2025-12-18T14:54:29","date_gmt":"2025-12-18T14:54:29","guid":{"rendered":"https:\/\/www.europesays.com\/lv\/79030\/"},"modified":"2025-12-18T14:54:29","modified_gmt":"2025-12-18T14:54:29","slug":"35-valstis-jauna-skatuve-un-izmainas-balsojuma-lente-lv-2","status":"publish","type":"post","link":"https:\/\/www.europesays.com\/lv\/79030\/","title":{"rendered":"35 valstis, jauna skatuve un izmai\u0146as balsojum\u0101\u00a0\u2014\u00a0Lente.lv"},"content":{"rendered":"<p>V\u012bne gatavo godus Eirov\u012bzijas dziesmu konkursam 2026<\/p>\n<p>K\u0101 inform\u0113 Latvijas Sabiedriskie Mediji, Eiropas Raidorganiz\u0101ciju apvien\u012bba (EBU) ir ofici\u0101li apstiprin\u0101jusi, ka 2026. gad\u0101 presti\u017eais Eirov\u012bzijas dziesmu konkurss notiks Austrijas galvaspils\u0113t\u0101 V\u012bn\u0113. \u0160is grandiozais m\u016bzikas notikums, kas pulc\u0113 miljoniem skat\u012bt\u0101ju vis\u0101 pasaul\u0113, atz\u012bm\u0113s savu 70. gadadienu, un paredzams, ka taj\u0101 piedal\u012bsies 35 valstis. Pusfin\u0101li iepl\u0101noti 12. un 14. maij\u0101, bet spo\u017eais fin\u0101ls norisin\u0101sies 16. maij\u0101 V\u012bnes liel\u0101kaj\u0101 iek\u0161telpu ar\u0113n\u0101 \u2013 Wiener Stadthalle. \u0160\u012b b\u016bs tre\u0161\u0101 reize, kad Austrija uz\u0146em Eirov\u012bziju, iepriek\u0161\u0113j\u0101s reizes biju\u0161as 1967. un 2015. gad\u0101, abas reizes tie\u0161i V\u012bn\u0113. Pils\u0113tas izv\u0113le ir apliecin\u0101jums t\u0101s sp\u0113jai organiz\u0113t starptautiskus pas\u0101kumus ar spo\u017eu v\u0113sturisko un kult\u016bras bag\u0101\u017eu.<\/p>\n<p>Skatuves dizains \u2013 vizu\u0101lais st\u0101sts par m\u016bziku un V\u012bni<\/p>\n<p>L\u012bdz ar dal\u012bbvalstu apstiprin\u0101\u0161anu, Eirov\u012bzijas r\u012bkot\u0101ji ir atkl\u0101ju\u0161i ar\u012b iespaid\u012bgo skatuves dizainu, ko rad\u012bjis v\u0101cu scenogr\u0101fs Florians V\u012bders, kur\u0161 iepriek\u0161 sadarbojies ar pasaules m\u0113roga m\u0101ksliniekiem k\u0101 Bejons\u0113 un U2. Skatuves centr\u0101 domin\u0113s izliekta LED virsma, kas simboliz\u0113s jaunu s\u0101kumu un izaugsmes potenci\u0101lu. Apk\u0101rt tai izvietotie dinamiskie dizaina elementi rad\u012bs vizu\u0101lu st\u0101stu par muzik\u0101lu kust\u012bbu, spilgt\u0101m emocij\u0101m un V\u012bnes neatk\u0101rtojamo \u0161armu. \u0160\u012b skatuve sola k\u013c\u016bt par elpu aizraujo\u0161u fona m\u016bzi\u0137u uzst\u0101\u0161an\u0101s reiz\u0113, radot neaizmirstamu skat\u012bt\u0101ju pieredzi.<\/p>\n<p>Dal\u012bbvalstu dinamika un gaid\u0101mie atgrie\u0161an\u0101s gad\u012bjumi<\/p>\n<p>Lai gan ofici\u0101lais dal\u012bbvalstu saraksts ir apstiprin\u0101ts, \u0161is Eirov\u012bzijas izdevums neb\u016bs bez sav\u0101m dr\u0101m\u0101m. Ir zi\u0146ots, ka piecas valstis \u2013 Slov\u0113nija, \u012arija, N\u012bderlande, Sp\u0101nija un Islande \u2013 ir pazi\u0146oju\u0161as par savu boikotu, protest\u0113jot pret Izra\u0113las dal\u012bbu konkurs\u0101. \u0160\u012b politisk\u0101 spriedze met \u0113nu uz pas\u0101kumu, piev\u0113r\u0161ot uzman\u012bbu ne tikai m\u016bzikai, bet ar\u012b starptautiskajiem notikumiem. Neskatoties uz \u0161o situ\u0101ciju, konkurs\u0101 sagaid\u0101mi ar\u012b priec\u012bgi atgrie\u0161an\u0101s gad\u012bjumi \u2013 p\u0113c tr\u012bs gadu p\u0101rtraukuma atgriez\u012bsies Bulg\u0101rija, Rum\u0101nija p\u0113c diviem gadiem, un Moldova p\u0113c viena gada pauzes. Savuk\u0101rt Latvijas p\u0101rst\u0101vis, k\u0101 ierasts, tiks noskaidrots nacion\u0101laj\u0101 konkurs\u0101 &#8220;Supernova&#8221;.<\/p>\n<p>Izmai\u0146as balso\u0161anas sist\u0113m\u0101<\/p>\n<p>\u0160ogad ieviestas ar\u012b interesantas izmai\u0146as balso\u0161anas sist\u0113m\u0101. Pirmo reizi kop\u0161 2022. gada, Eirov\u012bzijas pusfin\u0101los papildus skat\u012bt\u0101ju balsojumam vis\u0101 pasaul\u0113, savu v\u0101rdu teiks ar\u012b dal\u012bbvalstu m\u016bzikas ekspertu \u017e\u016brijas. \u0160is jaunievedums dos iesp\u0113ju ieg\u016bt v\u0113l prec\u012bz\u0101ku un daudzpus\u012bg\u0101ku ieskatu par konkursa dal\u012bbnieku talantiem, nosakot, kuras 10 valstis no katra pusfin\u0101la sp\u0113s iek\u013c\u016bt lielaj\u0101 fin\u0101l\u0101. Gan \u017e\u016brijas, gan skat\u012bt\u0101ju bals\u012bm b\u016bs vienl\u012bdz liela noz\u012bme, kop\u012bgi izv\u0113loties lab\u0101kos no lab\u0101kajiem.<\/p>\n","protected":false},"excerpt":{"rendered":"V\u012bne gatavo godus Eirov\u012bzijas dziesmu konkursam 2026 K\u0101 inform\u0113 Latvijas Sabiedriskie Mediji, Eiropas Raidorganiz\u0101ciju apvien\u012bba (EBU) ir ofici\u0101li&hellip;\n","protected":false},"author":2,"featured_media":79031,"comment_status":"","ping_status":"","sticky":false,"template":"","format":"standard","meta":{"footnotes":""},"categories":[19],"tags":[7011,19526,89,90,35,39,38,36,37,34,40,932,19527,19445],"class_list":{"0":"post-79030","1":"post","2":"type-post","3":"status-publish","4":"format-standard","5":"has-post-thumbnail","7":"category-izklaide","8":"tag-ebu","9":"tag-eirovizijas-dziesmu-konkurss-2026","10":"tag-entertainment","11":"tag-izklaide","12":"tag-latvia","13":"tag-latvian","14":"tag-latviesu","15":"tag-latviesu-valoda","16":"tag-latviesuvaloda","17":"tag-latvija","18":"tag-lv","19":"tag-muzikas-konkurss","20":"tag-skatuves-dizains","21":"tag-vine"},"share_on_mastodon":{"url":"https:\/\/pubeurope.com\/@lv\/115741148046913220","error":""},"_links":{"self":[{"href":"https:\/\/www.europesays.com\/lv\/wp-json\/wp\/v2\/posts\/79030","targetHints":{"allow":["GET"]}}],"collection":[{"href":"https:\/\/www.europesays.com\/lv\/wp-json\/wp\/v2\/posts"}],"about":[{"href":"https:\/\/www.europesays.com\/lv\/wp-json\/wp\/v2\/types\/post"}],"author":[{"embeddable":true,"href":"https:\/\/www.europesays.com\/lv\/wp-json\/wp\/v2\/users\/2"}],"replies":[{"embeddable":true,"href":"https:\/\/www.europesays.com\/lv\/wp-json\/wp\/v2\/comments?post=79030"}],"version-history":[{"count":0,"href":"https:\/\/www.europesays.com\/lv\/wp-json\/wp\/v2\/posts\/79030\/revisions"}],"wp:featuredmedia":[{"embeddable":true,"href":"https:\/\/www.europesays.com\/lv\/wp-json\/wp\/v2\/media\/79031"}],"wp:attachment":[{"href":"https:\/\/www.europesays.com\/lv\/wp-json\/wp\/v2\/media?parent=79030"}],"wp:term":[{"taxonomy":"category","embeddable":true,"href":"https:\/\/www.europesays.com\/lv\/wp-json\/wp\/v2\/categories?post=79030"},{"taxonomy":"post_tag","embeddable":true,"href":"https:\/\/www.europesays.com\/lv\/wp-json\/wp\/v2\/tags?post=79030"}],"curies":[{"name":"wp","href":"https:\/\/api.w.org\/{rel}","templated":true}]}}