{"id":79065,"date":"2025-12-18T15:16:08","date_gmt":"2025-12-18T15:16:08","guid":{"rendered":"https:\/\/www.europesays.com\/lv\/79065\/"},"modified":"2025-12-18T15:16:08","modified_gmt":"2025-12-18T15:16:08","slug":"saeima-nelemj-par-grozijumiem-butiskai-talmacibas-ierobezosanai","status":"publish","type":"post","link":"https:\/\/www.europesays.com\/lv\/79065\/","title":{"rendered":"Saeima nelemj par groz\u012bjumiem b\u016btiskai t\u0101lm\u0101c\u012bbas ierobe\u017eo\u0161anai"},"content":{"rendered":"<p>Debat\u0113jot par groz\u012bjumiem, AS Saeimas frakcijas vad\u012bt\u0101js Edgars Tavars nor\u0101d\u012bja, ka, ja Saeima likumu pie\u0146ems, AS l\u016bg\u0161ot Valsts prezidentam Edgaram Rink\u0113vi\u010dam to atdot Saeimai otrreiz\u0113jai caurl\u016bko\u0161anai.<\/p>\n<p>Linda Matisone (AS) v\u0113rt\u0113ja, ka \u0161is likums rad\u012b\u0161ot papildu birokr\u0101tisko slogu pa\u0161vald\u012bb\u0101m. Turkl\u0101t, p\u0113c Matisones v\u0101rdiem, paradoks\u0101li esot, ka tas notiek laik\u0101, kad vald\u012bba ir izveidojusi pat speci\u0101lu darba grupu birokr\u0101tijas mazin\u0101\u0161anai.<\/p>\n<p>&#8220;Daudziem b\u0113rniem t\u0101lm\u0101c\u012bba nav kapr\u012bze, bet vien\u012bg\u0101 iesp\u0113ja ieg\u016bt izgl\u012bt\u012bbu. Piem\u0113ram, b\u0113rniem ar uzved\u012bbas trauc\u0113jumiem, b\u0113rniem ar hronisk\u0101m slim\u012bb\u0101m vai b\u0113rniem, kuri dz\u012bvo gr\u016bti sasniedzam\u0101s viet\u0101s, un ar\u012b b\u0113rniem, kuri kl\u0101tienes skol\u0101 piedz\u012bvo pazemo\u0161anu, vardarb\u012bbu un mobingu,&#8221; pauda Matisone, aicinot saglab\u0101t ties\u012bbas vec\u0101kiem pa\u0161iem lemt par savu b\u0113rnu izgl\u012bto\u0161anu t\u0101lm\u0101c\u012bb\u0101.<\/p>\n<p>Groz\u012bjumu m\u0113r\u0137is ir preciz\u0113t izgl\u012bt\u012bbas formas un stiprin\u0101t ieg\u016bt\u0101s izgl\u012bt\u012bbas kvalit\u0101ti. Izmai\u0146as paredz aizst\u0101t nekl\u0101tieni ar nepilna laika kl\u0101tieni, vienlaikus ievie\u0161ot kombin\u0113t\u0101s <a href=\"https:\/\/www.tvnet.lv\/term\/567017\/macibas\" class=\"topicLink\" target=\"_blank\" rel=\"nofollow noopener\">m\u0101c\u012bbas<\/a>. Saeimas Izgl\u012bt\u012bbas, kult\u016bras un zin\u0101tnes komisija nor\u0101da, ka t\u0101s \u013caus organiz\u0113t m\u0101c\u012bbu procesu, elast\u012bgi kombin\u0113jot da\u017e\u0101dus m\u0101c\u012bbu l\u012bdzek\u013cus un metodes, tostarp att\u0101lin\u0101tos elementus vai m\u0101c\u012bbas tie\u0161saist\u0113. T\u0101pat \u0161\u0101ds regul\u0113jums papla\u0161in\u0101s iesp\u0113jas kvalitat\u012bvai m\u0101c\u012bbu nodro\u0161in\u0101\u0161anai kl\u0101tien\u0113, uzsver komisij\u0101.<\/p>\n","protected":false},"excerpt":{"rendered":"Debat\u0113jot par groz\u012bjumiem, AS Saeimas frakcijas vad\u012bt\u0101js Edgars Tavars nor\u0101d\u012bja, ka, ja Saeima likumu pie\u0146ems, AS l\u016bg\u0161ot Valsts&hellip;\n","protected":false},"author":2,"featured_media":68156,"comment_status":"","ping_status":"","sticky":false,"template":"","format":"standard","meta":{"footnotes":""},"categories":[12],"tags":[23,28,29,32,33,22,336,30,31,35,39,38,36,37,34,40,1926,20,26,27,24,25,21],"class_list":{"0":"post-79065","1":"post","2":"type-post","3":"status-publish","4":"format-standard","5":"has-post-thumbnail","7":"category-latvija","8":"tag-aktualitates","9":"tag-breaking-news","10":"tag-breakingnews","11":"tag-featured-news","12":"tag-featurednews","13":"tag-headlines","14":"tag-izglitiba","15":"tag-latest-news","16":"tag-latestnews","17":"tag-latvia","18":"tag-latvian","19":"tag-latviesu","20":"tag-latviesu-valoda","21":"tag-latviesuvaloda","22":"tag-latvija","23":"tag-lv","24":"tag-macibas","25":"tag-news","26":"tag-popularakas-zinas","27":"tag-popularakaszinas","28":"tag-top-stories","29":"tag-topstories","30":"tag-zinas"},"share_on_mastodon":{"url":"https:\/\/pubeurope.com\/@lv\/115741234575784174","error":""},"_links":{"self":[{"href":"https:\/\/www.europesays.com\/lv\/wp-json\/wp\/v2\/posts\/79065","targetHints":{"allow":["GET"]}}],"collection":[{"href":"https:\/\/www.europesays.com\/lv\/wp-json\/wp\/v2\/posts"}],"about":[{"href":"https:\/\/www.europesays.com\/lv\/wp-json\/wp\/v2\/types\/post"}],"author":[{"embeddable":true,"href":"https:\/\/www.europesays.com\/lv\/wp-json\/wp\/v2\/users\/2"}],"replies":[{"embeddable":true,"href":"https:\/\/www.europesays.com\/lv\/wp-json\/wp\/v2\/comments?post=79065"}],"version-history":[{"count":0,"href":"https:\/\/www.europesays.com\/lv\/wp-json\/wp\/v2\/posts\/79065\/revisions"}],"wp:featuredmedia":[{"embeddable":true,"href":"https:\/\/www.europesays.com\/lv\/wp-json\/wp\/v2\/media\/68156"}],"wp:attachment":[{"href":"https:\/\/www.europesays.com\/lv\/wp-json\/wp\/v2\/media?parent=79065"}],"wp:term":[{"taxonomy":"category","embeddable":true,"href":"https:\/\/www.europesays.com\/lv\/wp-json\/wp\/v2\/categories?post=79065"},{"taxonomy":"post_tag","embeddable":true,"href":"https:\/\/www.europesays.com\/lv\/wp-json\/wp\/v2\/tags?post=79065"}],"curies":[{"name":"wp","href":"https:\/\/api.w.org\/{rel}","templated":true}]}}