{"id":79066,"date":"2025-12-18T15:17:12","date_gmt":"2025-12-18T15:17:12","guid":{"rendered":"https:\/\/www.europesays.com\/lv\/79066\/"},"modified":"2025-12-18T15:17:12","modified_gmt":"2025-12-18T15:17:12","slug":"par-go3-izpilddirektoru-baltija-no-nakama-gada-klus-toms-burovs-dienas-bizness","status":"publish","type":"post","link":"https:\/\/www.europesays.com\/lv\/79066\/","title":{"rendered":"Par Go3 izpilddirektoru Baltij\u0101 no n\u0101kam\u0101 gada k\u013c\u016bs Toms Burovs :: Dienas Bizness"},"content":{"rendered":"<p class=\"text-font font-size--text-xlarge margin-3--bottom font-weight--bold padding-1--top\">Vi\u013c\u0146\u0101 norisin\u0101j\u0101s \u201cBaltic Brand Forum 2025\u201d, un pas\u0101kuma nosl\u0113gum\u0101 tika pazi\u0146oti Baltijas iedz\u012bvot\u0101ju m\u012bl\u0113t\u0101kie z\u012bmoli asto\u0146\u0101s kategorij\u0101s.<\/p>\n<p class=\"text-font font-size--text-xlarge margin-3--bottom\">Ar\u012b \u0161ogad Latvijas, Lietuvas un Igaunijas z\u012bmoli sacent\u0101s par atzin\u012bbu, ko noteica pla\u0161\u0101kaj\u0101 z\u012bmolu un dz\u012bvesstila p\u0113t\u012bjum\u0101 re\u0123ion\u0101 \u201cBrand Capital\u201d.<\/p>\n<p class=\"text-font font-size--text-xlarge margin-3--bottom\">Latvij\u0101 2025. gada uzvar\u0113t\u0101ji ir:<\/p>\n<p class=\"text-font font-size--text-xlarge margin-3--bottom\">Strauj\u0101k augo\u0161ais z\u012bmols \u2013 \u201c\u0136ekava\u201d<\/p>\n<p class=\"text-font font-size--text-xlarge margin-3--bottom\">Za\u013c\u0101kais z\u012bmols \u2013 \u201cLatvijas Valsts me\u017ei\u201d<\/p>\n<p class=\"text-font font-size--text-xlarge margin-3--bottom\">Cilv\u0113c\u012bg\u0101kais z\u012bmols \u2013 \u201cSwedbank\u201d<\/p>\n<p class=\"text-font font-size--text-xlarge margin-3--bottom\">M\u012bl\u0113t\u0101kais z\u012bmols \u2013 \u201cSwedbank\u201d&#8217;<\/p>\n<p class=\"text-font font-size--text-xlarge margin-3--bottom\">M\u012bl\u0113t\u0101kais viet\u0113jo ra\u017eot\u0101ju z\u012bmols \u2013 \u201cK\u0101rums\u201d<\/p>\n<p class=\"text-font font-size--text-xlarge margin-3--bottom\">M\u012bl\u0113t\u0101kais mediju z\u012bmols \u2013 Latvijas telev\u012bzija<\/p>\n<p class=\"text-font font-size--text-xlarge margin-3--bottom\">Izdev\u012bg\u0101kais z\u012bmols \u2013 \u201cDepo\u201d<\/p>\n<p class=\"text-font font-size--text-xlarge margin-3--bottom\">Rezon\u0113jo\u0161\u0101kais z\u012bmols \u2013 \u201cSwedbank\u201d<\/p>\n<p class=\"text-font font-size--text-xlarge margin-3--bottom\">Savuk\u0101rt Baltijas kopv\u0113rt\u0113jum\u0101 par uzvar\u0113t\u0101jiem k\u013cuva:<\/p>\n<p class=\"text-font font-size--text-xlarge margin-3--bottom\">Strauj\u0101k augo\u0161ais z\u012bmols \u2013 \u201cIkea\u201d<\/p>\n<p class=\"text-font font-size--text-xlarge margin-3--bottom\">Za\u013c\u0101kais z\u012bmols \u2013 \u201cIkea\u201d<\/p>\n<p class=\"text-font font-size--text-xlarge margin-3--bottom\">Cilv\u0113c\u012bg\u0101kais z\u012bmols \u2013 \u201cSwedbank\u201d<\/p>\n<p class=\"text-font font-size--text-xlarge margin-3--bottom\">M\u012bl\u0113t\u0101kais z\u012bmols \u2013 \u201cSwedbank\u201d<\/p>\n<p class=\"text-font font-size--text-xlarge margin-3--bottom\">M\u012bl\u0113t\u0101kais viet\u0113jo ra\u017eot\u0101ju z\u012bmols \u2013 \u201cK\u0101rums\u201d<\/p>\n","protected":false},"excerpt":{"rendered":"Vi\u013c\u0146\u0101 norisin\u0101j\u0101s \u201cBaltic Brand Forum 2025\u201d, un pas\u0101kuma nosl\u0113gum\u0101 tika pazi\u0146oti Baltijas iedz\u012bvot\u0101ju m\u012bl\u0113t\u0101kie z\u012bmoli asto\u0146\u0101s kategorij\u0101s. Ar\u012b&hellip;\n","protected":false},"author":2,"featured_media":79067,"comment_status":"","ping_status":"","sticky":false,"template":"","format":"standard","meta":{"footnotes":""},"categories":[5],"tags":[23,869,77,870,28,29,867,32,33,22,30,31,35,39,38,36,37,34,871,868,40,20,26,27,24,25,21],"class_list":{"0":"post-79066","1":"post","2":"type-post","3":"status-publish","4":"format-standard","5":"has-post-thumbnail","7":"category-aktualitates","8":"tag-aktualitates","9":"tag-biznesa-zinas","10":"tag-bizness","11":"tag-bizness-latvija","12":"tag-breaking-news","13":"tag-breakingnews","14":"tag-dienas-zinas","15":"tag-featured-news","16":"tag-featurednews","17":"tag-headlines","18":"tag-latest-news","19":"tag-latestnews","20":"tag-latvia","21":"tag-latvian","22":"tag-latviesu","23":"tag-latviesu-valoda","24":"tag-latviesuvaloda","25":"tag-latvija","26":"tag-latvijas-biznesa-zinas","27":"tag-latvijas-zinas","28":"tag-lv","29":"tag-news","30":"tag-popularakas-zinas","31":"tag-popularakaszinas","32":"tag-top-stories","33":"tag-topstories","34":"tag-zinas"},"share_on_mastodon":{"url":"https:\/\/pubeurope.com\/@lv\/115741238409489304","error":""},"_links":{"self":[{"href":"https:\/\/www.europesays.com\/lv\/wp-json\/wp\/v2\/posts\/79066","targetHints":{"allow":["GET"]}}],"collection":[{"href":"https:\/\/www.europesays.com\/lv\/wp-json\/wp\/v2\/posts"}],"about":[{"href":"https:\/\/www.europesays.com\/lv\/wp-json\/wp\/v2\/types\/post"}],"author":[{"embeddable":true,"href":"https:\/\/www.europesays.com\/lv\/wp-json\/wp\/v2\/users\/2"}],"replies":[{"embeddable":true,"href":"https:\/\/www.europesays.com\/lv\/wp-json\/wp\/v2\/comments?post=79066"}],"version-history":[{"count":0,"href":"https:\/\/www.europesays.com\/lv\/wp-json\/wp\/v2\/posts\/79066\/revisions"}],"wp:featuredmedia":[{"embeddable":true,"href":"https:\/\/www.europesays.com\/lv\/wp-json\/wp\/v2\/media\/79067"}],"wp:attachment":[{"href":"https:\/\/www.europesays.com\/lv\/wp-json\/wp\/v2\/media?parent=79066"}],"wp:term":[{"taxonomy":"category","embeddable":true,"href":"https:\/\/www.europesays.com\/lv\/wp-json\/wp\/v2\/categories?post=79066"},{"taxonomy":"post_tag","embeddable":true,"href":"https:\/\/www.europesays.com\/lv\/wp-json\/wp\/v2\/tags?post=79066"}],"curies":[{"name":"wp","href":"https:\/\/api.w.org\/{rel}","templated":true}]}}