{"id":79068,"date":"2025-12-18T15:19:11","date_gmt":"2025-12-18T15:19:11","guid":{"rendered":"https:\/\/www.europesays.com\/lv\/79068\/"},"modified":"2025-12-18T15:19:11","modified_gmt":"2025-12-18T15:19:11","slug":"sis-gads-iezimejis-izskirosu-bridi-federacijas-attistiba-lente-lv-2","status":"publish","type":"post","link":"https:\/\/www.europesays.com\/lv\/79068\/","title":{"rendered":"&#8220;\u0160is gads iez\u012bm\u0113jis iz\u0161\u0137iro\u0161u br\u012bdi feder\u0101cijas att\u012bst\u012bb\u0101&#8221;\u00a0\u2014\u00a0Lente.lv"},"content":{"rendered":"<p>FIA prezidenta Mohameda Bin Sulajema p\u0101rliec\u012bba par feder\u0101cijas izaugsmi<\/p>\n<p>Pag\u0101ju\u0161aj\u0101 ned\u0113\u013c\u0101 Ta\u0161kent\u0101, Uzbekist\u0101n\u0101, notiku\u0161aj\u0101 Starptautisk\u0101s Automobi\u013cu feder\u0101cijas (FIA) ikgad\u0113j\u0101 \u0122ener\u0101laj\u0101 Asamblej\u0101 par FIA prezidentu uz otro pilnvaru termi\u0146u tika apstiprin\u0101ts Mohameds Bin Sulajems. Vi\u0146a p\u0101rliec\u012bba par feder\u0101cijas virz\u012bbu ir sp\u0113c\u012bga, uzsverot, ka aizvad\u012btais gads ir bijis iz\u0161\u0137ir\u012bgs FIA att\u012bst\u012bb\u0101, pan\u0101kot v\u0113sturisku finan\u0161u pav\u0113rsienu un nodro\u0161inot stabil\u0101ku n\u0101kotni pasaules \u010dempion\u0101tiem. Bin Sulajems ar\u012b uzsv\u0113ra FIA m\u0113r\u0137i veicin\u0101t dro\u0161\u0101ku, ilgtsp\u0113j\u012bg\u0101ku un pieejam\u0101ku mobilit\u0101ti vis\u0101 pasaul\u0113. Sav\u0101 uzrun\u0101 vi\u0146\u0161 pateic\u0101s Uzbekist\u0101nai un Nacion\u0101lajai Automobi\u013cu feder\u0101cijai un Kartinga savien\u012bbai (NAFKU) par viesm\u012bl\u012bbu, k\u0101 ar\u012b biedru klubiem par vi\u0146u nelok\u0101mo ap\u0146\u0113m\u012bbu un aizraut\u012bbu. <\/p>\n<p>Latvijas Automobi\u013cu feder\u0101cijas (LAF) atbalsts un sadarb\u012bba<\/p>\n<p>Latvijas Automobi\u013cu feder\u0101cijas (LAF) p\u0101rst\u0101vji, tostarp prezidents Raimonds Kisiels, viceprezidents J\u0101nis Krasti\u0146\u0161, \u0123ener\u0101lsekret\u0101re Linda Medne un Drifta komisijas vad\u012bt\u0101ja El\u012bne Ber\u0137e Blu\u0161a, piedal\u012bj\u0101s \u0122ener\u0101laj\u0101 Asamblej\u0101. LAF sveic Mohamedu Bin Sulajemu ar atk\u0101rtotu iev\u0113l\u0113\u0161anu un pau\u017e cer\u012bbu uz veiksm\u012bgu un att\u012bst\u012bbas pilnu n\u0101kamo \u010detru gadu periodu. K\u0101 uzsv\u0113ris LAF prezidents Raimonds Kisiels, Bin Sulajema atk\u0101rtot\u0101 iev\u0113l\u0113\u0161ana apliecina FIA biedru uztic\u012bbu vi\u0146a redz\u0113jumam un l\u012bder\u012bbai, kas ir b\u016btiski ar\u012b Latvijai, nodro\u0161inot izaugsmes iesp\u0113jas, augsta l\u012bme\u0146a sacens\u012bbu att\u012bst\u012bbu un nacion\u0101l\u0101s autosporta sist\u0113mas pilnveido\u0161anu. LAF ir gatava turpin\u0101t akt\u012bvu un konstrukt\u012bvu sadarb\u012bbu ar FIA, lai kop\u012bgi veidotu autosporta n\u0101kotni.<\/p>\n<blockquote>\n<p>\u201cLieli sasniegumi nekad nav viena br\u012b\u017ea vai viena cilv\u0113ka rezult\u0101ts \u2013 tie ir neskait\u0101mu p\u016b\u013cu, kop\u012bgu v\u0113rt\u012bbu un kolekt\u012bvas drosmes uzkr\u0101jums. Tie\u0161i tas raksturo m\u016bsu feder\u0101ciju. Katrs l\u0113mums, katra inov\u0101cija un katra kalpo\u0161anas stunda ir m\u016bs atvedusi l\u012bdz vietai, kur\u0101 esam \u0161odien. \u0160is gads ir iez\u012bm\u0113jis iz\u0161\u0137iro\u0161u br\u012bdi FIA att\u012bst\u012bb\u0101.\u201d \u2013 Mohameds Bin Sulajems<\/p>\n<\/blockquote>\n<p>FIA loma pasaules autosport\u0101 un mobilit\u0101t\u0113<\/p>\n<p>Mohameds Bin Sulajems, kur\u0161 ir 14 k\u0101rt\u0113js Tuvo Austrumu rallija \u010dempions, uzs\u0101ks savu otro \u010detru gadu termi\u0146u FIA prezidenta amat\u0101, nomainot \u017danu Todu 2021. gad\u0101. Vi\u0146a vad\u012bb\u0101 FIA turpina str\u0101d\u0101t pie autosporta pieejam\u012bbas, inov\u0101cij\u0101m un god\u012bgas sacens\u012bbu vides stiprin\u0101\u0161anas vis\u0101 pasaul\u0113. T\u0101pat FIA ir akt\u012bva, veicinot dro\u0161\u0101ku un ilgtsp\u0113j\u012bg\u0101ku mobilit\u0101ti. \u0160ie centieni ir b\u016btiski gan pasaules m\u0113rog\u0101, gan ar\u012b lok\u0101li katrai nacion\u0101lajai feder\u0101cijai, nodro\u0161inot platformu att\u012bst\u012bbai un progresam. Lai gan iepriek\u0161\u0113jie priek\u0161v\u0113l\u0113\u0161anu procesi ir biju\u0161i ar\u012b saspringti, piem\u0113ram, ar tiesu apstr\u012bd\u0113t\u0101m v\u0113l\u0113\u0161an\u0101m, FIA uzsver, ka v\u0113l\u0113\u0161anas notiek saska\u0146\u0101 ar stat\u016btiem, nodro\u0161inot caursp\u012bd\u012bgu un demokr\u0101tisku procesu. <\/p>\n<p>Latvie\u0161u ieguld\u012bjums FIA strukt\u016br\u0101s<\/p>\n<p>J\u0101atz\u012bm\u0113, ka vair\u0101ki Latvijas Automobi\u013cu feder\u0101cijas p\u0101rst\u0101vji akt\u012bvi darbojas ar\u012b FIA strukt\u016br\u0101s. Linda Medne ir iecelta par FIA \u201cRoad Sport\u201d komitejas prezidenti un turpina darbu k\u0101 viceprezidente FIA \u0160osejas komitej\u0101, k\u0101 ar\u012b ir dal\u012bbniece \u201cSievietes autosport\u0101\u201d komisij\u0101. El\u012bne Ber\u0137e Blu\u0161a ir FIA Drifta komisijas dal\u012bbniece, J\u0101nis Krasti\u0146\u0161 ir FIA Rallija komisijas biedrs, un Gun\u0101rs Kosojs ar\u012b akt\u012bvi piedal\u0101s FIA komisiju darb\u0101. \u0160o Latvijas p\u0101rst\u0101vju akt\u012bv\u0101 darb\u012bba FIA strukt\u016br\u0101s apliecina augstu nov\u0113rt\u0113jumu vi\u0146u profesionalit\u0101tei un ieguld\u012bjumam autosporta att\u012bst\u012bb\u0101 gan Latvij\u0101, gan starptautisk\u0101 l\u012bmen\u012b. \u0160is darbs ir sabiedrisks un netiek atalgots, ta\u010du tas sniedz iev\u0113rojamu ieguld\u012bjumu autosporta n\u0101kotnes veido\u0161an\u0101.<\/p>\n","protected":false},"excerpt":{"rendered":"FIA prezidenta Mohameda Bin Sulajema p\u0101rliec\u012bba par feder\u0101cijas izaugsmi Pag\u0101ju\u0161aj\u0101 ned\u0113\u013c\u0101 Ta\u0161kent\u0101, Uzbekist\u0101n\u0101, notiku\u0161aj\u0101 Starptautisk\u0101s Automobi\u013cu feder\u0101cijas (FIA)&hellip;\n","protected":false},"author":2,"featured_media":79069,"comment_status":"","ping_status":"","sticky":false,"template":"","format":"standard","meta":{"footnotes":""},"categories":[17],"tags":[280,4174,19849,35,39,38,36,37,34,19848,40,19847,67],"class_list":{"0":"post-79068","1":"post","2":"type-post","3":"status-publish","4":"format-standard","5":"has-post-thumbnail","7":"category-sports","8":"tag-autosports","9":"tag-fia","10":"tag-generala-asambleja","11":"tag-latvia","12":"tag-latvian","13":"tag-latviesu","14":"tag-latviesu-valoda","15":"tag-latviesuvaloda","16":"tag-latvija","17":"tag-latvijas-automobilu-federacija","18":"tag-lv","19":"tag-mohameds-bin-sulajems","20":"tag-sports"},"share_on_mastodon":{"url":"https:\/\/pubeurope.com\/@lv\/115741246332182307","error":""},"_links":{"self":[{"href":"https:\/\/www.europesays.com\/lv\/wp-json\/wp\/v2\/posts\/79068","targetHints":{"allow":["GET"]}}],"collection":[{"href":"https:\/\/www.europesays.com\/lv\/wp-json\/wp\/v2\/posts"}],"about":[{"href":"https:\/\/www.europesays.com\/lv\/wp-json\/wp\/v2\/types\/post"}],"author":[{"embeddable":true,"href":"https:\/\/www.europesays.com\/lv\/wp-json\/wp\/v2\/users\/2"}],"replies":[{"embeddable":true,"href":"https:\/\/www.europesays.com\/lv\/wp-json\/wp\/v2\/comments?post=79068"}],"version-history":[{"count":0,"href":"https:\/\/www.europesays.com\/lv\/wp-json\/wp\/v2\/posts\/79068\/revisions"}],"wp:featuredmedia":[{"embeddable":true,"href":"https:\/\/www.europesays.com\/lv\/wp-json\/wp\/v2\/media\/79069"}],"wp:attachment":[{"href":"https:\/\/www.europesays.com\/lv\/wp-json\/wp\/v2\/media?parent=79068"}],"wp:term":[{"taxonomy":"category","embeddable":true,"href":"https:\/\/www.europesays.com\/lv\/wp-json\/wp\/v2\/categories?post=79068"},{"taxonomy":"post_tag","embeddable":true,"href":"https:\/\/www.europesays.com\/lv\/wp-json\/wp\/v2\/tags?post=79068"}],"curies":[{"name":"wp","href":"https:\/\/api.w.org\/{rel}","templated":true}]}}