{"id":79070,"date":"2025-12-18T15:21:24","date_gmt":"2025-12-18T15:21:24","guid":{"rendered":"https:\/\/www.europesays.com\/lv\/79070\/"},"modified":"2025-12-18T15:21:24","modified_gmt":"2025-12-18T15:21:24","slug":"ukrainas-trieciena-cietusajai-agresoru-zemudenei-nepieciesams-kapitalais-remonts","status":"publish","type":"post","link":"https:\/\/www.europesays.com\/lv\/79070\/","title":{"rendered":"Ukrainas triecien\u0101 cietu\u0161ajai agresoru zem\u016bdenei nepiecie\u0161ams kapit\u0101lais remonts"},"content":{"rendered":"<p>Saska\u0146\u0101 ar satel\u012btuz\u0146\u0113mumu un atv\u0113rto avotu (OSINT) datiem zem\u016bdenei nodar\u012bti boj\u0101jumi. V\u0113l divas zem\u016bdenes atst\u0101ju\u0161as t\u0101m paredz\u0113to vietu karaost\u0101.<\/p>\n<p>P\u0113c visa sprie\u017eot, izn\u012bcin\u0101ta zem\u016bdenes dzenskr\u016bve un st\u016bre, boj\u0101ta dzenskr\u016bves v\u0101rpsta, appludin\u0101ts un boj\u0101ts paka\u013cgala nodal\u012bjums, liecina OSINT datu izp\u0113te.<\/p>\n<p>Lai nomain\u012btu dzenskr\u016bves v\u0101rpstu, zem\u016bdenei nepiecie\u0161ams kapit\u0101lais remonts ku\u0123u b\u016bv\u0113tav\u0101. Tas noz\u012bm\u0113 demont\u0113t da\u013cu iek\u0101rtu un paka\u013cgala da\u013cu, kas ar\u012b prasa lielu precizit\u0101ti un ilgu laiku.<\/p>\n<p>Ukrainas Dro\u0161\u012bbas dienests (SBU) veica unik\u0101lu \u012bpa\u0161o oper\u0101ciju, lai Novorosijskas ost\u0101 veiktu triecienu Krievijas 636.3 &#8220;Var\u0161avjanka&#8221; klases zem\u016bdenei.<\/p>\n<p>Tas veikts, izmantojot zem\u016bdens dronus &#8220;Sub Sea Baby&#8221;.<\/p>\n<p>T\u0101 rezult\u0101t\u0101 zem\u016bdenei, kuras v\u0113rt\u012bba sasniedz 400 miljonus dol\u0101ru, tika nodar\u012bti kritiski boj\u0101jumi. Faktiski t\u0101 izsista no ierindas.<\/p>\n<p>Zem\u016bdenei ir \u010detras sp\u0101rnoto ra\u0137e\u0161u &#8220;Ka\u013cibr&#8221; palai\u0161anas iek\u0101rtas. T\u0101s krievi izmanto, lai uzbruktu Ukrainas teritorijai.<\/p>\n","protected":false},"excerpt":{"rendered":"Saska\u0146\u0101 ar satel\u012btuz\u0146\u0113mumu un atv\u0113rto avotu (OSINT) datiem zem\u016bdenei nodar\u012bti boj\u0101jumi. V\u0113l divas zem\u016bdenes atst\u0101ju\u0161as t\u0101m paredz\u0113to vietu&hellip;\n","protected":false},"author":2,"featured_media":79071,"comment_status":"","ping_status":"","sticky":false,"template":"","format":"standard","meta":{"footnotes":""},"categories":[14],"tags":[23,57,28,29,32,33,22,74,30,31,35,39,38,36,37,34,40,20,26,27,24,25,276,54,55,56,9814,21,58],"class_list":{"0":"post-79070","1":"post","2":"type-post","3":"status-publish","4":"format-standard","5":"has-post-thumbnail","7":"category-zinas-no-arvalstim","8":"tag-aktualitates","9":"tag-arvalstim","10":"tag-breaking-news","11":"tag-breakingnews","12":"tag-featured-news","13":"tag-featurednews","14":"tag-headlines","15":"tag-krievijas-iebrukums-ukraina","16":"tag-latest-news","17":"tag-latestnews","18":"tag-latvia","19":"tag-latvian","20":"tag-latviesu","21":"tag-latviesu-valoda","22":"tag-latviesuvaloda","23":"tag-latvija","24":"tag-lv","25":"tag-news","26":"tag-popularakas-zinas","27":"tag-popularakaszinas","28":"tag-top-stories","29":"tag-topstories","30":"tag-ukraina","31":"tag-world","32":"tag-world-news","33":"tag-worldnews","34":"tag-zemudene","35":"tag-zinas","36":"tag-zinas-no-arvalstim"},"share_on_mastodon":{"url":"https:\/\/pubeurope.com\/@lv\/115741254267546000","error":""},"_links":{"self":[{"href":"https:\/\/www.europesays.com\/lv\/wp-json\/wp\/v2\/posts\/79070","targetHints":{"allow":["GET"]}}],"collection":[{"href":"https:\/\/www.europesays.com\/lv\/wp-json\/wp\/v2\/posts"}],"about":[{"href":"https:\/\/www.europesays.com\/lv\/wp-json\/wp\/v2\/types\/post"}],"author":[{"embeddable":true,"href":"https:\/\/www.europesays.com\/lv\/wp-json\/wp\/v2\/users\/2"}],"replies":[{"embeddable":true,"href":"https:\/\/www.europesays.com\/lv\/wp-json\/wp\/v2\/comments?post=79070"}],"version-history":[{"count":0,"href":"https:\/\/www.europesays.com\/lv\/wp-json\/wp\/v2\/posts\/79070\/revisions"}],"wp:featuredmedia":[{"embeddable":true,"href":"https:\/\/www.europesays.com\/lv\/wp-json\/wp\/v2\/media\/79071"}],"wp:attachment":[{"href":"https:\/\/www.europesays.com\/lv\/wp-json\/wp\/v2\/media?parent=79070"}],"wp:term":[{"taxonomy":"category","embeddable":true,"href":"https:\/\/www.europesays.com\/lv\/wp-json\/wp\/v2\/categories?post=79070"},{"taxonomy":"post_tag","embeddable":true,"href":"https:\/\/www.europesays.com\/lv\/wp-json\/wp\/v2\/tags?post=79070"}],"curies":[{"name":"wp","href":"https:\/\/api.w.org\/{rel}","templated":true}]}}