{"id":79117,"date":"2025-12-18T15:59:10","date_gmt":"2025-12-18T15:59:10","guid":{"rendered":"https:\/\/www.europesays.com\/lv\/79117\/"},"modified":"2025-12-18T15:59:10","modified_gmt":"2025-12-18T15:59:10","slug":"lace-piekrit-daleji-saglabat-maf-finansejuma-sadali-pa-mediju-veidiem","status":"publish","type":"post","link":"https:\/\/www.europesays.com\/lv\/79117\/","title":{"rendered":"L\u0101ce piekr\u012bt da\u013c\u0113ji saglab\u0101t MAF finans\u0113juma sadali pa mediju veidiem"},"content":{"rendered":"<p>K\u0101 zi\u0146ots, KM un Mediju politikas konsultat\u012bv\u0101 padome virz\u012bja izmai\u0146as MAF nacion\u0101lo mediju konkurs\u0101, pied\u0101v\u0101jot main\u012bt finans\u0113juma sadal\u012b\u0161anas k\u0101rt\u012bbu, p\u0101rejot no l\u012bdz\u0161in\u0113j\u0101s finans\u0113juma sadales starp mediju veidiem uz &#8220;atv\u0113rtu, konkurenci un kvalit\u0101ti veicino\u0161u konkursa modeli&#8221;.<\/p>\n<p>KM pied\u0101v\u0101t\u0101s izmai\u0146as paredz\u0113ja atteikties no l\u012bdz\u0161in\u0113j\u0101 MAF finans\u0113juma sadal\u012bjuma pa mediju tipiem &#8211; druk\u0101tajai presei, radio, telev\u012bzijai un interneta medijiem, pied\u0101v\u0101jot vienotu konkursu visiem nacion\u0101lajiem medijiem. Tas noz\u012bm\u0113tu, ka turpm\u0101k mediji konkur\u0113tu vien\u0101 grup\u0101, kur galvenais v\u0113rt\u0113\u0161anas krit\u0113rijs b\u016btu sabiedriski noz\u012bm\u012bga satura kvalit\u0101te un ietekme, nevis medija form\u0101ts.<\/p>\n<p>Priek\u0161likuma m\u0113r\u0137is ir veicin\u0101t god\u012bgu konkurenci un piel\u0101goties m\u016bsdienu mediju vides realit\u0101tei, kur robe\u017eas starp mediju veidiem ir izpl\u016bdu\u0161as, argument\u0113ja KM, kuras skat\u012bjum\u0101 izmai\u0146as konkursu padar\u012btu atbilsto\u0161\u0101ku m\u016bsdienu mediju videi, konkur\u0113tsp\u0113j\u012bg\u0101ku un nodro\u0161in\u0101s vienl\u012bdz\u012bg\u0101kas iesp\u0113jas visiem pretendentiem.<\/p>\n<p>Izmai\u0146as 5. decembr\u012b tika skat\u012btas SIF padomes s\u0113d\u0113, ta\u010du da\u017e\u0101du politisko un uz\u0146\u0113m\u0113jdarb\u012bbas intere\u0161u sadursmes rezult\u0101t\u0101 gala l\u0113mumi pie\u0146emti netika.<\/p>\n<p>Latvijas Raidorganiz\u0101ciju asoci\u0101cija, Latvijas Preses izdev\u0113ju asoci\u0101cija un Latvijas Re\u0123ion\u0101lo mediju asoci\u0101cija, kas apvieno elektroniskos pla\u0161sazi\u0146as l\u012bdzek\u013cus un preses izdev\u0113jus, pauda kategoriskus iebildumus pret izmai\u0146\u0101m, savuk\u0101rt atbalstu t\u0101m pauda Latvijas \u017durn\u0101listu asoci\u0101cija, TV neatkar\u012bgo producentu asoci\u0101cija, Baltijas Mediju izcil\u012bbas centrs, Latvijas Inform\u0101cijas un komunik\u0101cijas tehnolo\u0123ijas asoci\u0101cija un Latvijas liel\u0101kie interneta mediji &#8211; AS &#8220;Delfi&#8221; un SIA &#8220;TVNET GRUPA&#8221;.<\/p>\n","protected":false},"excerpt":{"rendered":"K\u0101 zi\u0146ots, KM un Mediju politikas konsultat\u012bv\u0101 padome virz\u012bja izmai\u0146as MAF nacion\u0101lo mediju konkurs\u0101, pied\u0101v\u0101jot main\u012bt finans\u0113juma sadal\u012b\u0161anas&hellip;\n","protected":false},"author":2,"featured_media":79118,"comment_status":"","ping_status":"","sticky":false,"template":"","format":"standard","meta":{"footnotes":""},"categories":[5],"tags":[23,28,29,32,33,22,1813,30,31,35,39,38,36,37,34,40,18976,20,26,27,24,25,21],"class_list":{"0":"post-79117","1":"post","2":"type-post","3":"status-publish","4":"format-standard","5":"has-post-thumbnail","7":"category-aktualitates","8":"tag-aktualitates","9":"tag-breaking-news","10":"tag-breakingnews","11":"tag-featured-news","12":"tag-featurednews","13":"tag-headlines","14":"tag-kulturas-ministrija","15":"tag-latest-news","16":"tag-latestnews","17":"tag-latvia","18":"tag-latvian","19":"tag-latviesu","20":"tag-latviesu-valoda","21":"tag-latviesuvaloda","22":"tag-latvija","23":"tag-lv","24":"tag-mediju-atbalsta-fonds","25":"tag-news","26":"tag-popularakas-zinas","27":"tag-popularakaszinas","28":"tag-top-stories","29":"tag-topstories","30":"tag-zinas"},"share_on_mastodon":{"url":"https:\/\/pubeurope.com\/@lv\/115741403734739212","error":""},"_links":{"self":[{"href":"https:\/\/www.europesays.com\/lv\/wp-json\/wp\/v2\/posts\/79117","targetHints":{"allow":["GET"]}}],"collection":[{"href":"https:\/\/www.europesays.com\/lv\/wp-json\/wp\/v2\/posts"}],"about":[{"href":"https:\/\/www.europesays.com\/lv\/wp-json\/wp\/v2\/types\/post"}],"author":[{"embeddable":true,"href":"https:\/\/www.europesays.com\/lv\/wp-json\/wp\/v2\/users\/2"}],"replies":[{"embeddable":true,"href":"https:\/\/www.europesays.com\/lv\/wp-json\/wp\/v2\/comments?post=79117"}],"version-history":[{"count":0,"href":"https:\/\/www.europesays.com\/lv\/wp-json\/wp\/v2\/posts\/79117\/revisions"}],"wp:featuredmedia":[{"embeddable":true,"href":"https:\/\/www.europesays.com\/lv\/wp-json\/wp\/v2\/media\/79118"}],"wp:attachment":[{"href":"https:\/\/www.europesays.com\/lv\/wp-json\/wp\/v2\/media?parent=79117"}],"wp:term":[{"taxonomy":"category","embeddable":true,"href":"https:\/\/www.europesays.com\/lv\/wp-json\/wp\/v2\/categories?post=79117"},{"taxonomy":"post_tag","embeddable":true,"href":"https:\/\/www.europesays.com\/lv\/wp-json\/wp\/v2\/tags?post=79117"}],"curies":[{"name":"wp","href":"https:\/\/api.w.org\/{rel}","templated":true}]}}