{"id":7921,"date":"2025-09-29T13:17:07","date_gmt":"2025-09-29T13:17:07","guid":{"rendered":"https:\/\/www.europesays.com\/lv\/7921\/"},"modified":"2025-09-29T13:17:07","modified_gmt":"2025-09-29T13:17:07","slug":"foto-video-%e2%9f%a9-tapis-jauns-makskeresanas-piedzivojumu-serials","status":"publish","type":"post","link":"https:\/\/www.europesays.com\/lv\/7921\/","title":{"rendered":"FOTO, VIDEO \u27e9 Tapis jauns mak\u0161\u0137er\u0113\u0161anas piedz\u012bvojumu seri\u0101ls"},"content":{"rendered":"<p>Taj\u0101 trofejas l\u012bdaku mak\u0161\u0137ernieki br\u0101\u013ci Gints un Gun\u0101rs Kl\u0113\u0123eri kop\u0101 ar vair\u0101k\u0101m sabiedr\u012bb\u0101 zin\u0101m\u0101m person\u012bb\u0101m dodas uz Kurzemi l\u012bdaku un copes st\u0101stu mekl\u0113jumos. Tiem pievienojas gan grupas CREDO solists Guntis Veits, gan m\u016bsu olimpiskie \u010dempioni Nauris Miezis un K\u0101rlis Lasmanis, copes le\u0123enda M\u0101ris Olte, rekl\u0101mas nozares viena no spilgt\u0101kaj\u0101m person\u012bb\u0101m \u2013 Voldem\u0101rs D\u016bdums, Kurzemes un ar\u012b Latvijas viens no popul\u0101r\u0101kaj\u0101m copma\u0146iem un jaun\u0101s paaudzes iedvesmot\u0101jiem \u2013 Alex Crazy Fisherman jeb Krists Sp\u0113lmanis un citi.<\/p>\n<p>Kurzem\u0113 br\u0101\u013ci sastap\u0101s gan ar neticamiem st\u0101stiem par milzu l\u012bdak\u0101m, gan ar skaistiem lomiem, gan ar\u012b ar ierasto necopi. Piedz\u012bvota ar\u012b Kurzemes laipn\u012bba un dabas bag\u0101t\u012bbas, pamak\u0161\u0137er\u0113jot ar\u012b j\u016br\u0101, ta\u010du taj\u0101 reiz\u0113 gan l\u012bdaka nebija m\u0113r\u0137a zivs. Par to ikviens var\u0113s p\u0101rliecin\u0101ties jau 2. s\u0113rij\u0101.<\/p>\n<p>\u201cP\u0113rn m\u0113s l\u012bdaku un st\u0101stu mekl\u0113jumos klejoj\u0101m ar draugiem pa Latgali. Tur piedz\u012bvotais un redz\u0113tais, k\u0101 ar\u012b satiktie cilv\u0113ki m\u016bs visus iedvesmoja turpin\u0101t \u0161o st\u0101stu ar Kurzemi, kas ir slavena ar skaistiem un \u013coti at\u0161\u0137ir\u012bgiem ezeriem, ainavisk\u0101m un liel\u0101m up\u0113m, k\u0101 ar\u012b ar me\u017eon\u012bg\u0101m fore\u013cup\u012bt\u0113m, ar zivju daudzveid\u012bbu un pa\u0161u kurzemnieku viesm\u012bl\u012bbu. P\u0113c t\u0101 ar\u012b dev\u0101mies un varu dro\u0161i teikt, ka visu min\u0113to m\u0113s piedz\u012bvoj\u0101m. Un varu mazliet atkl\u0101t, ka Kurzemes zivis bija draudz\u012bg\u0101kas par latgaliet\u0113m,\u201d par projektu saka filmas veidot\u0101js Gun\u0101rs Kl\u0113\u0123ers.<\/p>\n<p>Se\u0161\u0101s s\u0113rij\u0101s br\u0101\u013ci Kl\u0113\u0123eri kop\u0101 ar domubiedru un mak\u0161\u0137ernieku Andri V\u0113tru pabija gan ezeros, gan up\u0113s, gan Baltijas j\u016br\u0101, kur iepazin\u0101s ar\u012b ar S\u0101rnates piekrastes zvejnieku st\u0101stu un ikdienu.<\/p>\n<p>Viss <a href=\"https:\/\/sejas.tvnet.lv\/term\/582531\/serials\" class=\"topicLink\" target=\"_blank\" rel=\"nofollow noopener\">seri\u0101ls<\/a> b\u016bs redzams ReTV \u0113ter\u0101, s\u0101kot ar 30. septembri, otrdien\u0101s 20.25.<\/p>\n","protected":false},"excerpt":{"rendered":"Taj\u0101 trofejas l\u012bdaku mak\u0161\u0137ernieki br\u0101\u013ci Gints un Gun\u0101rs Kl\u0113\u0123eri kop\u0101 ar vair\u0101k\u0101m sabiedr\u012bb\u0101 zin\u0101m\u0101m person\u012bb\u0101m dodas uz Kurzemi&hellip;\n","protected":false},"author":2,"featured_media":7922,"comment_status":"","ping_status":"","sticky":false,"template":"","format":"standard","meta":{"footnotes":""},"categories":[19],"tags":[89,90,35,39,38,36,37,34,40,3315,3314],"class_list":{"0":"post-7921","1":"post","2":"type-post","3":"status-publish","4":"format-standard","5":"has-post-thumbnail","7":"category-izklaide","8":"tag-entertainment","9":"tag-izklaide","10":"tag-latvia","11":"tag-latvian","12":"tag-latviesu","13":"tag-latviesu-valoda","14":"tag-latviesuvaloda","15":"tag-latvija","16":"tag-lv","17":"tag-makskeresana","18":"tag-serials"},"share_on_mastodon":{"url":"","error":""},"_links":{"self":[{"href":"https:\/\/www.europesays.com\/lv\/wp-json\/wp\/v2\/posts\/7921","targetHints":{"allow":["GET"]}}],"collection":[{"href":"https:\/\/www.europesays.com\/lv\/wp-json\/wp\/v2\/posts"}],"about":[{"href":"https:\/\/www.europesays.com\/lv\/wp-json\/wp\/v2\/types\/post"}],"author":[{"embeddable":true,"href":"https:\/\/www.europesays.com\/lv\/wp-json\/wp\/v2\/users\/2"}],"replies":[{"embeddable":true,"href":"https:\/\/www.europesays.com\/lv\/wp-json\/wp\/v2\/comments?post=7921"}],"version-history":[{"count":0,"href":"https:\/\/www.europesays.com\/lv\/wp-json\/wp\/v2\/posts\/7921\/revisions"}],"wp:featuredmedia":[{"embeddable":true,"href":"https:\/\/www.europesays.com\/lv\/wp-json\/wp\/v2\/media\/7922"}],"wp:attachment":[{"href":"https:\/\/www.europesays.com\/lv\/wp-json\/wp\/v2\/media?parent=7921"}],"wp:term":[{"taxonomy":"category","embeddable":true,"href":"https:\/\/www.europesays.com\/lv\/wp-json\/wp\/v2\/categories?post=7921"},{"taxonomy":"post_tag","embeddable":true,"href":"https:\/\/www.europesays.com\/lv\/wp-json\/wp\/v2\/tags?post=7921"}],"curies":[{"name":"wp","href":"https:\/\/api.w.org\/{rel}","templated":true}]}}