{"id":79226,"date":"2025-12-18T19:05:22","date_gmt":"2025-12-18T19:05:22","guid":{"rendered":"https:\/\/www.europesays.com\/lv\/79226\/"},"modified":"2025-12-18T19:05:22","modified_gmt":"2025-12-18T19:05:22","slug":"austrumu-flanga-valstis-pulcejas-somija-lai-stiprinatu-es-drosibu-pret-krievijas-draudiem-lente-lv","status":"publish","type":"post","link":"https:\/\/www.europesays.com\/lv\/79226\/","title":{"rendered":"Austrumu flanga valstis pulc\u0113jas Somij\u0101, lai stiprin\u0101tu ES dro\u0161\u012bbu pret Krievijas draudiem\u00a0\u2014\u00a0Lente.lv"},"content":{"rendered":"<p>Austrumu flanga valstis stiprina dro\u0161\u012bbu ES sarguock\u0101<\/p>\n<p>Somijas galvaspils\u0113t\u0101 Helsinki pulc\u0113jas vair\u0101ku Eiropas Savien\u012bbas dal\u012bbvalstu l\u012bderi, lai kop\u012bgiem sp\u0113kiem mekl\u0113tu veidus, k\u0101 pastiprin\u0101t savu aizsardz\u012bbu un dro\u0161\u012bbu, \u012bpa\u0161i pie bloka austrumu robe\u017eas. K\u0101 inform\u0113 telekan\u0101ls EuroNews, \u0161\u012b ir pirm\u0101 reize, kad \u0161\u0101ds samits notiek. Somijas premjerministrs Petteri Orpo, uz\u0146emot tik\u0161anos, uzsv\u0113ra nepiecie\u0161am\u012bbu r\u012bkoties kop\u012bgi un saska\u0146oti ar ES un NATO. Vi\u0146\u0161 nor\u0101d\u012bja: <\/p>\n<blockquote><p>Mums ir j\u0101dara vair\u0101k kop\u0101, un m\u0113s v\u0113lamies nos\u016bt\u012bt skaidru un stingru sign\u0101lu, ka mums ir j\u0101dara vair\u0101k kop\u0101 un cie\u0161\u0101 koordin\u0101cij\u0101 ar Eiropas Savien\u012bbu un NATO.<\/p><\/blockquote>\n<p> Orpo skaidroja \u0161o steidzamo vajadz\u012bbu, sakot, ka Krievija ir ilgtermi\u0146a drauds vis\u0101m Eiropas valst\u012bm \u2013 gan \u0161odien, gan r\u012bt, gan n\u0101kotn\u0113. Priorit\u0101tes: aizsardz\u012bba, iesald\u0113tie akt\u012bvi un miers Ukrain\u0101<\/p>\n<p>Svar\u012bgs diskusiju temats ir ar\u012b Krievijas iesald\u0113to akt\u012bvu n\u0101kotne, kas pa\u0161laik atrodas Be\u013c\u0123ij\u0101. T\u0101pat apsprie\u017es Ukrainas miera pl\u0101nu un centienus izbeigt Krievijas agresijas karu. Uz samitu ir ieradu\u0161ies premjerministri no Zviedrijas, Igaunijas, Latvijas, Polijas, Bulg\u0101rijas, Rum\u0101nijas un Lietuvas. \u0160is form\u0101ts ir \u012bpa\u0161i svar\u012bgs, jo apvieno valstis, kas tie\u0161i saskaras ar dro\u0161\u012bbas izaicin\u0101jumiem, ko rada Krievijas tuvums.<\/p>\n<p>Eiropas vienot\u012bba un dro\u0161\u012bbas garantijas Ukrainai<\/p>\n<p>P\u0113c iepriek\u0161\u0113j\u0101m sarun\u0101m Berl\u012bn\u0113 Eiropas l\u012bderi apliecin\u0101ja savu gatav\u012bbu aizst\u0101v\u0113t Ukrainu pret turpm\u0101ku Krievijas agresiju. Vi\u0146i iepaz\u012bstin\u0101ja ar detaliz\u0113tu dro\u0161\u012bbas garantiju pied\u0101v\u0101jumu Ukrainai. Somijas premjers Orpo atz\u012bm\u0113ja: <\/p>\n<blockquote><p>Vakar Berl\u012bn\u0113 Ukraina, Eiropa un ASV par\u0101d\u012bja, ka str\u0101d\u0101jot kop\u0101, m\u0113s esam sp\u0113c\u012bg\u0101ki, un mums ir j\u0101turpina \u0161\u012b lab\u0101 sadarb\u012bba, lai pan\u0101ktu labu, ilgtsp\u0113j\u012bgu mieru Ukrain\u0101.<\/p><\/blockquote>\n<p> Zviedrijas premjerministrs Ulfs Krister\u0161ons piebilda, ka ir pan\u0101kts iev\u0113rojams progress, izveidojot pamatu, kas ietver sp\u0113c\u012bgu, labi apr\u012bkotu un apm\u0101c\u012btu Ukrainas armiju, Eiropas sp\u0113kus, kas ir gatavi dot savu ieguld\u012bjumu, un stingru amerik\u0101\u0146u atbalstu k\u0101 dro\u0161\u012bbas garantu. Ce\u013c\u0161 uz mieru: izaicin\u0101jumi un perspekt\u012bvas<\/p>\n<p>Ukrainas prezidents Volodimirs Zelenskis pauda gandar\u012bjumu par progresu sarun\u0101s ar ASV, nor\u0101dot, ka miera priek\u0161likums b\u016bs gatavs iesnieg\u0161anai Maskav\u0101 tuv\u0101kaj\u0101s dien\u0101s. Tom\u0113r joproj\u0101m past\u0101v neatrisin\u0101ti jaut\u0101jumi, piem\u0113ram, okup\u0113to teritoriju statuss un praktiskie meh\u0101nismi, k\u0101 darbosies dro\u0161\u012bbas garantijas, \u012bpa\u0161i t\u0101s, ko sniegs ASV. \u0160ie sare\u017e\u0123\u012btie aspekti uzsver nepiecie\u0161am\u012bbu p\u0113c turpm\u0101kas diplom\u0101tiskas un milit\u0101ras sadarb\u012bbas, lai nodro\u0161in\u0101tu stabilu un dro\u0161u n\u0101kotni Ukrainai un visai Eiropai. \u0160is samits ir noz\u012bm\u012bgs solis \u0161aj\u0101 virzien\u0101, apliecinot kop\u012bgu ap\u0146em\u0161anos st\u0101ties pret\u012b m\u016bsdienu dro\u0161\u012bbas izaicin\u0101jumiem.<\/p>\n","protected":false},"excerpt":{"rendered":"Austrumu flanga valstis stiprina dro\u0161\u012bbu ES sarguock\u0101 Somijas galvaspils\u0113t\u0101 Helsinki pulc\u0113jas vair\u0101ku Eiropas Savien\u012bbas dal\u012bbvalstu l\u012bderi, lai kop\u012bgiem&hellip;\n","protected":false},"author":2,"featured_media":79227,"comment_status":"","ping_status":"","sticky":false,"template":"","format":"standard","meta":{"footnotes":""},"categories":[14],"tags":[23,57,28,29,17435,19919,32,33,22,19920,11185,30,31,35,39,38,36,37,34,40,20,26,27,24,25,16038,54,55,56,21,58],"class_list":{"0":"post-79226","1":"post","2":"type-post","3":"status-publish","4":"format-standard","5":"has-post-thumbnail","7":"category-zinas-no-arvalstim","8":"tag-aktualitates","9":"tag-arvalstim","10":"tag-breaking-news","11":"tag-breakingnews","12":"tag-eiropas-aizsardziba","13":"tag-es-austrumu-flanga-drosiba","14":"tag-featured-news","15":"tag-featurednews","16":"tag-headlines","17":"tag-krievijas-draudi-eiropai","18":"tag-krievijas-iesaldetie-aktivi","19":"tag-latest-news","20":"tag-latestnews","21":"tag-latvia","22":"tag-latvian","23":"tag-latviesu","24":"tag-latviesu-valoda","25":"tag-latviesuvaloda","26":"tag-latvija","27":"tag-lv","28":"tag-news","29":"tag-popularakas-zinas","30":"tag-popularakaszinas","31":"tag-top-stories","32":"tag-topstories","33":"tag-ukrainas-miera-plans","34":"tag-world","35":"tag-world-news","36":"tag-worldnews","37":"tag-zinas","38":"tag-zinas-no-arvalstim"},"share_on_mastodon":{"url":"","error":"Validation failed: Text character limit of 500 exceeded"},"_links":{"self":[{"href":"https:\/\/www.europesays.com\/lv\/wp-json\/wp\/v2\/posts\/79226","targetHints":{"allow":["GET"]}}],"collection":[{"href":"https:\/\/www.europesays.com\/lv\/wp-json\/wp\/v2\/posts"}],"about":[{"href":"https:\/\/www.europesays.com\/lv\/wp-json\/wp\/v2\/types\/post"}],"author":[{"embeddable":true,"href":"https:\/\/www.europesays.com\/lv\/wp-json\/wp\/v2\/users\/2"}],"replies":[{"embeddable":true,"href":"https:\/\/www.europesays.com\/lv\/wp-json\/wp\/v2\/comments?post=79226"}],"version-history":[{"count":0,"href":"https:\/\/www.europesays.com\/lv\/wp-json\/wp\/v2\/posts\/79226\/revisions"}],"wp:featuredmedia":[{"embeddable":true,"href":"https:\/\/www.europesays.com\/lv\/wp-json\/wp\/v2\/media\/79227"}],"wp:attachment":[{"href":"https:\/\/www.europesays.com\/lv\/wp-json\/wp\/v2\/media?parent=79226"}],"wp:term":[{"taxonomy":"category","embeddable":true,"href":"https:\/\/www.europesays.com\/lv\/wp-json\/wp\/v2\/categories?post=79226"},{"taxonomy":"post_tag","embeddable":true,"href":"https:\/\/www.europesays.com\/lv\/wp-json\/wp\/v2\/tags?post=79226"}],"curies":[{"name":"wp","href":"https:\/\/api.w.org\/{rel}","templated":true}]}}