{"id":79268,"date":"2025-12-18T20:05:29","date_gmt":"2025-12-18T20:05:29","guid":{"rendered":"https:\/\/www.europesays.com\/lv\/79268\/"},"modified":"2025-12-18T20:05:29","modified_gmt":"2025-12-18T20:05:29","slug":"sandis-jansons-elektrifikacija-un-geopolitika-pieprasis-ieguldijumus-elektrotikla-stiprinasana-ari-2026-gada-delfi","status":"publish","type":"post","link":"https:\/\/www.europesays.com\/lv\/79268\/","title":{"rendered":"Sandis Jansons: Elektrifik\u0101cija un \u0123eopolitika piepras\u012bs ieguld\u012bjumus elektrot\u012bkla stiprin\u0101\u0161an\u0101 ar\u012b 2026. gad\u0101 &#8211; Delfi"},"content":{"rendered":"<ol>\n<li><a href=\"https:\/\/news.google.com\/rss\/articles\/CBMi_wFBVV95cUxPV1lHTkZGSVZXaUctNEphR250am1YNy1nSUtGczM5RDJCLTdSdldkaEdIcFoya2Q2Q2RfSHExcHA0WmowejVFVTYzWGhpN1lBX0EzSHNBNG5QQVdrVU5VNnBQV1VlZUlhOV96MzBGZmZhQW1vMHF3SzNOdlFhUFlWc2FGRlRYT1hLU1hmcnFrM3pTYk1nbHVpRktlcWUtempSNUo3RHFnMzdQelc2YUo2Mm5sUUtPUHVkMGNaUFo0QTVvZVZhN2h5R2JVczJDMEtUNDRQYTFjcDl4RVI1Ump3YkUwc2lZLTRFOEZ6d3N3T0J4SElSb215UEhaSGIyS2s?oc=5\" target=\"_blank\" rel=\"nofollow noopener\">Sandis Jansons: Elektrifik\u0101cija un \u0123eopolitika piepras\u012bs ieguld\u012bjumus elektrot\u012bkla stiprin\u0101\u0161an\u0101 ar\u012b 2026. gad\u0101<\/a>&nbsp;&nbsp;Delfi<\/li>\n<li><a href=\"https:\/\/news.google.com\/rss\/articles\/CBMitwFBVV95cUxQRTI5RzlCb25oRzVxMG4zM2Z6ZmdzRVhwNDdRa3F2WWt0YzhyOWZCSVNtbDJjLXYtRHRaUW1BQks1Q0tvUGcza0M2eVdxTlZ4MUZGS29EY3JuWjh4bnB6QmxOUWJhTEpnc0R6dElxdWFwTVRuVzNDYVBnU1dxeUV0UWlib1EzYTdHREJTQlVjeGlEZmdiNkxMU0hOeEhUM0FvYVhuYkVyTFFFOFhpazd5NHlSVExYSHc?oc=5\" target=\"_blank\" rel=\"nofollow noopener\">Ener\u0123\u0113tikas ministru padom\u0113 pausts atbalsts EISI turpin\u0101\u0161anai ES daudzgadu bud\u017eet\u0101<\/a>&nbsp;&nbsp;Klimata un ener\u0123\u0113tikas ministrija<\/li>\n<li><a href=\"https:\/\/news.google.com\/rss\/articles\/CBMi5gFBVV95cUxPVE5RakpmWm93YUFyellfR3R0OU1GSTg3eWNpRFRlUUc2SC1hOC14TWlCV3lrRTVYbU85TndILTB6UE5CWVlLMDlsN28xd2FwSHo2LWx1MTJSM2x5eGZSMGFSQnVFUnRKV1lUVjA4ZnhqZWU2Q1VtODFMQWg5LVRYMTRtSlhMY3Bnb2hKbDBpZjlRNEs3ZHlaeVJYZTdZcWNMbnpwakNHY3M5cDUwU2VNa2k1aHdYZGg0b1lZMFdNaG1tSElrX25yb1NlV2E0UEtpWnFuUUtfSVlDZmpUQnVSc3dSQXZIUQ?oc=5\" target=\"_blank\" rel=\"nofollow noopener\">EK v\u0113las ieviest vienot\u0101ku elektrot\u012bklu; cer mazin\u0101t elektr\u012bbas zudumus un mazin\u0101t r\u0113\u0137inus \/ Raksts<\/a>&nbsp;&nbsp;LSM<\/li>\n<li><a href=\"https:\/\/news.google.com\/rss\/articles\/CBMi0gFBVV95cUxORm9sb1hBdzc5U285X3d1WnJlanpwcEM1eUlFOWdGbEU1Z01ScDd3d1l3Q2U2R3REN2R6T0hHMG12bmhrLVF0NnRXUEdvMTNRZzY4S1ZlaHU2UWtUOGVPVk44MlZtdVJGVlE5U3FDUkpldFB5eUxEUzBEbE5Ic3pHNWl2UFpZSlJWSWluaHVEeHhVZUpCWGEzSHRRWXlRVFBVME94U2d4ZjBZSzAtUUhTaGxQU0R6ZnljX0tDSkt1WkhWaUVhX1V6UzNGUTJRbmhWTlE?oc=5\" target=\"_blank\" rel=\"nofollow noopener\">ES pl\u0101no moderniz\u0113t energoinfrastrukt\u016bru, lai samazin\u0101tu r\u0113\u0137inus un palielin\u0101tu neatkar\u012bbu<\/a>&nbsp;&nbsp;European Commission<\/li>\n<li><a href=\"https:\/\/news.google.com\/rss\/articles\/CBMizAFBVV95cUxNN0VVSHJHS3ROR29HaTgxUzl2bmtxVUw1Tjl0V0UwUmtqUkVEVllvVzVYa0ZQQ0s0d2NRNTNYTy1uaXBnRXh5eE0zZ0k5S2NBNl9fVGFVQmc1S1FFU21wa2hTZjUzaXVBXzVua0ltRTNnNVlPSnM2WkdwYmVwMUZ3emRGZDR2eC1zekdIdTcyVmUtYWpDWkQ5dEVCVldEaEdVQTZzUG01Y2RlMzgzSXE1V1d4TkdqOXJzXzBhYVNKc3Rab0hRTmRKdFdFTUE?oc=5\" target=\"_blank\" rel=\"nofollow noopener\">ES ener\u0123\u0113tikas ministri s\u0101k risin\u0101t radu\u0161\u0101s cenu at\u0161\u0137ir\u012bbas starp dal\u012bbvalst\u012bm<\/a>&nbsp;&nbsp;Lente.lv<\/li>\n<\/ol>\n","protected":false},"excerpt":{"rendered":"Sandis Jansons: Elektrifik\u0101cija un \u0123eopolitika piepras\u012bs ieguld\u012bjumus elektrot\u012bkla stiprin\u0101\u0161an\u0101 ar\u012b 2026. gad\u0101&nbsp;&nbsp;Delfi Ener\u0123\u0113tikas ministru padom\u0113 pausts atbalsts EISI&hellip;\n","protected":false},"author":2,"featured_media":74465,"comment_status":"","ping_status":"","sticky":false,"template":"","format":"standard","meta":{"footnotes":""},"categories":[14],"tags":[23,57,28,29,32,33,22,30,31,35,39,38,36,37,34,40,20,26,27,24,25,54,55,56,21,58],"class_list":{"0":"post-79268","1":"post","2":"type-post","3":"status-publish","4":"format-standard","5":"has-post-thumbnail","7":"category-zinas-no-arvalstim","8":"tag-aktualitates","9":"tag-arvalstim","10":"tag-breaking-news","11":"tag-breakingnews","12":"tag-featured-news","13":"tag-featurednews","14":"tag-headlines","15":"tag-latest-news","16":"tag-latestnews","17":"tag-latvia","18":"tag-latvian","19":"tag-latviesu","20":"tag-latviesu-valoda","21":"tag-latviesuvaloda","22":"tag-latvija","23":"tag-lv","24":"tag-news","25":"tag-popularakas-zinas","26":"tag-popularakaszinas","27":"tag-top-stories","28":"tag-topstories","29":"tag-world","30":"tag-world-news","31":"tag-worldnews","32":"tag-zinas","33":"tag-zinas-no-arvalstim"},"share_on_mastodon":{"url":"https:\/\/pubeurope.com\/@lv\/115742371058592115","error":""},"_links":{"self":[{"href":"https:\/\/www.europesays.com\/lv\/wp-json\/wp\/v2\/posts\/79268","targetHints":{"allow":["GET"]}}],"collection":[{"href":"https:\/\/www.europesays.com\/lv\/wp-json\/wp\/v2\/posts"}],"about":[{"href":"https:\/\/www.europesays.com\/lv\/wp-json\/wp\/v2\/types\/post"}],"author":[{"embeddable":true,"href":"https:\/\/www.europesays.com\/lv\/wp-json\/wp\/v2\/users\/2"}],"replies":[{"embeddable":true,"href":"https:\/\/www.europesays.com\/lv\/wp-json\/wp\/v2\/comments?post=79268"}],"version-history":[{"count":0,"href":"https:\/\/www.europesays.com\/lv\/wp-json\/wp\/v2\/posts\/79268\/revisions"}],"wp:featuredmedia":[{"embeddable":true,"href":"https:\/\/www.europesays.com\/lv\/wp-json\/wp\/v2\/media\/74465"}],"wp:attachment":[{"href":"https:\/\/www.europesays.com\/lv\/wp-json\/wp\/v2\/media?parent=79268"}],"wp:term":[{"taxonomy":"category","embeddable":true,"href":"https:\/\/www.europesays.com\/lv\/wp-json\/wp\/v2\/categories?post=79268"},{"taxonomy":"post_tag","embeddable":true,"href":"https:\/\/www.europesays.com\/lv\/wp-json\/wp\/v2\/tags?post=79268"}],"curies":[{"name":"wp","href":"https:\/\/api.w.org\/{rel}","templated":true}]}}