{"id":79346,"date":"2025-12-18T21:25:07","date_gmt":"2025-12-18T21:25:07","guid":{"rendered":"https:\/\/www.europesays.com\/lv\/79346\/"},"modified":"2025-12-18T21:25:07","modified_gmt":"2025-12-18T21:25:07","slug":"ieilgusas-es-lideru-debates-par-iesaldeto-krievijas-lidzeklu-pieskirsanu-ukrainai-raksts","status":"publish","type":"post","link":"https:\/\/www.europesays.com\/lv\/79346\/","title":{"rendered":"Ieilgu\u0161as ES l\u012bderu debates par iesald\u0113to Krievijas l\u012bdzek\u013cu pie\u0161\u0137ir\u0161anu Ukrainai \/ Raksts"},"content":{"rendered":"<p>Smagas sarunas ceturtdien, 18. decembr\u012b, norisin\u0101s Brisel\u0113, kur Eiropas Savien\u012bbas valstu l\u012bderi ir sapulc\u0113ju\u0161ies, lai vienotos par finans\u0113jumu Ukrainai turpm\u0101kajiem diviem gadiem. Latviju tur p\u0101rst\u0101v\u00a0premjere Evika Sili\u0146a, un Brisel\u0113 ieradies ar\u012b Ukrainas prezidents Volodimirs Zelenskis,\u00a0lai m\u0113\u0123in\u0101tu izdar\u012bt spiedienu ar savu kl\u0101tieni.\u00a0L\u012bdz pat v\u0113lam vakaram joproj\u0101m nav pan\u0101kta vieno\u0161an\u0101s par iesald\u0113to Krievijas l\u012bdzek\u013cu pie\u0161\u0137ir\u0161anu Ukrainai.<\/p>\n<p style=\"margin-left:0cm; margin-right:0cm\">Eiropadomes t\u012bmek\u013ca vietn\u0113 nor\u0101d\u012bts, ka Eiropas Savien\u012bbas (ES)\u00a0dal\u012bbvalstu l\u012bderi debat\u0113s par n\u0101kamo daudzgadu bud\u017eetu, papla\u0161in\u0101\u0161anos, ekonomisk\u0101m probl\u0113m\u0101m,\u00a0situ\u0101ciju Tuvajos Austrumos, Eiropas aizsardz\u012bbu un migr\u0101ciju.<\/p>\n<p style=\"margin-left:0cm; margin-right:0cm\">Tom\u0113r skaidrs,\u00a0ka svar\u012bg\u0101kais ir Ukrainas jaut\u0101jums, tai skait\u0101 par finan\u0161u atbalstu Kijivai.<\/p>\n<p>27 ES dal\u012bbvalstu vad\u012bt\u0101jiem l\u012bdz ceturtdienas vakaram izdevies pan\u0101kt vieno\u0161anos par visiem san\u0101ksm\u0113 iek\u013cautajiem jaut\u0101jumiem, iz\u0146emot finans\u0113juma pie\u0161\u0137ir\u0161anu Ukrainai.<\/p>\n<p>L\u012bderiem j\u0101vienojas par to, kas tiek iek\u013cauts \u0161aj\u0101 repar\u0101ciju aizdevum\u0101 \u2013 ne tikai t\u0101 nauda, kas atrodas Be\u013c\u0123ijas depozit\u0101rij\u0101 &#8220;Euroclear&#8221;, bet ar\u012b Eiropas komercbank\u0101s k\u0101 &#8220;Societe General&#8221;. Ir j\u0101denons\u0113 divpus\u0113jie invest\u012bciju aizsardz\u012bbas l\u012bgumu ar Krieviju \u2013 18 valst\u012bm t\u0101di v\u0113l ir, lai izvair\u012btos no tiesved\u012bbas riskiem.<\/p>\n<p>Ir j\u0101vienojas, ko par repar\u0101ciju aizdevuma naudu var\u0113s pirkt \u2013 vai ar\u012b iero\u010dus no tre\u0161aj\u0101m valst\u012bm,\u00a0vai tikai ukrai\u0146u un eiropie\u0161u iero\u010dus. Ir j\u0101vienojas par garantij\u0101m pret jebk\u0101da veida riskiem un soda m\u0113riem, ko Krievija var\u0113tu iedarbin\u0101t \u2013 un tas noz\u012bm\u0113, ka katrai dal\u012bbvalstij vajadz\u0113s sava\u00a0parlamenta apstiprin\u0101tu garantiju \u2013 Latvijai tas b\u016btu par pusmiljardu eiro. \u013boti daudz dar\u0101m\u0101 \u2013 bet svar\u012bg\u0101kais \u2013 p\u0101rliecin\u0101t Be\u013c\u0123iju.<\/p>\n<p>Zelenskis ticies ar Be\u013c\u0123ijas premjeru<\/p>\n<p>Be\u013c\u0123ijas premjers Barts De V\u0113vers joproj\u0101m asi iebilst pret Krievijas iesald\u0113to l\u012bdzek\u013cu izmanto\u0161anu repar\u0101ciju aizdevumam Ukrainai. T\u0101 viet\u0101 De V\u0113vers mudina vienoties par kop\u012bgu Eiropas valstu aizdevumu Ukrainai.<\/p>\n<p>Ar De V\u0113veru jau ticies Zelenskis, un Ukrainas prezidents p\u0113c tik\u0161an\u0101s teica:<\/p>\n<p>&#8220;Pirmk\u0101rt un galvenok\u0101rt, mums bija laba saruna. M\u0113s viens otru saprotam. Es saprotu riskus, par kuriem vi\u0146\u0161 run\u0101. Bet m\u0113s esam kar\u0101, un es dom\u0101ju, ka m\u0113s saskaramies ar liel\u0101kiem riskiem. Ir svar\u012bgi, lai vi\u0146\u0161 raid\u012btu sign\u0101lus &#8211; mums jebkur\u0101 gad\u012bjum\u0101 \u0161is jaut\u0101jums ir j\u0101atrisina \u0161odien vai tuv\u0101kaj\u0101s dien\u0101s, lai Ukraina nepaliktu bez finansi\u0101la atbalsta.&#8221;<\/p>\n<blockquote>\n<p>K\u0101 zi\u0146o izdevums &#8220;Politico&#8221;, v\u0113l\u0101 ceturtdienas vakar\u0101 Eiropas valstu l\u012bderi iepaz\u012bstas ar jaunu san\u0101ksmes gala pazi\u0146ojuma teksta versiju.<\/p>\n<\/blockquote>\n<p>Medija materi\u0101l\u0101 uzsv\u0113rts, ka \u0161obr\u012bd joproj\u0101m sarunas ir par vienu teksta da\u013cu. P\u0113c b\u016bt\u012bbas ar to vajadz\u0113tu mazin\u0101t Be\u013c\u0123ijas ba\u017eas, ka Eiropas Savien\u012bbas valstis nen\u0101ks tai pal\u012bg\u0101, ja Maskava atg\u016bs t\u0101s iesald\u0113tos l\u012bdzek\u013cus.\u00a0Dokumenta fragment\u0101 teikts, ka, kol\u012bdz b\u016btu pan\u0101kta vieno\u0161an\u0101s par iesald\u0113to Krievijas l\u012bdzek\u013cu izmanto\u0161anu, ES valstu vald\u012bb\u0101m Be\u013c\u0123ijai b\u016btu j\u0101sniedz pilnv\u0113rt\u012bgs atbalsts un risku dal\u012b\u0161anas pas\u0101kumi. L\u012bderi m\u0113\u0123ina vienoties, vai vienoties par to, ka \u0161\u0101ds atbalsts b\u016btu ar\u012b neierobe\u017eots.<\/p>\n<p>Gan &#8220;Politico&#8221;, gan ar\u012b Be\u013c\u0123ijas zi\u0146u a\u0123ent\u016bra &#8220;Belga&#8221;\u00a0v\u0113sta, ka iesald\u0113to Krievijas akt\u012bvu izmanto\u0161ana Ukrainas atbalstam patlaban ir vien\u012bgais variants, ko izskata ES l\u012bderu san\u0101ksm\u0113.<\/p>\n<p>Eiropas valstu l\u012bderiem j\u0101atrod risin\u0101jums<\/p>\n<p>Turpret\u012b V\u0101cijas kanclers Fr\u012bdrihs Mercs ir p\u0101rliecin\u0101ts, ka Krievijas Centr\u0101l\u0101s bankas naudas izmanto\u0161ana ir lab\u0101kais risin\u0101jums. Savuk\u0101rt Latvijas premjere Evika Sili\u0146a no &#8220;Jaun\u0101s Vienot\u012bbas&#8221; san\u0101ksmes s\u0101kum\u0101 uzsv\u0113ra, ka vieno\u0161an\u0101s par atbalstu Ukrainai s\u016bt\u012bs svar\u012bgu politisku sign\u0101lu:<\/p>\n<p>&#8220;\u0160obr\u012bd ir svar\u012bgi Eiropas l\u012bderiem atrast risin\u0101jumu, kas atnestu t\u0101du rezult\u0101tu, kur m\u0113s ne tikai pal\u012bdz\u0113tu Ukrainai, bet faktiski ar\u012b sp\u0113l\u0113tu zin\u0101mu lomu \u0161aj\u0101s potenci\u0101laj\u0101s sarun\u0101s starp ASV, Ukrainu un Krieviju un ar\u012b Eiropu. Jo, ja Eiropa neatrod stipru veidu k\u0101 signaliz\u0113t Krievijai, ka m\u0113s \u0161eit esam un m\u0113s zin\u0101m, ko m\u0113s dar\u0101m, es dom\u0101ju, ka tas ar\u012b var sp\u0113l\u0113t k\u0101 diezgan iz\u0161\u0137iro\u0161s faktors.&#8221;<\/p>\n<p>&#8220;Tagad mums ir izv\u0113le: vai nu nauda \u0161odien, vai ar\u012b asinis r\u012bt. Es nerun\u0101ju tikai par Ukrainu, bet gan par Eiropu. Tas ir m\u016bsu un tikai m\u016bsu l\u0113mums. Es uzskatu, ka visiem Eiropas l\u012bderiem beidzot ir atbilsto\u0161i j\u0101r\u012bkojas,&#8221; uzsv\u0113ra Polijas premjers Donalds Tusks.<\/p>\n<p>Tikm\u0113r ierasti pret\u0113j\u0101s dom\u0101s bija Ung\u0101rijas vald\u012bbas vad\u012bt\u0101js Viktors Orb\u0101ns:<\/p>\n<p>&#8220;Garantijas kam? T\u0101 ir stulba ideja. Kar\u0101 ir iesaist\u012btas divas valstis. T\u0101 nav Eiropas Savien\u012bba, t\u0101s ir Krievija un Ukraina. Bet tagad Eiropas Savien\u012bba v\u0113las at\u0146emt naudu vienai no kar\u0101 iesaist\u012btaj\u0101m pus\u0113m un atdot to citai. T\u0101 m\u0113s iesaist\u012bsimies \u0161aj\u0101 kar\u0101. T\u0101d\u0113\u013c Be\u013c\u0123ijas premjerministram ir taisn\u012bba \u2013 mums tas nav j\u0101dara.&#8221;<\/p>\n<p style=\"margin-left:0cm; margin-right:0cm\">Eksperti atg\u0101dina, ka p\u0113d\u0113j\u0101 Eiropadomes san\u0101ksm\u0113 23. oktobr\u012b l\u012bderi ap\u0146\u0113m\u0101s risin\u0101t Ukrainas steidzam\u0101s finan\u0161u vajadz\u012bbas n\u0101kamajos divos gados, ta\u010du nesp\u0113ja vienoties par iesald\u0113to Krievijas akt\u012bvu izmanto\u0161anu \u0161im m\u0113r\u0137im.<\/p>\n<p style=\"margin-left:0cm; margin-right:0cm\">Tie atrodas Be\u013c\u0123ijas finan\u0161u instit\u016bcij\u0101s, un t\u0101s vald\u012bba v\u0113las, lai p\u0101r\u0113j\u0101s savien\u012bbas dal\u012bbvalstis uz\u0146emas solid\u0101ru atbild\u012bbu juridisku probl\u0113mu gad\u012bjum\u0101. Latvija ir gatava uz\u0146emties saist\u012bbas, bet pret \u0161\u0101du risin\u0101jumu iebilst vair\u0101kas liel\u0101s valstis. T\u0101p\u0113c maz ticams, ka l\u012bderi sp\u0113s vienoties par \u0161\u0101du l\u0113mumu.<\/p>\n<p>                    Valodas k\u013c\u016bda rakst\u0101?<\/p>\n<p class=\"d-none d-md-block\">Iez\u012bm\u0113jiet tekstu un spiediet Ctrl+Enter, lai nos\u016bt\u012btu labojamo teksta fragmentu redaktoram! Par faktu k\u013c\u016bd\u0101m l\u016bdzam zi\u0146ot e-past\u0101 <a href=\"https:\/\/www.lsm.lv\/cdn-cgi\/l\/email-protection\" class=\"__cf_email__\" data-cfemail=\"24564140454f474d4e45644857490a4852\" rel=\"nofollow noopener\" target=\"_blank\">[email\u00a0protected]<\/a>.<\/p>\n<p class=\"d-md-none\">Iez\u012bm\u0113jiet tekstu un spiediet uz Zi\u0146ot par k\u013c\u016bdu pogas, lai nos\u016bt\u012btu labojamo teksta fragmentu redaktoram!<\/p>\n<p>\n                    Zi\u0146ot par k\u013c\u016bdu\n                <\/p>\n","protected":false},"excerpt":{"rendered":"Smagas sarunas ceturtdien, 18. decembr\u012b, norisin\u0101s Brisel\u0113, kur Eiropas Savien\u012bbas valstu l\u012bderi ir sapulc\u0113ju\u0161ies, lai vienotos par finans\u0113jumu&hellip;\n","protected":false},"author":2,"featured_media":79096,"comment_status":"","ping_status":"","sticky":false,"template":"","format":"standard","meta":{"footnotes":""},"categories":[14],"tags":[23,57,28,29,32,33,22,30,31,35,39,38,36,37,34,40,20,26,27,24,25,54,55,56,21,58],"class_list":{"0":"post-79346","1":"post","2":"type-post","3":"status-publish","4":"format-standard","5":"has-post-thumbnail","7":"category-zinas-no-arvalstim","8":"tag-aktualitates","9":"tag-arvalstim","10":"tag-breaking-news","11":"tag-breakingnews","12":"tag-featured-news","13":"tag-featurednews","14":"tag-headlines","15":"tag-latest-news","16":"tag-latestnews","17":"tag-latvia","18":"tag-latvian","19":"tag-latviesu","20":"tag-latviesu-valoda","21":"tag-latviesuvaloda","22":"tag-latvija","23":"tag-lv","24":"tag-news","25":"tag-popularakas-zinas","26":"tag-popularakaszinas","27":"tag-top-stories","28":"tag-topstories","29":"tag-world","30":"tag-world-news","31":"tag-worldnews","32":"tag-zinas","33":"tag-zinas-no-arvalstim"},"share_on_mastodon":{"url":"https:\/\/pubeurope.com\/@lv\/115742686042215610","error":""},"_links":{"self":[{"href":"https:\/\/www.europesays.com\/lv\/wp-json\/wp\/v2\/posts\/79346","targetHints":{"allow":["GET"]}}],"collection":[{"href":"https:\/\/www.europesays.com\/lv\/wp-json\/wp\/v2\/posts"}],"about":[{"href":"https:\/\/www.europesays.com\/lv\/wp-json\/wp\/v2\/types\/post"}],"author":[{"embeddable":true,"href":"https:\/\/www.europesays.com\/lv\/wp-json\/wp\/v2\/users\/2"}],"replies":[{"embeddable":true,"href":"https:\/\/www.europesays.com\/lv\/wp-json\/wp\/v2\/comments?post=79346"}],"version-history":[{"count":0,"href":"https:\/\/www.europesays.com\/lv\/wp-json\/wp\/v2\/posts\/79346\/revisions"}],"wp:featuredmedia":[{"embeddable":true,"href":"https:\/\/www.europesays.com\/lv\/wp-json\/wp\/v2\/media\/79096"}],"wp:attachment":[{"href":"https:\/\/www.europesays.com\/lv\/wp-json\/wp\/v2\/media?parent=79346"}],"wp:term":[{"taxonomy":"category","embeddable":true,"href":"https:\/\/www.europesays.com\/lv\/wp-json\/wp\/v2\/categories?post=79346"},{"taxonomy":"post_tag","embeddable":true,"href":"https:\/\/www.europesays.com\/lv\/wp-json\/wp\/v2\/tags?post=79346"}],"curies":[{"name":"wp","href":"https:\/\/api.w.org\/{rel}","templated":true}]}}