{"id":79361,"date":"2025-12-18T21:45:12","date_gmt":"2025-12-18T21:45:12","guid":{"rendered":"https:\/\/www.europesays.com\/lv\/79361\/"},"modified":"2025-12-18T21:45:12","modified_gmt":"2025-12-18T21:45:12","slug":"vacija-paraksta-divus-ligumus-par-vairak-neka-diviem-miljardiem-eiro-daudznacionalas-brunumasinu-sistemas-programma","status":"publish","type":"post","link":"https:\/\/www.europesays.com\/lv\/79361\/","title":{"rendered":"V\u0101cija paraksta divus l\u012bgumus par vair\u0101k nek\u0101 diviem miljardiem eiro daudznacion\u0101l\u0101s bru\u0146uma\u0161\u012bnu sist\u0113mas programm\u0101"},"content":{"rendered":"<p>L\u012bgumu kop\u0113j\u0101 v\u0113rt\u012bba p\u0101rsniedz divus miljardus eiro, no kuriem patlaban apstiprin\u0101t\u0101 summa, iek\u013caujot iesp\u0113jami nepiecie\u0161amos papildin\u0101jumus, ir viens miljards eiro.<\/p>\n<p>\u0160ie l\u012bgumi paredz l\u012bdz 876 &#8220;Patria&#8221; 6&#215;6 bru\u0146uma\u0161\u012bnu ieg\u0101di \u010detr\u0101s da\u017e\u0101d\u0101s konfigur\u0101cij\u0101s, ieskaitot bru\u0146utransportierus, kas apr\u012bkoti ar &#8220;Patria NEMO&#8221; tor\u0146a m\u012bnmet\u0113ju sist\u0113mu un &#8220;Kongsberg RS4&#8221; t\u0101lvad\u012bbas iero\u010du sist\u0113mu.<\/p>\n<p>Pieg\u0101des tiks s\u0101ktas 2026. gad\u0101, savuk\u0101rt p\u0113c t\u0101m &#8220;Patria&#8221; nodro\u0161in\u0101s tehnolo\u0123iju p\u0101rneses procesus V\u0101cijas industri\u0101lajiem partneriem FFG, JWT un KNDS, ar kuriem &#8220;Patria&#8221; parakst\u012bja r\u016bpniecisk\u0101s sadarb\u012bbas l\u012bgumu 2024. gada s\u0101kum\u0101. Pirm\u0101s piln\u012bb\u0101 lok\u0101li ra\u017eot\u0101s bru\u0146uma\u0161\u012bnas tiks pieg\u0101d\u0101tas 2027. gad\u0101, izveidojot un att\u012bstot pilnu viet\u0113j\u0101s ra\u017eo\u0161anas jaudu, lai nodro\u0161in\u0101tu potenci\u0101l\u0101s Bundesv\u0113ra n\u0101kotnes vajadz\u012bbas.<\/p>\n<p><a href=\"https:\/\/www.apollo.lv\/term\/555442\/vacija\" class=\"topicLink\" target=\"_blank\" rel=\"nofollow noopener\">V\u0101cija<\/a> pievienoj\u0101s CAVS programmai 2023. gad\u0101 un patlaban ir sasniegusi pieg\u0101des f\u0101zi. V\u0101cijas vajadz\u012bb\u0101m piel\u0101gotie risin\u0101jumi pied\u0101v\u0101 jaunus elementus, ko var\u0113s izmantot ar\u012b citi CAVS programmas dal\u012bbnieki.<\/p>\n","protected":false},"excerpt":{"rendered":"L\u012bgumu kop\u0113j\u0101 v\u0113rt\u012bba p\u0101rsniedz divus miljardus eiro, no kuriem patlaban apstiprin\u0101t\u0101 summa, iek\u013caujot iesp\u0113jami nepiecie\u0161amos papildin\u0101jumus, ir viens&hellip;\n","protected":false},"author":2,"featured_media":79362,"comment_status":"","ping_status":"","sticky":false,"template":"","format":"standard","meta":{"footnotes":""},"categories":[14],"tags":[23,57,28,29,11934,32,33,22,30,31,35,39,38,36,37,34,40,20,11933,26,27,24,25,299,54,55,56,21,58],"class_list":{"0":"post-79361","1":"post","2":"type-post","3":"status-publish","4":"format-standard","5":"has-post-thumbnail","7":"category-zinas-no-arvalstim","8":"tag-aktualitates","9":"tag-arvalstim","10":"tag-breaking-news","11":"tag-breakingnews","12":"tag-brunutransportieri","13":"tag-featured-news","14":"tag-featurednews","15":"tag-headlines","16":"tag-latest-news","17":"tag-latestnews","18":"tag-latvia","19":"tag-latvian","20":"tag-latviesu","21":"tag-latviesu-valoda","22":"tag-latviesuvaloda","23":"tag-latvija","24":"tag-lv","25":"tag-news","26":"tag-patria","27":"tag-popularakas-zinas","28":"tag-popularakaszinas","29":"tag-top-stories","30":"tag-topstories","31":"tag-vacija","32":"tag-world","33":"tag-world-news","34":"tag-worldnews","35":"tag-zinas","36":"tag-zinas-no-arvalstim"},"share_on_mastodon":{"url":"https:\/\/pubeurope.com\/@lv\/115742764082607877","error":""},"_links":{"self":[{"href":"https:\/\/www.europesays.com\/lv\/wp-json\/wp\/v2\/posts\/79361","targetHints":{"allow":["GET"]}}],"collection":[{"href":"https:\/\/www.europesays.com\/lv\/wp-json\/wp\/v2\/posts"}],"about":[{"href":"https:\/\/www.europesays.com\/lv\/wp-json\/wp\/v2\/types\/post"}],"author":[{"embeddable":true,"href":"https:\/\/www.europesays.com\/lv\/wp-json\/wp\/v2\/users\/2"}],"replies":[{"embeddable":true,"href":"https:\/\/www.europesays.com\/lv\/wp-json\/wp\/v2\/comments?post=79361"}],"version-history":[{"count":0,"href":"https:\/\/www.europesays.com\/lv\/wp-json\/wp\/v2\/posts\/79361\/revisions"}],"wp:featuredmedia":[{"embeddable":true,"href":"https:\/\/www.europesays.com\/lv\/wp-json\/wp\/v2\/media\/79362"}],"wp:attachment":[{"href":"https:\/\/www.europesays.com\/lv\/wp-json\/wp\/v2\/media?parent=79361"}],"wp:term":[{"taxonomy":"category","embeddable":true,"href":"https:\/\/www.europesays.com\/lv\/wp-json\/wp\/v2\/categories?post=79361"},{"taxonomy":"post_tag","embeddable":true,"href":"https:\/\/www.europesays.com\/lv\/wp-json\/wp\/v2\/tags?post=79361"}],"curies":[{"name":"wp","href":"https:\/\/api.w.org\/{rel}","templated":true}]}}