{"id":79379,"date":"2025-12-18T22:09:28","date_gmt":"2025-12-18T22:09:28","guid":{"rendered":"https:\/\/www.europesays.com\/lv\/79379\/"},"modified":"2025-12-18T22:09:28","modified_gmt":"2025-12-18T22:09:28","slug":"avoti-asv-gatavo-jaunas-sankcijas-pret-krieviju","status":"publish","type":"post","link":"https:\/\/www.europesays.com\/lv\/79379\/","title":{"rendered":"Avoti: ASV gatavo jaunas sankcijas pret Krieviju"},"content":{"rendered":"<p>ASV gatavo jaunu sankciju k\u0101rtu, kas tiks v\u0113rsta pret Krievijas ener\u0123\u0113tikas nozari, ja Krievijas diktators Vladimirs Putins noraid\u012bs potenci\u0101lo miera l\u012bgumu ar Ukrainu, v\u0113sta zi\u0146u a\u0123ent\u016bra &#8220;Bloomberg&#8221;, atsaucoties uz inform\u0113tiem avotiem.<\/p>\n<p>Savienot\u0101s Valstis apsver iesp\u0113jas v\u0113rsties pret Krievijas \u0113nu flotes ku\u0123iem, kas tiek izmantoti Maskavas naftas transport\u0113\u0161anai, un tirgot\u0101jiem, kas veicina \u0161os dar\u012bjumus, nor\u0101da &#8220;Bloomberg&#8221;.<\/p>\n<p>Par jaunaj\u0101m sankcij\u0101m var\u0113tu tikt pazi\u0146ots jau \u0161oned\u0113\u013c.<\/p>\n<p>ASV finan\u0161u ministrs Skots Besents apspriedis \u0161os pas\u0101kumus, kad vi\u0146\u0161 ned\u0113\u013cas s\u0101kum\u0101 ticies ar Eiropas v\u0113stnieku grupu, nor\u0101da &#8220;Bloomberg&#8221;.<\/p>\n<p>Gal\u012bgais l\u0113mums ir ASV prezidenta Donalda Trampa zi\u0146\u0101, teiku\u0161i &#8220;Bloomberg&#8221; sarunbiedri.<\/p>\n<p>\n                            Valodas k\u013c\u016bda rakst\u0101?<br \/>Iez\u012bm\u0113jiet tekstu un spiediet Zi\u0146ot par k\u013c\u016bdu pogas   , lai nos\u016bt\u012btu labojamo teksta fragmentu redaktoram!<\/p>\n<p>                                Zi\u0146ot par k\u013c\u016bdu<\/p>\n","protected":false},"excerpt":{"rendered":"ASV gatavo jaunu sankciju k\u0101rtu, kas tiks v\u0113rsta pret Krievijas ener\u0123\u0113tikas nozari, ja Krievijas diktators Vladimirs Putins noraid\u012bs&hellip;\n","protected":false},"author":2,"featured_media":79380,"comment_status":"","ping_status":"","sticky":false,"template":"","format":"standard","meta":{"footnotes":""},"categories":[14],"tags":[23,57,28,29,32,33,22,30,31,35,39,38,36,37,34,40,20,26,27,24,25,54,55,56,21,58],"class_list":{"0":"post-79379","1":"post","2":"type-post","3":"status-publish","4":"format-standard","5":"has-post-thumbnail","7":"category-zinas-no-arvalstim","8":"tag-aktualitates","9":"tag-arvalstim","10":"tag-breaking-news","11":"tag-breakingnews","12":"tag-featured-news","13":"tag-featurednews","14":"tag-headlines","15":"tag-latest-news","16":"tag-latestnews","17":"tag-latvia","18":"tag-latvian","19":"tag-latviesu","20":"tag-latviesu-valoda","21":"tag-latviesuvaloda","22":"tag-latvija","23":"tag-lv","24":"tag-news","25":"tag-popularakas-zinas","26":"tag-popularakaszinas","27":"tag-top-stories","28":"tag-topstories","29":"tag-world","30":"tag-world-news","31":"tag-worldnews","32":"tag-zinas","33":"tag-zinas-no-arvalstim"},"share_on_mastodon":{"url":"https:\/\/pubeurope.com\/@lv\/115742858523270252","error":""},"_links":{"self":[{"href":"https:\/\/www.europesays.com\/lv\/wp-json\/wp\/v2\/posts\/79379","targetHints":{"allow":["GET"]}}],"collection":[{"href":"https:\/\/www.europesays.com\/lv\/wp-json\/wp\/v2\/posts"}],"about":[{"href":"https:\/\/www.europesays.com\/lv\/wp-json\/wp\/v2\/types\/post"}],"author":[{"embeddable":true,"href":"https:\/\/www.europesays.com\/lv\/wp-json\/wp\/v2\/users\/2"}],"replies":[{"embeddable":true,"href":"https:\/\/www.europesays.com\/lv\/wp-json\/wp\/v2\/comments?post=79379"}],"version-history":[{"count":0,"href":"https:\/\/www.europesays.com\/lv\/wp-json\/wp\/v2\/posts\/79379\/revisions"}],"wp:featuredmedia":[{"embeddable":true,"href":"https:\/\/www.europesays.com\/lv\/wp-json\/wp\/v2\/media\/79380"}],"wp:attachment":[{"href":"https:\/\/www.europesays.com\/lv\/wp-json\/wp\/v2\/media?parent=79379"}],"wp:term":[{"taxonomy":"category","embeddable":true,"href":"https:\/\/www.europesays.com\/lv\/wp-json\/wp\/v2\/categories?post=79379"},{"taxonomy":"post_tag","embeddable":true,"href":"https:\/\/www.europesays.com\/lv\/wp-json\/wp\/v2\/tags?post=79379"}],"curies":[{"name":"wp","href":"https:\/\/api.w.org\/{rel}","templated":true}]}}