{"id":79419,"date":"2025-12-18T23:32:08","date_gmt":"2025-12-18T23:32:08","guid":{"rendered":"https:\/\/www.europesays.com\/lv\/79419\/"},"modified":"2025-12-18T23:32:08","modified_gmt":"2025-12-18T23:32:08","slug":"trampa-uznemums-un-google-atbalstitais-energetikas-gigants-plano-verienigu-apvienosanos-virs-6-miljardiem-dolaru-lente-lv","status":"publish","type":"post","link":"https:\/\/www.europesays.com\/lv\/79419\/","title":{"rendered":"Trampa uz\u0146\u0113mums un &#8220;Google&#8221; atbalst\u012btais ener\u0123\u0113tikas gigants pl\u0101no v\u0113rien\u012bgu apvieno\u0161anos virs 6 miljardiem dol\u0101ru\u00a0\u2014\u00a0Lente.lv"},"content":{"rendered":"<p>Trampa mediju imp\u0113rija un ener\u0123\u0113tikas gigants pl\u0101no iespaid\u012bgu apvieno\u0161anos<\/p>\n<p>Daudz\u0101s aprind\u0101s negaid\u012btu zi\u0146u par sevi devis Donalda Trampa mediju un tehnolo\u0123iju uz\u0146\u0113mums &#8220;Trump Media &amp; Technology Group&#8221;, kas ir platformas &#8220;Truth Social&#8221; \u012bpa\u0161nieks. P\u0113c publiskot\u0101s inform\u0101cijas, tiek pl\u0101nota t\u0101 apvieno\u0161an\u0101s ar uz\u0146\u0113mumu &#8220;TAE Technologies&#8221;, kuru finansi\u0101li atbalsta &#8220;Google&#8221;. \u0160is dar\u012bjums, p\u0113c s\u0101kotn\u0113j\u0101m apl\u0113s\u0113m, var\u0113tu sasniegt iespaid\u012bgu v\u0113rt\u012bbu, kas p\u0101rsniedz 6 miljardus dol\u0101ru jeb aptuveni 5 miljardus eiro. \u0160is solis, kas noteikti rais\u012bs pla\u0161u rezonansi, nor\u0101da uz ambicioziem pl\u0101niem Trampa biznesa imp\u0113rijas att\u012bst\u012bb\u0101.<\/p>\n<p>Kas ir TAE Technologies un k\u0101da ir t\u0101 saist\u012bba ar Google?<\/p>\n<p>&#8220;TAE Technologies&#8221; ir zin\u0101ms k\u0101 aizraut\u012bgs sp\u0113l\u0113t\u0101js ener\u0123\u0113tikas sektor\u0101, \u012bpa\u0161i koncentr\u0113joties uz progres\u012bviem risin\u0101jumiem un jaun\u0101kaj\u0101m tehnolo\u0123ij\u0101m. Lai gan konkr\u0113t\u0101 inform\u0101cija par &#8220;Google&#8221; invest\u012bciju apjomu un prec\u012bzo strat\u0113\u0123isko sadarb\u012bbu ar &#8220;TAE Technologies&#8221; v\u0113l nav piln\u012bb\u0101 atkl\u0101ta, pats fakts, ka \u0161\u0101ds tehnolo\u0123iju gigants st\u0101v aiz ener\u0123\u0113tikas uz\u0146\u0113muma, liecina par t\u0101 potenci\u0101lu un noz\u012bm\u012bgumu n\u0101kotnes ener\u0123\u0113tikas risin\u0101jumos. Tas pie\u0161\u0137ir papildu svaru un intrigu gaid\u0101majai apvieno\u0161anai ar Trampa uz\u0146\u0113mumu.<\/p>\n<p>Truth Social un t\u0101s n\u0101kotnes perspekt\u012bvas \u0161aj\u0101 dar\u012bjum\u0101<\/p>\n<p>&#8220;Truth Social&#8221;, kas sevi pozicion\u0113 k\u0101 alternat\u012bva platforma eso\u0161ajiem soci\u0101lajiem medijiem, ar \u0161o dar\u012bjumu var\u0113tu ieg\u016bt jaunu dinamiku un iesp\u0113jas. Apvieno\u0161an\u0101s ar tehnolo\u0123iski sp\u0113c\u012bgu un finansi\u0101li nodro\u0161in\u0101tu uz\u0146\u0113mumu var\u0113tu sniegt nepiecie\u0161amo impulsu platformas att\u012bst\u012bbai, gan tehniskaj\u0101, gan saturiskaj\u0101 zi\u0146\u0101. Paredzams, ka \u0161\u0101ds solis var\u0113tu ieviest b\u016btiskas izmai\u0146as gan lietot\u0101ju pieredz\u0113, gan platformas m\u0113r\u0137u sasnieg\u0161an\u0101. \u0160obr\u012bd nav skaidrs, k\u0101das tie\u0161i izmai\u0146as var\u0113tu sagaid\u012bt platformas lietot\u0101ji, ta\u010du jebkura liela m\u0113roga apvieno\u0161an\u0101s vienm\u0113r ietver sev\u012b p\u0101rmai\u0146as.<\/p>\n<p>Potenci\u0101l\u0101s sekas un spekul\u0101cijas par dar\u012bjuma mot\u012bviem<\/p>\n<p>\u0160\u0101ds negaid\u012bts dar\u012bjums, protams, rada virkni jaut\u0101jumu un spekul\u0101ciju. Vai \u0161\u012b apvieno\u0161an\u0101s ir strat\u0113\u0123isks g\u0101jiens, lai diversific\u0113tu Trampa biznesa intereses, vai ar\u012b cen\u0161an\u0101s rad\u012bt jaunu, ietekm\u012bgu mediju un tehnolo\u0123iju sp\u0113kavietu, kas sp\u0113tu konkur\u0113t ar eso\u0161ajiem l\u012bderiem? Finan\u0161u anal\u012bti\u0137i jau akt\u012bvi v\u0113rt\u0113 potenci\u0101l\u0101s siner\u0123ijas un riskus, kas saist\u012bti ar \u0161o dar\u012bjumu. \u0145emot v\u0113r\u0101 abu pu\u0161u iepriek\u0161\u0113j\u0101s darb\u012bbas un publiskos izteikumus, var pie\u0146emt, ka m\u0113r\u0137is ir veidot liel\u0101ku un ietekm\u012bg\u0101ku biznesa ekosist\u0113mu. K\u0101 zin\u0101ms, Trampa uz\u0146\u0113mumi vienm\u0113r ir biju\u0161i zin\u0101mi ar savu pla\u0161o tv\u0113rienu un drosm\u012bgajiem so\u013ciem tirg\u016b.<\/p>\n<p>N\u0101kotnes skat\u012bjums un gaid\u0101m\u0101s zi\u0146as<\/p>\n<p>Detaliz\u0113t\u0101ka inform\u0101cija par dar\u012bjuma nosac\u012bjumiem un t\u0101 t\u0101l\u0101ko gaitu v\u0113l tiks publiskota. Paredzams, ka tuv\u0101kaj\u0101s ned\u0113\u013c\u0101s un m\u0113ne\u0161os sekos pla\u0161\u0101kas atkl\u0101smes par to, k\u0101 \u0161\u012b apvieno\u0161an\u0101s ietekm\u0113s gan &#8220;Trump Media &amp; Technology Group&#8221;, gan &#8220;TAE Technologies&#8221;, gan ar\u012b pla\u0161\u0101ku tehnolo\u0123iju un mediju tirgu. Anal\u012bti\u0137i un sabiedr\u012bba uzman\u012bgi sekos l\u012bdzi notikumu att\u012bst\u012bbai, lai saprastu \u0161\u012b v\u0113rien\u012bg\u0101 dar\u012bjuma pilno aprises un t\u0101 ilgtermi\u0146a sekas. Tas ir notikums, kas noteikti neliks vilties intere\u0161u zi\u0146\u0101.<\/p>\n","protected":false},"excerpt":{"rendered":"Trampa mediju imp\u0113rija un ener\u0123\u0113tikas gigants pl\u0101no iespaid\u012bgu apvieno\u0161anos Daudz\u0101s aprind\u0101s negaid\u012btu zi\u0146u par sevi devis Donalda Trampa&hellip;\n","protected":false},"author":2,"featured_media":79420,"comment_status":"","ping_status":"","sticky":false,"template":"","format":"standard","meta":{"footnotes":""},"categories":[16],"tags":[77,76,2010,35,39,38,36,37,34,40,19944,19943,10819,19945],"class_list":{"0":"post-79419","1":"post","2":"type-post","3":"status-publish","4":"format-standard","5":"has-post-thumbnail","7":"category-bizness","8":"tag-bizness","9":"tag-business","10":"tag-google","11":"tag-latvia","12":"tag-latvian","13":"tag-latviesu","14":"tag-latviesu-valoda","15":"tag-latviesuvaloda","16":"tag-latvija","17":"tag-lv","18":"tag-tae-technologies","19":"tag-trampa-uznemums","20":"tag-truth-social","21":"tag-uznemumu-apvienosana"},"share_on_mastodon":{"url":"https:\/\/pubeurope.com\/@lv\/115743184848215480","error":""},"_links":{"self":[{"href":"https:\/\/www.europesays.com\/lv\/wp-json\/wp\/v2\/posts\/79419","targetHints":{"allow":["GET"]}}],"collection":[{"href":"https:\/\/www.europesays.com\/lv\/wp-json\/wp\/v2\/posts"}],"about":[{"href":"https:\/\/www.europesays.com\/lv\/wp-json\/wp\/v2\/types\/post"}],"author":[{"embeddable":true,"href":"https:\/\/www.europesays.com\/lv\/wp-json\/wp\/v2\/users\/2"}],"replies":[{"embeddable":true,"href":"https:\/\/www.europesays.com\/lv\/wp-json\/wp\/v2\/comments?post=79419"}],"version-history":[{"count":0,"href":"https:\/\/www.europesays.com\/lv\/wp-json\/wp\/v2\/posts\/79419\/revisions"}],"wp:featuredmedia":[{"embeddable":true,"href":"https:\/\/www.europesays.com\/lv\/wp-json\/wp\/v2\/media\/79420"}],"wp:attachment":[{"href":"https:\/\/www.europesays.com\/lv\/wp-json\/wp\/v2\/media?parent=79419"}],"wp:term":[{"taxonomy":"category","embeddable":true,"href":"https:\/\/www.europesays.com\/lv\/wp-json\/wp\/v2\/categories?post=79419"},{"taxonomy":"post_tag","embeddable":true,"href":"https:\/\/www.europesays.com\/lv\/wp-json\/wp\/v2\/tags?post=79419"}],"curies":[{"name":"wp","href":"https:\/\/api.w.org\/{rel}","templated":true}]}}