{"id":79467,"date":"2025-12-19T03:06:06","date_gmt":"2025-12-19T03:06:06","guid":{"rendered":"https:\/\/www.europesays.com\/lv\/79467\/"},"modified":"2025-12-19T03:06:06","modified_gmt":"2025-12-19T03:06:06","slug":"aviokatastrofa-gajis-boja-nascar-legenda-gregs-bifls-motoru-sports-sportacentrs-com","status":"publish","type":"post","link":"https:\/\/www.europesays.com\/lv\/79467\/","title":{"rendered":"Aviokatastrof\u0101 g\u0101jis boj\u0101 NASCAR le\u0123enda Gregs Bifls \u2013 Motoru sports \u2013 Sportacentrs.com"},"content":{"rendered":"<p>Zieme\u013ckarol\u012bnas \u0161tata ce\u013cu policijas p\u0101rst\u0101vis Kriss Nokss apstiprin\u0101ja, ka visi septi\u0146i lidapar\u0101ta pasa\u017eieri g\u0101ju\u0161i boj\u0101. \u201c\u0160\u012b ir viena no smag\u0101kaj\u0101m katastrof\u0101m, k\u0101das man n\u0101cies redz\u0113t,\u201d vi\u0146\u0161 nor\u0101d\u012bja, piebilstot, ka boj\u0101g\u0101ju\u0161o vid\u016b ir Gregs Bifls un vi\u0146a tuv\u0101k\u0101 \u0123imene.<\/p>\n<p>Par notiku\u0161o soci\u0101lajos t\u012bklos pirmais pazi\u0146oja &#8220;YouTube&#8221; satura veidot\u0101js Kl\u012btuss Makf\u0101rlends, \u0123imenes draugs. &#8220;Ar smagu sirdi varu apstiprin\u0101t, ka Gregs Bifls, vi\u0146a sieva Krist\u012bna, meita Emma un d\u0113ls Raiders bija \u0161aj\u0101 lidma\u0161\u012bn\u0101. M\u0113s esam sagrauti,&#8221; vi\u0146\u0161 rakst\u012bja.<\/p>\n<p>Ar\u012b NASCAR izplat\u012bja l\u012bdzj\u016bt\u012bbas pazi\u0146ojumu, raksturojot Biflu k\u0101 &#8220;ne tikai \u010dempionu, bet ar\u012b iem\u012b\u013cotu kopienas locekli un cilv\u0113ku ar lielu sirdi&#8221;.<\/p>\n<p>Av\u0101rijas c\u0113lo\u0146i pagaid\u0101m nav zin\u0101mi. Laikapst\u0101k\u013ci \u2013 zema m\u0101ko\u0146u sega un stiprs lietus \u2013 tiek min\u0113ti k\u0101 viens no iesp\u0113jamajiem faktoriem.<\/p>\n<p>Bifls ir 2002. gada NASCAR &#8220;Busch Series&#8221; un 2000. gada &#8220;Trucks Series&#8221; \u010dempions. \u0160aj\u0101s NASCAR l\u012bg\u0101s vi\u0146\u0161 izc\u012bn\u012bjis attiec\u012bgi 20 un 17 uzvaras. Savuk\u0101rt NASCAR &#8220;Cup Series&#8221;, kas ir augst\u0101k\u0101s l\u012bgas \u010dempion\u0101ts, Bifls piedal\u012bjies 515 sac\u012bkst\u0113s, uzvar\u0113jis 19 reizes un 2005. gad\u0101 bija vice\u010dempions. P\u0113d\u0113jos gados vi\u0146\u0161 akt\u012bvi iesaist\u012bj\u0101s labdar\u012bb\u0101, \u012bpa\u0161i pal\u012bdzot dabas katastrofu skartajiem.<\/p>\n<p>Izmantotie resursi:<br \/><a target=\"_blank\" href=\"http:\/\/www.autosport.com\" rel=\"nofollow noopener\">autosport.com<\/a><\/p>\n","protected":false},"excerpt":{"rendered":"Zieme\u013ckarol\u012bnas \u0161tata ce\u013cu policijas p\u0101rst\u0101vis Kriss Nokss apstiprin\u0101ja, ka visi septi\u0146i lidapar\u0101ta pasa\u017eieri g\u0101ju\u0161i boj\u0101. \u201c\u0160\u012b ir viena&hellip;\n","protected":false},"author":2,"featured_media":79468,"comment_status":"","ping_status":"","sticky":false,"template":"","format":"standard","meta":{"footnotes":""},"categories":[14],"tags":[23,57,28,29,32,33,22,30,31,35,39,38,36,37,34,40,165,20,26,27,24,25,54,55,56,21,58],"class_list":{"0":"post-79467","1":"post","2":"type-post","3":"status-publish","4":"format-standard","5":"has-post-thumbnail","7":"category-zinas-no-arvalstim","8":"tag-aktualitates","9":"tag-arvalstim","10":"tag-breaking-news","11":"tag-breakingnews","12":"tag-featured-news","13":"tag-featurednews","14":"tag-headlines","15":"tag-latest-news","16":"tag-latestnews","17":"tag-latvia","18":"tag-latvian","19":"tag-latviesu","20":"tag-latviesu-valoda","21":"tag-latviesuvaloda","22":"tag-latvija","23":"tag-lv","24":"tag-motoru-sports","25":"tag-news","26":"tag-popularakas-zinas","27":"tag-popularakaszinas","28":"tag-top-stories","29":"tag-topstories","30":"tag-world","31":"tag-world-news","32":"tag-worldnews","33":"tag-zinas","34":"tag-zinas-no-arvalstim"},"share_on_mastodon":{"url":"https:\/\/pubeurope.com\/@lv\/115744026318750904","error":""},"_links":{"self":[{"href":"https:\/\/www.europesays.com\/lv\/wp-json\/wp\/v2\/posts\/79467","targetHints":{"allow":["GET"]}}],"collection":[{"href":"https:\/\/www.europesays.com\/lv\/wp-json\/wp\/v2\/posts"}],"about":[{"href":"https:\/\/www.europesays.com\/lv\/wp-json\/wp\/v2\/types\/post"}],"author":[{"embeddable":true,"href":"https:\/\/www.europesays.com\/lv\/wp-json\/wp\/v2\/users\/2"}],"replies":[{"embeddable":true,"href":"https:\/\/www.europesays.com\/lv\/wp-json\/wp\/v2\/comments?post=79467"}],"version-history":[{"count":0,"href":"https:\/\/www.europesays.com\/lv\/wp-json\/wp\/v2\/posts\/79467\/revisions"}],"wp:featuredmedia":[{"embeddable":true,"href":"https:\/\/www.europesays.com\/lv\/wp-json\/wp\/v2\/media\/79468"}],"wp:attachment":[{"href":"https:\/\/www.europesays.com\/lv\/wp-json\/wp\/v2\/media?parent=79467"}],"wp:term":[{"taxonomy":"category","embeddable":true,"href":"https:\/\/www.europesays.com\/lv\/wp-json\/wp\/v2\/categories?post=79467"},{"taxonomy":"post_tag","embeddable":true,"href":"https:\/\/www.europesays.com\/lv\/wp-json\/wp\/v2\/tags?post=79467"}],"curies":[{"name":"wp","href":"https:\/\/api.w.org\/{rel}","templated":true}]}}