{"id":79483,"date":"2025-12-19T03:24:11","date_gmt":"2025-12-19T03:24:11","guid":{"rendered":"https:\/\/www.europesays.com\/lv\/79483\/"},"modified":"2025-12-19T03:24:11","modified_gmt":"2025-12-19T03:24:11","slug":"mercosur-liguma-parakstisana-ir-imperativa-francija-un-italija-megina-kavet-balsojumu-lente-lv","status":"publish","type":"post","link":"https:\/\/www.europesays.com\/lv\/79483\/","title":{"rendered":"Mercosur l\u012bguma parakst\u012b\u0161ana ir &#8220;imperat\u012bva&#8221;, Francija un It\u0101lija m\u0113\u0123ina kav\u0113t balsojumu\u00a0\u2014\u00a0Lente.lv"},"content":{"rendered":"<p>Steidzama nepiecie\u0161am\u012bba parakst\u012bt Mercosur vieno\u0161anos: ES Klimata komis\u0101rs nor\u0101da uz politisko spriedzi<\/p>\n<p>ES Klimata komis\u0101rs Vopke Hoekstra sarun\u0101 ar EuroNews uzsv\u0113ris, ka Mercosur tirdzniec\u012bbas l\u012bguma parakst\u012b\u0161ana ir absol\u016bti *nepiecie\u0161ama*. \u0160is svar\u012bgais solis, kas aizs\u0101kts vair\u0101k nek\u0101 pirms div\u0101m desmitgad\u0113m, \u0161obr\u012bd non\u0101cis politisku str\u012bdu krustcel\u0113s, jo vair\u0101kas dal\u012bbvalstis, \u012bpa\u0161i Francija un It\u0101lija, cen\u0161as novilcin\u0101t iz\u0161\u0137iro\u0161o balsojumu, kas var\u0113tu gan veicin\u0101t, gan izn\u012bcin\u0101t vieno\u0161anos. K\u0101 inform\u0113 telekan\u0101ls EuroNews, Hoekstra nor\u0101d\u012bjis uz vieno\u0161an\u0101s potenci\u0101lu un nepiecie\u0161am\u012bbu to \u012bstenot, lai g\u016btu savstarp\u0113ju labumu.<\/p>\n<p>Vieno\u0161an\u0101s potenci\u0101ls un pretinieku arguments<\/p>\n<p>Komisija, V\u0101cija un Sp\u0101nija ir starp galvenajiem vieno\u0161an\u0101s atbalst\u012bt\u0101jiem. Vi\u0146i argument\u0113, ka t\u0101s neparakst\u012b\u0161ana b\u016btu *iev\u0113rojams zaud\u0113jums* laik\u0101, kad Eiropas Savien\u012bba mekl\u0113 jaunus eksporta tirgus. Hoekstra pauda p\u0101rliec\u012bbu, ka vieno\u0161an\u0101s ir izdev\u012bga gan Eiropas iedz\u012bvot\u0101jiem, gan dal\u012bbvalstu r\u016bpniec\u012bbai, k\u0101 ar\u012b t\u0101s partneriem Lat\u012b\u0146amerik\u0101. &#8220;T\u0101p\u0113c ir skaidrs imperat\u012bvs turpin\u0101t ar \u0161o vieno\u0161anos, parakst\u012bt to un tad baud\u012bt t\u0101s aug\u013cus,&#8221; vi\u0146\u0161 sac\u012bja.<\/p>\n<p>Francijas un It\u0101lijas nost\u0101ja un ba\u017eas<\/p>\n<p>Tom\u0113r ce\u013c\u0161 uz vieno\u0161an\u0101s parakst\u012b\u0161anu nav gluds. Francija, kas ilggad\u0113ji iebilst pret l\u012bgumu, ir priek\u0161gal\u0101 nometnei, kas v\u0113las balsojumu atlikt. Vi\u0146u galvenais arguments ir ba\u017eas par *nepietiekamu aizsardz\u012bbu* pret nekvalitat\u012bvu konkurenci no Mercosur valstu importa un piepras\u012bjums p\u0113c stingr\u0101kiem nosac\u012bjumiem, kas paredz\u0113tu ES standartu piem\u0113ro\u0161anu ar\u012b partneriem. Lai gan Eiropas Komisija ir ieviesusi jaunas dro\u0161\u012bbas garantijas, Francija pieprasa v\u0113l vair\u0101k. \u0160oned\u0113\u013c It\u0101lijas premjerministre D\u017eord\u017ea Meloni ar\u012b aicin\u0101ja atlikt balsojumu, nor\u0101dot, ka vieno\u0161an\u0101s parakst\u012b\u0161ana tuv\u0101kaj\u0101s dien\u0101s b\u016btu priek\u0161laic\u012bga.<\/p>\n<p>L\u012bguma liktenis un n\u0101kotnes perspekt\u012bvas<\/p>\n<p>Eiropas Komisijas prezidente Urzula fon der Leiena pl\u0101noja apmekl\u0113t Lat\u012b\u0146ameriku 20. decembr\u012b, lai parakst\u012btu vieno\u0161anos ar Argent\u012bnu, Paragvaju, Urugvaju un Braz\u012bliju. Ta\u010du \u0161is pl\u0101ns ir atkar\u012bgs no kvalific\u0113ta vair\u0101kuma pan\u0101k\u0161anas ES Padom\u0113, kas \u0161obr\u012bd ir \u013coti apgr\u016btin\u0101ts. Diplomatiskie avoti nor\u0101da, ka Mercosur l\u012bguma liktenis ir *nenoteikts* un iz\u0161\u0137irsies p\u0113d\u0113j\u0101 br\u012bd\u012b. Eiropas l\u012bderi ceturtdien Brisel\u0113 pulc\u0113sies uz gada p\u0113d\u0113jo Eiropas Padomes san\u0101ksmi, kur \u0161is \u013coti politiz\u0113tais jaut\u0101jums ar konkur\u0113jo\u0161\u0101m interes\u0113m var\u0113tu tikt apspriests augst\u0101kaj\u0101 l\u012bmen\u012b. Hoekstra attur\u0113j\u0101s spekul\u0113t par l\u012bguma sabruk\u0161anas iesp\u0113jam\u012bbu, uzsverot vien\u012bgi Komisijas p\u0101rliec\u012bbu par t\u0101 pozit\u012bvo ietekmi.<\/p>\n","protected":false},"excerpt":{"rendered":"Steidzama nepiecie\u0161am\u012bba parakst\u012bt Mercosur vieno\u0161anos: ES Klimata komis\u0101rs nor\u0101da uz politisko spriedzi ES Klimata komis\u0101rs Vopke Hoekstra sarun\u0101&hellip;\n","protected":false},"author":2,"featured_media":79484,"comment_status":"","ping_status":"","sticky":false,"template":"","format":"standard","meta":{"footnotes":""},"categories":[14],"tags":[23,57,28,29,512,19960,32,33,19962,22,30,31,35,39,38,36,37,34,40,19950,20,26,27,24,25,19961,54,55,56,21,58],"class_list":{"0":"post-79483","1":"post","2":"type-post","3":"status-publish","4":"format-standard","5":"has-post-thumbnail","7":"category-zinas-no-arvalstim","8":"tag-aktualitates","9":"tag-arvalstim","10":"tag-breaking-news","11":"tag-breakingnews","12":"tag-eiropas-komisija","13":"tag-es-tirdzniecibas-ligums","14":"tag-featured-news","15":"tag-featurednews","16":"tag-francijas-lauksaimnieki","17":"tag-headlines","18":"tag-latest-news","19":"tag-latestnews","20":"tag-latvia","21":"tag-latvian","22":"tag-latviesu","23":"tag-latviesu-valoda","24":"tag-latviesuvaloda","25":"tag-latvija","26":"tag-lv","27":"tag-mercosur","28":"tag-news","29":"tag-popularakas-zinas","30":"tag-popularakaszinas","31":"tag-top-stories","32":"tag-topstories","33":"tag-wopke-hoekstra","34":"tag-world","35":"tag-world-news","36":"tag-worldnews","37":"tag-zinas","38":"tag-zinas-no-arvalstim"},"share_on_mastodon":{"url":"","error":"Validation failed: Text character limit of 500 exceeded"},"_links":{"self":[{"href":"https:\/\/www.europesays.com\/lv\/wp-json\/wp\/v2\/posts\/79483","targetHints":{"allow":["GET"]}}],"collection":[{"href":"https:\/\/www.europesays.com\/lv\/wp-json\/wp\/v2\/posts"}],"about":[{"href":"https:\/\/www.europesays.com\/lv\/wp-json\/wp\/v2\/types\/post"}],"author":[{"embeddable":true,"href":"https:\/\/www.europesays.com\/lv\/wp-json\/wp\/v2\/users\/2"}],"replies":[{"embeddable":true,"href":"https:\/\/www.europesays.com\/lv\/wp-json\/wp\/v2\/comments?post=79483"}],"version-history":[{"count":0,"href":"https:\/\/www.europesays.com\/lv\/wp-json\/wp\/v2\/posts\/79483\/revisions"}],"wp:featuredmedia":[{"embeddable":true,"href":"https:\/\/www.europesays.com\/lv\/wp-json\/wp\/v2\/media\/79484"}],"wp:attachment":[{"href":"https:\/\/www.europesays.com\/lv\/wp-json\/wp\/v2\/media?parent=79483"}],"wp:term":[{"taxonomy":"category","embeddable":true,"href":"https:\/\/www.europesays.com\/lv\/wp-json\/wp\/v2\/categories?post=79483"},{"taxonomy":"post_tag","embeddable":true,"href":"https:\/\/www.europesays.com\/lv\/wp-json\/wp\/v2\/tags?post=79483"}],"curies":[{"name":"wp","href":"https:\/\/api.w.org\/{rel}","templated":true}]}}