{"id":79497,"date":"2025-12-19T04:18:07","date_gmt":"2025-12-19T04:18:07","guid":{"rendered":"https:\/\/www.europesays.com\/lv\/79497\/"},"modified":"2025-12-19T04:18:07","modified_gmt":"2025-12-19T04:18:07","slug":"es-vienojas-par-90-miljardu-eiro-aizdevumu-ukrainai-dienas-bizness","status":"publish","type":"post","link":"https:\/\/www.europesays.com\/lv\/79497\/","title":{"rendered":"ES vienojas par 90 miljardu eiro aizdevumu Ukrainai :: Dienas Bizness"},"content":{"rendered":"<p class=\"text-font font-size--text-xlarge margin-3--bottom font-weight--bold padding-1--top\">Eiropas Savien\u012bbas (ES) l\u012bderi piektdien pan\u0101ca vieno\u0161anos pie\u0161\u0137irt Ukrainai 90 miljardu eiro aizdevumu uz n\u0101kamajiem diviem gadiem, lai kompens\u0113tu gaid\u0101mo Ukrainas bud\u017eeta defic\u012btu, bet nesp\u0113ja vienoties par iesald\u0113to Krievijas akt\u012bvu izmanto\u0161anu.<\/p>\n<p class=\"text-font font-size--text-xlarge margin-3--bottom\">Vieno\u0161an\u0101s, kas tika pan\u0101kta p\u0113c vair\u0101k nek\u0101 dienu ilg\u0101m sarun\u0101m Eiropadomes san\u0101ksm\u0113 Brisel\u0113, sniedz \u013coti vajadz\u012bgu gl\u0101bi\u0146u Ukrainai laik\u0101, kad ASV prezidents Donalds Tramps mudina \u0101tri vienoties ar kara izbeig\u0161anu.<\/p>\n<p class=\"text-font font-size--text-xlarge margin-3--bottom\">&#8220;Mums ir dar\u012bjums. Ir apstiprin\u0101ts l\u0113mums sniegt 90 miljardu eiro atbalstu Ukrainai uz 2026. un 2027. gadu,&#8221; platform\u0101 &#8220;X&#8221; rakst\u012bja Eiropadomes priek\u0161s\u0113d\u0113t\u0101js Antoniu Ko\u0161ta. &#8220;M\u0113s ap\u0146\u0113m\u0101mies, m\u0113s izpild\u012bj\u0101m.&#8221;<\/p>\n<p class=\"text-font font-size--text-xlarge margin-3--bottom\">Mekl\u0113jot risin\u0101jumu, ES valstu l\u012bderi vienoj\u0101s par aizdevumu, kas tiktu atbalst\u012bts no ES kop\u012bg\u0101 bud\u017eeta.<\/p>\n<p class=\"text-font font-size--text-xlarge margin-3--bottom\">Pirmais apspriestais variants paredz\u0113ja izmantot ES iesald\u0113tos Krievijas centr\u0101l\u0101s bankas akt\u012bvus apm\u0113ram 200 miljardu eiro v\u0113rt\u012bb\u0101, lai izveidotu aizdevumu Kijivai.<\/p>\n<p class=\"text-font font-size--text-xlarge margin-3--bottom\">\u0160is variants izg\u0101z\u0101s, jo Be\u013c\u0123ija, kur atrodas liel\u0101k\u0101 da\u013ca iesald\u0113to akt\u012bvu, piepras\u012bja garantijas par dal\u012bt\u0101m saist\u012bb\u0101m, kas cit\u0101m valst\u012bm nebija pie\u0146emami.<\/p>\n<p class=\"text-font font-size--text-xlarge margin-3--bottom\">V\u0101cijas kanclers Fr\u012bdrihs Mercs, kur\u0161 bija m\u0113\u0123in\u0101jis pan\u0101kt iesald\u0113to akt\u012bvu izmanto\u0161anu, tom\u0113r pateica, ka gal\u012bgais l\u0113mums par aizdevumu ir &#8220;skaidrs sign\u0101ls&#8221; Krievijas diktatoram Vladimiram Putinam.<\/p>\n<p class=\"text-font font-size--text-xlarge margin-3--bottom\">ES l\u0113\u0161, ka Ukrainai ir vajadz\u012bgi papildus 135 miljardi eiro, lai nenon\u0101ktu par\u0101dos n\u0101kamo divu gadu laik\u0101, un naudas tr\u016bkums s\u0101ktos apr\u012bl\u012b.<\/p>\n<p class=\"text-font font-size--text-xlarge margin-3--bottom\">Ukrainas prezidents Volodimirs Zelenskis ceturtdien samita s\u0101kum\u0101 pateica ES l\u012bderiem, ka iesald\u0113to Krievijas akt\u012bvu izmanto\u0161ana ir pareizais ce\u013c\u0161.<\/p>\n<p class=\"text-font font-size--text-xlarge margin-3--bottom\">&#8220;Krievijas akt\u012bvus vajag izmantot, lai aizsarg\u0101tos pret Krevijas agresiju un atjaunotu to, kas ir sagrauts Krievijas uzbrukumos. Tas ir mor\u0101li. Tas ir taisn\u012bgi. Tas ir likum\u012bgi,&#8221; sac\u012bja Zelenskis.<\/p>\n<p class=\"text-font font-size--text-xlarge margin-3--bottom\">Zelenskis sac\u012bja, ka Kijivai vajadz\u012bga l\u0113muma pie\u0146em\u0161ana l\u012bdz gada beig\u0101m un ka stingr\u0101ks finan\u0161u pamats vi\u0146a valstij var nodro\u0161in\u0101t tai liel\u0101kas priek\u0161roc\u012bbas sarun\u0101s par kara izbeig\u0161anu.<\/p>\n","protected":false},"excerpt":{"rendered":"Eiropas Savien\u012bbas (ES) l\u012bderi piektdien pan\u0101ca vieno\u0161anos pie\u0161\u0137irt Ukrainai 90 miljardu eiro aizdevumu uz n\u0101kamajiem diviem gadiem, lai&hellip;\n","protected":false},"author":2,"featured_media":79498,"comment_status":"","ping_status":"","sticky":false,"template":"","format":"standard","meta":{"footnotes":""},"categories":[14],"tags":[23,57,869,77,870,28,29,867,32,33,22,30,31,35,39,38,36,37,34,871,868,40,20,26,27,24,25,54,55,56,21,58],"class_list":{"0":"post-79497","1":"post","2":"type-post","3":"status-publish","4":"format-standard","5":"has-post-thumbnail","7":"category-zinas-no-arvalstim","8":"tag-aktualitates","9":"tag-arvalstim","10":"tag-biznesa-zinas","11":"tag-bizness","12":"tag-bizness-latvija","13":"tag-breaking-news","14":"tag-breakingnews","15":"tag-dienas-zinas","16":"tag-featured-news","17":"tag-featurednews","18":"tag-headlines","19":"tag-latest-news","20":"tag-latestnews","21":"tag-latvia","22":"tag-latvian","23":"tag-latviesu","24":"tag-latviesu-valoda","25":"tag-latviesuvaloda","26":"tag-latvija","27":"tag-latvijas-biznesa-zinas","28":"tag-latvijas-zinas","29":"tag-lv","30":"tag-news","31":"tag-popularakas-zinas","32":"tag-popularakaszinas","33":"tag-top-stories","34":"tag-topstories","35":"tag-world","36":"tag-world-news","37":"tag-worldnews","38":"tag-zinas","39":"tag-zinas-no-arvalstim"},"share_on_mastodon":{"url":"https:\/\/pubeurope.com\/@lv\/115744309417339335","error":""},"_links":{"self":[{"href":"https:\/\/www.europesays.com\/lv\/wp-json\/wp\/v2\/posts\/79497","targetHints":{"allow":["GET"]}}],"collection":[{"href":"https:\/\/www.europesays.com\/lv\/wp-json\/wp\/v2\/posts"}],"about":[{"href":"https:\/\/www.europesays.com\/lv\/wp-json\/wp\/v2\/types\/post"}],"author":[{"embeddable":true,"href":"https:\/\/www.europesays.com\/lv\/wp-json\/wp\/v2\/users\/2"}],"replies":[{"embeddable":true,"href":"https:\/\/www.europesays.com\/lv\/wp-json\/wp\/v2\/comments?post=79497"}],"version-history":[{"count":0,"href":"https:\/\/www.europesays.com\/lv\/wp-json\/wp\/v2\/posts\/79497\/revisions"}],"wp:featuredmedia":[{"embeddable":true,"href":"https:\/\/www.europesays.com\/lv\/wp-json\/wp\/v2\/media\/79498"}],"wp:attachment":[{"href":"https:\/\/www.europesays.com\/lv\/wp-json\/wp\/v2\/media?parent=79497"}],"wp:term":[{"taxonomy":"category","embeddable":true,"href":"https:\/\/www.europesays.com\/lv\/wp-json\/wp\/v2\/categories?post=79497"},{"taxonomy":"post_tag","embeddable":true,"href":"https:\/\/www.europesays.com\/lv\/wp-json\/wp\/v2\/tags?post=79497"}],"curies":[{"name":"wp","href":"https:\/\/api.w.org\/{rel}","templated":true}]}}