{"id":79561,"date":"2025-12-19T06:10:10","date_gmt":"2025-12-19T06:10:10","guid":{"rendered":"https:\/\/www.europesays.com\/lv\/79561\/"},"modified":"2025-12-19T06:10:10","modified_gmt":"2025-12-19T06:10:10","slug":"panakta-vienosanas-par-tiktok-asv-operaciju-pardosanu","status":"publish","type":"post","link":"https:\/\/www.europesays.com\/lv\/79561\/","title":{"rendered":"Pan\u0101kta vieno\u0161an\u0101s par &#8220;TikTok&#8221; ASV oper\u0101ciju p\u0101rdo\u0161anu"},"content":{"rendered":"<p>&#8220;TikTok&#8221; vad\u012bt\u0101js \u0160ou \u010cu \u0161aj\u0101 memorand\u0101 pazi\u0146oja darbiniekiem, ka ir parakst\u012btas vieno\u0161an\u0101s ar programmat\u016bras komp\u0101niju &#8220;Oracle&#8221; un finan\u0161u uz\u0146\u0113mumiem &#8220;Silver Lake&#8221; un MGX.<\/p>\n<p>\u0160iem trim uz\u0146\u0113mumiem kop\u0101 pieder\u0113s 45% no jaun\u0101 kopuz\u0146\u0113muma. 20% taj\u0101 saglab\u0101s iepriek\u0161\u0113jais \u012bpa\u0161nieks &#8211; \u0136\u012bn\u0101 b\u0101z\u0113t\u0101 grupa &#8220;ByteDance&#8221;, bet apm\u0113ram tre\u0161da\u013ca akciju paliks &#8220;TikTok&#8221; iepriek\u0161\u0113jo starptautisko investoru \u012bpa\u0161um\u0101.<\/p>\n<p>Ir gaid\u0101ms, ka \u0161\u012b transakcija tiks pabeigta 22. janv\u0101r\u012b.<\/p>\n<p>&#8220;TikTok&#8221; m\u0101tesuz\u0146\u0113mums &#8220;ByteDance&#8221; ar galveno biroju Pekin\u0101 m\u0113ne\u0161iem ilgi bija neskaidr\u0101 situ\u0101cij\u0101 par videoplatformas oper\u0101cij\u0101m <a href=\"https:\/\/www.tvnet.lv\/term\/555410\/asv\" class=\"topicLink\" target=\"_blank\" rel=\"nofollow noopener\">ASV<\/a>, kur tai ir aptuveni 170 miljoni lietot\u0101ju.<\/p>\n<p>ASV Kongress p\u0113rn nacion\u0101l\u0101s dro\u0161\u012bbas apsv\u0113rumu d\u0113\u013c pie\u0146\u0113ma likumu, kas liek \u0136\u012bnas uz\u0146\u0113mumam &#8220;ByteDance&#8221; vai nu p\u0101rdot \u0101rk\u0101rt\u012bgi popul\u0101ro platformu, vai ar\u012b to sl\u0113gt.<\/p>\n<p>Tramps, st\u0101joties ASV prezidenta amat\u0101, parakst\u012bja r\u012bkojumu, ar kuru par 75 dien\u0101m tika atlikta likuma par &#8220;TikTok&#8221; darb\u012bbas aizliegumu ASV st\u0101\u0161an\u0101s sp\u0113k\u0101. V\u0113l\u0101k vi\u0146\u0161 pagarin\u0101ja \u0161o termi\u0146u l\u012bdz 19. j\u016bnijam, bet p\u0113c tam &#8211; l\u012bdz 17. septembrim un l\u012bdz 16. decembrim.<\/p>\n<p>ASV uzskata &#8220;ByteDance&#8221; un l\u012bdz ar to ar\u012b &#8220;TikTok&#8221; par \u0136\u012bnas uz\u0146\u0113mumiem. ASV amatpersonas ir paudu\u0161as ba\u017eas, ka \u0136\u012bnas vald\u012bba var\u0113tu piek\u013c\u016bt ASV lietot\u0101ju personas datiem un izmantot \u0161o platformu politiskai ietekmei. &#8220;TikTok&#8221; un &#8220;ByteDance&#8221; ir noraid\u012bju\u0161as \u0161\u0101du iesp\u0113jam\u012bbu.<\/p>\n","protected":false},"excerpt":{"rendered":"&#8220;TikTok&#8221; vad\u012bt\u0101js \u0160ou \u010cu \u0161aj\u0101 memorand\u0101 pazi\u0146oja darbiniekiem, ka ir parakst\u012btas vieno\u0161an\u0101s ar programmat\u016bras komp\u0101niju &#8220;Oracle&#8221; un finan\u0161u&hellip;\n","protected":false},"author":2,"featured_media":79562,"comment_status":"","ping_status":"","sticky":false,"template":"","format":"standard","meta":{"footnotes":""},"categories":[14],"tags":[23,57,292,28,29,32,33,22,30,31,35,39,38,36,37,34,40,20,26,27,5328,24,25,54,55,56,21,58],"class_list":{"0":"post-79561","1":"post","2":"type-post","3":"status-publish","4":"format-standard","5":"has-post-thumbnail","7":"category-zinas-no-arvalstim","8":"tag-aktualitates","9":"tag-arvalstim","10":"tag-asv","11":"tag-breaking-news","12":"tag-breakingnews","13":"tag-featured-news","14":"tag-featurednews","15":"tag-headlines","16":"tag-latest-news","17":"tag-latestnews","18":"tag-latvia","19":"tag-latvian","20":"tag-latviesu","21":"tag-latviesu-valoda","22":"tag-latviesuvaloda","23":"tag-latvija","24":"tag-lv","25":"tag-news","26":"tag-popularakas-zinas","27":"tag-popularakaszinas","28":"tag-tiktok","29":"tag-top-stories","30":"tag-topstories","31":"tag-world","32":"tag-world-news","33":"tag-worldnews","34":"tag-zinas","35":"tag-zinas-no-arvalstim"},"share_on_mastodon":{"url":"https:\/\/pubeurope.com\/@lv\/115744749815132539","error":""},"_links":{"self":[{"href":"https:\/\/www.europesays.com\/lv\/wp-json\/wp\/v2\/posts\/79561","targetHints":{"allow":["GET"]}}],"collection":[{"href":"https:\/\/www.europesays.com\/lv\/wp-json\/wp\/v2\/posts"}],"about":[{"href":"https:\/\/www.europesays.com\/lv\/wp-json\/wp\/v2\/types\/post"}],"author":[{"embeddable":true,"href":"https:\/\/www.europesays.com\/lv\/wp-json\/wp\/v2\/users\/2"}],"replies":[{"embeddable":true,"href":"https:\/\/www.europesays.com\/lv\/wp-json\/wp\/v2\/comments?post=79561"}],"version-history":[{"count":0,"href":"https:\/\/www.europesays.com\/lv\/wp-json\/wp\/v2\/posts\/79561\/revisions"}],"wp:featuredmedia":[{"embeddable":true,"href":"https:\/\/www.europesays.com\/lv\/wp-json\/wp\/v2\/media\/79562"}],"wp:attachment":[{"href":"https:\/\/www.europesays.com\/lv\/wp-json\/wp\/v2\/media?parent=79561"}],"wp:term":[{"taxonomy":"category","embeddable":true,"href":"https:\/\/www.europesays.com\/lv\/wp-json\/wp\/v2\/categories?post=79561"},{"taxonomy":"post_tag","embeddable":true,"href":"https:\/\/www.europesays.com\/lv\/wp-json\/wp\/v2\/tags?post=79561"}],"curies":[{"name":"wp","href":"https:\/\/api.w.org\/{rel}","templated":true}]}}