{"id":79603,"date":"2025-12-19T07:12:12","date_gmt":"2025-12-19T07:12:12","guid":{"rendered":"https:\/\/www.europesays.com\/lv\/79603\/"},"modified":"2025-12-19T07:12:12","modified_gmt":"2025-12-19T07:12:12","slug":"cetri-bojagajusie-un-augosas-spriedzes-ar-venecuelu-lente-lv","status":"publish","type":"post","link":"https:\/\/www.europesays.com\/lv\/79603\/","title":{"rendered":"\u010detri boj\u0101g\u0101ju\u0161ie un augo\u0161as spriedzes ar Venecu\u0113lu\u00a0\u2014\u00a0Lente.lv"},"content":{"rendered":"<p>Jauns ASV trieciens austrumu Klusaj\u0101 oke\u0101n\u0101: \u010detri boj\u0101g\u0101ju\u0161ie, augo\u0161as spriedzes ar Venecu\u0113lu<\/p>\n<p>ASV milit\u0101rpersonas tre\u0161dien pazi\u0146oja par veiksm\u012bgu uzbrukumu laivai, kas tiek tur\u0113ta aizdom\u0101s par narkotiku kontrabandu austrumu Klusaj\u0101 oke\u0101n\u0101. \u0160is incidents notika dien\u0101, kad P\u0101rst\u0101vju pal\u0101ta noraid\u012bja centienus ierobe\u017eot prezidenta Donalda Trampa pilnvaras izmantot milit\u0101ro sp\u0113ku pret narkokarteliem.<\/p>\n<p>ASV armijas Dienvidu pav\u0113lniec\u012bba soci\u0101lajos t\u012bklos inform\u0113ja, ka uzbrukums veiksm\u012bgi likvid\u0113jis \u010detrus cilv\u0113kus, kuri biju\u0161i iesaist\u012bti narkotiku transport\u0113\u0161an\u0101. Varas iest\u0101des apgalvo, ka ku\u0123is pieder\u0113jis \u201cnarco-teroristiem\u201d un p\u0101rvietojies pa zin\u0101mu kontrabandas mar\u0161rutu. Lai gan ofici\u0101ls pier\u0101d\u012bjumu kopums netika publiskots, tika public\u0113ts video, kas dokument\u0113 momentu pirms spr\u0101dziena uz \u016bdens.<\/p>\n<p>\u0160is trieciens palielina kop\u0113jo zin\u0101mo uzbrukumu skaitu pret laiv\u0101m l\u012bdz 26, ar vismaz 99 boj\u0101g\u0101ju\u0161ajiem, saska\u0146\u0101 ar Trampa administr\u0101cijas sniegto inform\u0101ciju. Tramps \u0161os uzbrukumus pamato k\u0101 nepiecie\u0161amu eskal\u0101ciju, lai aptur\u0113tu narkotiku pl\u016bsmu uz ASV, un ir pazi\u0146ojis, ka ASV ir iesaist\u012bta \u201cbru\u0146ot\u0101 konflikt\u0101\u201d ar narkokarteliem. Tom\u0113r administr\u0101cija saskaras ar pieaugo\u0161u kritiku no likumdev\u0113jiem par \u0161o agres\u012bvo kampa\u0146u.<\/p>\n<p>Kritika un ba\u017eas Kongres\u0101<\/p>\n<p>Pirmais uzbrukums septembra s\u0101kum\u0101 izrais\u012bja sa\u0161utumu, jo tika veikts papildu trieciens, kas nogalin\u0101ja divus izdz\u012bvoju\u0161os, kuri tur\u0113j\u0101s pie ku\u0123a atl\u016bz\u0101m p\u0113c pirm\u0101 boj\u0101juma. Aizsardz\u012bbas sekret\u0101rs P\u012bts Hegsets otrdien nor\u0101d\u012bja, ka Pentagons publiski neizlaid\u012bs neapstr\u0101d\u0101tu video materi\u0101lu par triecieniem. Tas notika laik\u0101, kad pieaugu\u0161as ba\u017eas Kongres\u0101 par \u0161o incidentu un ASV milit\u0101ro sp\u0113ku koncentr\u0101ciju pie Venecu\u0113las krastiem.<\/p>\n<p>Tikai tre\u0161dien republik\u0101\u0146i un demokr\u0101ti Sen\u0101t\u0101 vienoj\u0101s par aizsardz\u012bbas likumprojektu, kas paredz\u0113tu aiztur\u0113t ceturto da\u013cu no Hegseta ce\u013ca bud\u017eeta, l\u012bdz vi\u0146\u0161 iesniegs neapstr\u0101d\u0101tus video materi\u0101lus un pav\u0113les, kas at\u013cauj \u0161os uzbrukumus, P\u0101rst\u0101vju pal\u0101tas un Sen\u0101ta bru\u0146oto sp\u0113ku komitej\u0101m.<\/p>\n<p>Demokr\u0101tu centieni ierobe\u017eot Trampa pilnvaras<\/p>\n<p>\u0160is uzbrukums notika dien\u0101, kad P\u0101rst\u0101vju pal\u0101tas republik\u0101\u0146i noraid\u012bja divus Demokr\u0101tu atbalst\u012btus rezol\u016bcijas, kas paredz\u0113tu ierobe\u017eot prezidenta Donalda Trampa pilnvaras izmantot milit\u0101ro sp\u0113ku pret narkokarteliem un Venecu\u0113lu. Likumdo\u0161ana b\u016btu piepras\u012bjusi Trampa administr\u0101cijai mekl\u0113t Kongresa piekri\u0161anu pirms turpin\u0101t uzbrukumus karteliem, ko t\u0101 uzskata par teroristisk\u0101m organiz\u0101cij\u0101m Rietumu puslod\u0113, vai uzs\u0101kt uzbrukumu pa\u0161ai Venecu\u0113lai.<\/p>\n<p>Galvenais P\u0101rst\u0101vju pal\u0101tas \u0100rlietu komitejas demokr\u0101ts Gregorijs Mikss pauda viedokli, ka Trampa agresija re\u0123ion\u0101 paties\u012bb\u0101 ir saist\u012bta ar to, ka \u201cprezidents alkst Venecu\u0113las naftas\u201d. Republik\u0101\u0146u l\u012bderi arvien bie\u017e\u0101k pau\u017e atbalstu Trampa kampa\u0146ai, pat ja t\u0101 potenci\u0101li eskal\u0113jas tie\u0161\u0101 konfront\u0101cij\u0101 ar Venecu\u0113las prezidentu Nikolasu Maduro.<\/p>\n<blockquote>\n<p>Sen\u0101ta vair\u0101kuma l\u012bderis D\u017eons T\u016bns iepriek\u0161 tre\u0161dien atzina, ka nezina, vai Trampa administr\u0101cija \u201cpubliski ir pazi\u0146ojusi\u201d, ka v\u0113las re\u017e\u012bma mai\u0146u, ta\u010du \u201ces noteikti neiebilstu, ja t\u0101da b\u016btu vi\u0146u poz\u012bcija\u201d. Vi\u0146\u0161 piebilda: \u201cMaduro ir v\u0113zis uz t\u0101 kontinenta.\u201d<\/p>\n<\/blockquote>\n<p>Neskatoties uz to, Trampa administr\u0101cija nav mekl\u0113jusi Kongresa piekri\u0161anu sav\u0101m nesenaj\u0101m darb\u012bb\u0101m Kar\u012bbu j\u016bras re\u0123ion\u0101, apgalvojot, ka t\u0101 var izn\u012bcin\u0101t narkotikas p\u0101rvad\u0101jo\u0161as laivas, t\u0101pat k\u0101 risin\u0101tu teroristu draudus pret ASV. Valsts sekret\u0101rs Marko Rubio, aizsardz\u012bbas sekret\u0101rs P\u012bts Hegsets un citi augst\u0101kie nacion\u0101l\u0101s dro\u0161\u012bbas speci\u0101listi aizst\u0101v\u0113ja kampa\u0146u k\u0101 veiksm\u012bgu pret narkotiku apkaro\u0161anas pas\u0101kumu, kas ir samazin\u0101jis narkotiku pieg\u0101di, kas non\u0101k ASV, ta\u010du nav inform\u0113jis Kongresu par saviem galvenajiem m\u0113r\u0137iem attiec\u012bb\u0101 uz Venecu\u0113lu.<\/p>\n","protected":false},"excerpt":{"rendered":"Jauns ASV trieciens austrumu Klusaj\u0101 oke\u0101n\u0101: \u010detri boj\u0101g\u0101ju\u0161ie, augo\u0161as spriedzes ar Venecu\u0113lu ASV milit\u0101rpersonas tre\u0161dien pazi\u0146oja par veiksm\u012bgu&hellip;\n","protected":false},"author":2,"featured_media":79604,"comment_status":"","ping_status":"","sticky":false,"template":"","format":"standard","meta":{"footnotes":""},"categories":[14],"tags":[23,57,19991,19992,28,29,542,32,33,22,30,31,35,39,38,36,37,34,40,7392,20,26,27,24,25,358,54,55,56,21,58],"class_list":{"0":"post-79603","1":"post","2":"type-post","3":"status-publish","4":"format-standard","5":"has-post-thumbnail","7":"category-zinas-no-arvalstim","8":"tag-aktualitates","9":"tag-arvalstim","10":"tag-asv-trieciens","11":"tag-austrumu-klusais-okeans","12":"tag-breaking-news","13":"tag-breakingnews","14":"tag-donalds-tramps","15":"tag-featured-news","16":"tag-featurednews","17":"tag-headlines","18":"tag-latest-news","19":"tag-latestnews","20":"tag-latvia","21":"tag-latvian","22":"tag-latviesu","23":"tag-latviesu-valoda","24":"tag-latviesuvaloda","25":"tag-latvija","26":"tag-lv","27":"tag-narkotiku-kontrabanda","28":"tag-news","29":"tag-popularakas-zinas","30":"tag-popularakaszinas","31":"tag-top-stories","32":"tag-topstories","33":"tag-venecuela","34":"tag-world","35":"tag-world-news","36":"tag-worldnews","37":"tag-zinas","38":"tag-zinas-no-arvalstim"},"share_on_mastodon":{"url":"https:\/\/pubeurope.com\/@lv\/115744993659241052","error":""},"_links":{"self":[{"href":"https:\/\/www.europesays.com\/lv\/wp-json\/wp\/v2\/posts\/79603","targetHints":{"allow":["GET"]}}],"collection":[{"href":"https:\/\/www.europesays.com\/lv\/wp-json\/wp\/v2\/posts"}],"about":[{"href":"https:\/\/www.europesays.com\/lv\/wp-json\/wp\/v2\/types\/post"}],"author":[{"embeddable":true,"href":"https:\/\/www.europesays.com\/lv\/wp-json\/wp\/v2\/users\/2"}],"replies":[{"embeddable":true,"href":"https:\/\/www.europesays.com\/lv\/wp-json\/wp\/v2\/comments?post=79603"}],"version-history":[{"count":0,"href":"https:\/\/www.europesays.com\/lv\/wp-json\/wp\/v2\/posts\/79603\/revisions"}],"wp:featuredmedia":[{"embeddable":true,"href":"https:\/\/www.europesays.com\/lv\/wp-json\/wp\/v2\/media\/79604"}],"wp:attachment":[{"href":"https:\/\/www.europesays.com\/lv\/wp-json\/wp\/v2\/media?parent=79603"}],"wp:term":[{"taxonomy":"category","embeddable":true,"href":"https:\/\/www.europesays.com\/lv\/wp-json\/wp\/v2\/categories?post=79603"},{"taxonomy":"post_tag","embeddable":true,"href":"https:\/\/www.europesays.com\/lv\/wp-json\/wp\/v2\/tags?post=79603"}],"curies":[{"name":"wp","href":"https:\/\/api.w.org\/{rel}","templated":true}]}}