{"id":79613,"date":"2025-12-19T07:24:18","date_gmt":"2025-12-19T07:24:18","guid":{"rendered":"https:\/\/www.europesays.com\/lv\/79613\/"},"modified":"2025-12-19T07:24:18","modified_gmt":"2025-12-19T07:24:18","slug":"ir-laiks-jauniem-lideriem-baltkrievijas-opozicija","status":"publish","type":"post","link":"https:\/\/www.europesays.com\/lv\/79613\/","title":{"rendered":"Ir laiks jauniem l\u012bderiem Baltkrievijas opoz\u012bcij\u0101"},"content":{"rendered":"<p style=\"margin-left:0px;\">Nobela Miera pr\u0113mijas laure\u0101ts Aless Bja\u013cackis, kur\u0161 ned\u0113\u013cas nogal\u0113 tika atbr\u012bvots no Baltkrievijas cietuma un ar\u012b piedal\u012bj\u0101s san\u0101ksm\u0113 Vi\u013c\u0146\u0101, sac\u012bja, ka neuzskata sevi par politisko l\u012bderi.<\/p>\n<p style=\"margin-left:0px;\">&#8220;Es esmu cilv\u0113kties\u012bbu akt\u012bvists, nevis politi\u0137is. M\u0113s aizst\u0101vam visp\u0101r\u0113j\u0101s cilv\u0113kties\u012bbas, kas ir svar\u012bgas ikvienam,&#8221; vi\u0146\u0161 teica. &#8220;Kas attiecas uz politiskajiem l\u012bderiem un akt\u012bvistiem, m\u0113s, protams, vi\u0146us atbalst\u0101m,&#8221; piebilda Bja\u013cackis.<\/p>\n<blockquote>\n<p style=\"margin-left:0px;\">&#8220;Svjatlana ir politisk\u0101 l\u012bdere, un par to, t\u0101 teikt, nav \u0161aubu,&#8221;\u00a0<\/p>\n<\/blockquote>\n<p style=\"margin-left:0px;\">uzst\u0101ja Nobela miera pr\u0113mijas laure\u0101ts, atg\u0101dinot, ka par Cihanousku &#8220;balsoja miljoniem pilso\u0146u&#8221;.<\/p>\n<p style=\"margin-left:0px;\">Lietuvas Seima priek\u0161s\u0113d\u0113t\u0101js sac\u012bja, ka Baltkrievijas opoz\u012bcijai vajadz\u0113tu apvienoties, bet atteic\u0101s spekul\u0113t par l\u012bder\u012bbu.<\/p>\n<p style=\"margin-left:0px;\">&#8220;M\u0113s pied\u0101v\u0101jam vi\u0146iem visiem apvienoties, jo ir vair\u0101k l\u012bderu, tostarp Ka\u013ces\u0146ikava un Babarika. Tikai kop\u012bgs darbs var dot re\u0101lus rezult\u0101tus,&#8221; Oleks teica.<\/p>\n<p style=\"margin-left:0px;\">Baltkrievija sestdien p\u0113c sarun\u0101m ar ASV atbr\u012bvoja 123 politieslodz\u012btos, tostarp divus Lietuvas pilso\u0146us, kas bija nelikum\u012bgi aiztur\u0113ti.<\/p>\n<p style=\"margin-left:0px;\">Medijos izskan\u0113jis, ka apmai\u0146\u0101 pret ieslodz\u012bto atbr\u012bvo\u0161anu Va\u0161ingtona atviegloja sankcijas pret Baltkrievijas k\u0101lija m\u0113slo\u0161anas l\u012bdzek\u013cu eksportu. Lietuvas l\u012bderi sac\u012bja, ka \u0161is solis neietekm\u0113 Eiropas Savien\u012bbas sankcijas un ka ASV nav tie\u0161i piepras\u012bju\u0161as to m\u012bkstin\u0101\u0161anu.<\/p>\n<p style=\"margin-left:0px;\">Daudzi no Luka\u0161enko re\u017e\u012bma b\u0113go\u0161ie ir atradu\u0161i patv\u0113rumu, ta\u010du p\u0113d\u0113j\u0101 laik\u0101 izskan\u0113ju\u0161as runas par iesp\u0113jamu Baltkrievijas opoz\u012bcijas l\u012bderu p\u0101rcel\u0161anos no Lietuvas uz Poliju.<\/p>\n<p style=\"margin-left:0px;\">Oktobr\u012b Lietuva samazin\u0101ja Cihanouskas un vi\u0146as biroja apsardzes l\u012bmeni. Baltkrievijas opoz\u012bcijas l\u012bderes m\u0101ja un birojs joproj\u0101m tiek apsarg\u0101ti, ta\u010du vi\u0146as personisk\u0101 apsardze Lietuv\u0101 un \u0101rzem\u0113s vairs netiek nodro\u0161in\u0101ta.<\/p>\n<p style=\"margin-left:0px;\">T\u0101ds l\u0113mums tika pla\u0161i apspriests. Tika pausts viedoklis, ka l\u0113mums ir politisks, izdab\u0101jot tiem, kas uzskata, ka Cihanouskai tiek pie\u0161\u0137irta p\u0101r\u0101k liela noz\u012bme un ka vi\u0146as dro\u0161\u012bbai tiek pie\u0161\u0137irti p\u0101r\u0101k daudz resursu. L\u012bdz \u0161im Cihanouskas apsardze Lietuvai izmaks\u0101ja apm\u0113ram miljonu eiro gad\u0101.<\/p>\n<p style=\"margin-left:0px;\">Vad\u012bbas apsardzes dienests s\u0101ka apsarg\u0101t Cihanousku, kad vi\u0146a 2020. gad\u0101 ierad\u0101s Lietuv\u0101 p\u0113c tam, kad bija spiesta atst\u0101t Baltkrieviju.<\/p>\n<p><img decoding=\"async\" class=\"img-fluid mb-3\" loading=\"lazy\" src=\"https:\/\/www.europesays.com\/lv\/wp-content\/uploads\/2025\/12\/2023072608213264c0ad5c1d6fb.jpg\" alt=\"Latvijas un Baltkrievijas pierobe\u017ea. Robe\u017e\u017eoga izb\u016bve. \"\/><\/p>\n<p> Latvijas un Baltkrievijas pierobe\u017ea. Robe\u017e\u017eoga izb\u016bve <\/p>\n<p> Latvijas un Baltkrievijas pierobe\u017ea. Robe\u017e\u017eoga izb\u016bve. <\/p>\n<p> \u017dogs. <\/p>\n<p class=\"paragraph-muted\">Izv\u0113lies savu soct\u012bklu platformu, lai sekotu LASI.LV: <a href=\"https:\/\/www.facebook.com\/portals.lasi.lv\" target=\"_blank\" rel=\"noopener noreferrer nofollow\">Facebook<\/a>, <a href=\"https:\/\/twitter.com\/lasilvportals\" target=\"_blank\" rel=\"noopener noreferrer nofollow\">X<\/a>, <a href=\"https:\/\/bsky.app\/profile\/lasilv.bsky.social\" target=\"_blank\" rel=\"noopener noreferrer nofollow\">Bluesky<\/a>, <a href=\"https:\/\/www.draugiem.lv\/lasilv\/?pg=4\" target=\"_blank\" rel=\"noopener noreferrer nofollow\">Draugiem<\/a> vai ar\u012b <a href=\"https:\/\/www.instagram.com\/lasilv_zinas\/\" target=\"_blank\" rel=\"noopener noreferrer nofollow\">Instagram<\/a>. Pievienojies m\u016bsu las\u012bt\u0101ju pulkam, lai sa\u0146emtu \u012bpa\u0161i tev atlas\u012btu noder\u012bgu, praktisku un aktu\u0101lu saturu.\u00a0<\/p>\n<p><a href=\"https:\/\/lasi.lv\/abonesana\" rel=\"nofollow noopener\" target=\"_blank\">Abon\u0113<\/a>\u00a0LASI.LV gadam\u00a0vai k\u0101du no\u00a0&#8220;Latvijas Mediju&#8221; periodiskajiem izdevumiem 2026. gadam, un laim\u0113 1500 eiro vai Philips kafijas autom\u0101tu. Loterijas at\u013caujas nr. 8744.<\/p>\n<p><img decoding=\"async\" src=\"https:\/\/www.europesays.com\/lv\/wp-content\/uploads\/2025\/12\/1765963873_985_2025100311425268df8c8c1572e.jpg\" alt=\"\" loading=\"lazy\"\/><\/p>\n<p style=\"margin-left:auto;\">Pieraksties LASI.LV redaktora v\u0113stkopai <a href=\"https:\/\/lasi.lv\/vestkopa\/lasi-lv-galvena-redaktora-vestkopa\" rel=\"nofollow noopener\" target=\"_blank\">\u0161eit<\/a>.<\/p>\n<p>Pieraksties v\u0113stkopai un divas reizes ned\u0113\u013c\u0101 sa\u0146em padzi\u013cin\u0101tu LASI.LV galven\u0101 redaktora aktu\u0101lo zi\u0146u, kompetentu viedok\u013cu un interesant\u0101ko interviju apkopojumu.<\/p>\n<p>Ko tu sa\u0146emsi:<\/p>\n<ul>\n<li>Daudzveid\u012bgus koment\u0101rus un kompetentus Latvijas Mediju \u017eurn\u0101listu un autoru viedok\u013cus par aktu\u0101lo<\/li>\n<li>Ekspertu koment\u0101rus par da\u017e\u0101diem praktiskiem, noder\u012bgiem tematiem<\/li>\n<li>Aizraujo\u0161us materi\u0101lus par v\u0113sturi, psiholo\u0123iju, kult\u016bru<\/li>\n<li>Gata \u0160\u013c\u016bkas karikat\u016bru<\/li>\n<li>Tav\u0101 e-pasta kast\u012bt\u0113 katru ceturtdienu<\/li>\n<\/ul>\n<p style=\"margin-left:auto;\">\u00a0<\/p>\n<p><script async src=\"https:\/\/platform.twitter.com\/widgets.js\" charset=\"utf-8\"><\/script><script async src=\"\/\/www.instagram.com\/embed.js\"><\/script><\/p>\n","protected":false},"excerpt":{"rendered":"Nobela Miera pr\u0113mijas laure\u0101ts Aless Bja\u013cackis, kur\u0161 ned\u0113\u013cas nogal\u0113 tika atbr\u012bvots no Baltkrievijas cietuma un ar\u012b piedal\u012bj\u0101s san\u0101ksm\u0113&hellip;\n","protected":false},"author":2,"featured_media":15035,"comment_status":"","ping_status":"","sticky":false,"template":"","format":"standard","meta":{"footnotes":""},"categories":[14],"tags":[23,57,28,29,32,33,22,30,31,35,39,38,36,37,34,40,20,26,27,24,25,54,55,56,21,58],"class_list":{"0":"post-79613","1":"post","2":"type-post","3":"status-publish","4":"format-standard","5":"has-post-thumbnail","7":"category-zinas-no-arvalstim","8":"tag-aktualitates","9":"tag-arvalstim","10":"tag-breaking-news","11":"tag-breakingnews","12":"tag-featured-news","13":"tag-featurednews","14":"tag-headlines","15":"tag-latest-news","16":"tag-latestnews","17":"tag-latvia","18":"tag-latvian","19":"tag-latviesu","20":"tag-latviesu-valoda","21":"tag-latviesuvaloda","22":"tag-latvija","23":"tag-lv","24":"tag-news","25":"tag-popularakas-zinas","26":"tag-popularakaszinas","27":"tag-top-stories","28":"tag-topstories","29":"tag-world","30":"tag-world-news","31":"tag-worldnews","32":"tag-zinas","33":"tag-zinas-no-arvalstim"},"share_on_mastodon":{"url":"https:\/\/pubeurope.com\/@lv\/115745040991549681","error":""},"_links":{"self":[{"href":"https:\/\/www.europesays.com\/lv\/wp-json\/wp\/v2\/posts\/79613","targetHints":{"allow":["GET"]}}],"collection":[{"href":"https:\/\/www.europesays.com\/lv\/wp-json\/wp\/v2\/posts"}],"about":[{"href":"https:\/\/www.europesays.com\/lv\/wp-json\/wp\/v2\/types\/post"}],"author":[{"embeddable":true,"href":"https:\/\/www.europesays.com\/lv\/wp-json\/wp\/v2\/users\/2"}],"replies":[{"embeddable":true,"href":"https:\/\/www.europesays.com\/lv\/wp-json\/wp\/v2\/comments?post=79613"}],"version-history":[{"count":0,"href":"https:\/\/www.europesays.com\/lv\/wp-json\/wp\/v2\/posts\/79613\/revisions"}],"wp:featuredmedia":[{"embeddable":true,"href":"https:\/\/www.europesays.com\/lv\/wp-json\/wp\/v2\/media\/15035"}],"wp:attachment":[{"href":"https:\/\/www.europesays.com\/lv\/wp-json\/wp\/v2\/media?parent=79613"}],"wp:term":[{"taxonomy":"category","embeddable":true,"href":"https:\/\/www.europesays.com\/lv\/wp-json\/wp\/v2\/categories?post=79613"},{"taxonomy":"post_tag","embeddable":true,"href":"https:\/\/www.europesays.com\/lv\/wp-json\/wp\/v2\/tags?post=79613"}],"curies":[{"name":"wp","href":"https:\/\/api.w.org\/{rel}","templated":true}]}}