{"id":79756,"date":"2025-12-19T09:54:14","date_gmt":"2025-12-19T09:54:14","guid":{"rendered":"https:\/\/www.europesays.com\/lv\/79756\/"},"modified":"2025-12-19T09:54:14","modified_gmt":"2025-12-19T09:54:14","slug":"ecb-saglaba-likmes-nemainigas-vai-procentu-likmju-mazinasanas-cikls-ir-nosledzies","status":"publish","type":"post","link":"https:\/\/www.europesays.com\/lv\/79756\/","title":{"rendered":"ECB saglab\u0101 likmes nemain\u012bgas \u2013 vai procentu likmju mazin\u0101\u0161anas cikls ir nosl\u0113dzies?"},"content":{"rendered":"<p>O\u013cegs Andrejevs, SEB bankas Uzkr\u0101jumu, ieguld\u012bjumu un pensiju pied\u0101v\u0101juma vad\u012bt\u0101js<\/p>\n<p><a href=\"https:\/\/static-img.aripaev.ee\/?type=preview&amp;uuid=3128d8de-6f9e-502e-b94e-1286d6d77705\" target=\"_blank\" rel=\"noopener noreferrer nofollow\" class=\"styles_article-image__holder__jEhZc\" style=\"aspect-ratio:1.4994409243384272\"><img alt=\"ECB saglab\u0101 likmes nemain\u012bgas \u2013 vai procentu likmju mazin\u0101\u0161anas cikls ir nosl\u0113dzies?\" draggable=\"false\" fetchpriority=\"high\" decoding=\"async\" data-nimg=\"fill\" style=\"position:absolute;height:100%;width:100%;left:0;top:0;right:0;bottom:0;color:transparent\"   src=\"https:\/\/www.europesays.com\/lv\/wp-content\/uploads\/2025\/12\/1766138054_729_\"\/><\/a><\/p>\n<p>Eiropas Centr\u0101l\u0101 banka (ECB) atk\u0101rtoti nol\u0113ma saglab\u0101t procentu likmes nemain\u012bgas. 2025. gada laik\u0101 noguld\u012bjumu likmes kopum\u0101 samazin\u0101tas par vienu procentpunktu: likme, kas gada s\u0101kum\u0101 bija 3%, kop\u0161 j\u016bnija ir stabila \u2013 2% l\u012bmen\u012b.<\/p>\n<p>Galvenie akcenti:<\/p>\n<ul class=\"styles_article-unordered-list__nkCTy\">\n<li>Likmjustabilit\u0101te:ECB ceturto reizi p\u0113c k\u0101rtas saglab\u0101ja noguld\u012bjumu likmi 2%l\u012bmen\u012b. Tirgus diskusijas liecina, ka likmju mazin\u0101\u0161anas cikls,visticam\u0101k, ir beidzies.<\/li>\n<li>Izaugsmesprognozes:Banka prognoz\u0113 sp\u0113c\u012bg\u0101ku ekonomikas atlab\u0161anu, ko veicin\u0101siek\u0161\u0113jais pat\u0113ri\u0146\u0161.<\/li>\n<li>Infl\u0101cijasm\u0113r\u0137is:Paredzams, ka infl\u0101cija vid\u0113j\u0101 termi\u0146\u0101 stabiliz\u0113sies tuvu 2%m\u0113r\u0137im, lai gan pakalpojumu sektor\u0101 joproj\u0101m v\u0113rojams nelielsspiediens.<\/li>\n<\/ul>\n<p>ECB pazi\u0146ojums bija gaid\u012bts un finan\u0161u tirgos p\u0101rsteigumus nerad\u012bja. Tom\u0113r preses konferenc\u0113 par\u0101d\u012bj\u0101s jauns tonis: tiek apspriesta iesp\u0113ja n\u0101kotn\u0113 paaugstin\u0101t likmes, lai gan pamatprognoze paredz stabilit\u0101ti visa 2026. gada garum\u0101. Kred\u012bt\u0146\u0113m\u0113jiem tas noz\u012bm\u0113, ka Euribor turpm\u0101ks kritums \u0161aj\u0101 cikl\u0101 nav gaid\u0101ms.<\/p>\n<p class=\"styles_banner__label__NHyOM\">Raksts turpin\u0101s p\u0113c rekl\u0101mas<\/p>\n<p>K\u0101du varam prognoz\u0113t 2026. gadu?<\/p>\n<p>Ja \u0123eopolitisk\u0101 situ\u0101cija nepasliktin\u0101sies, n\u0101kamais gads Latvijai izskat\u0101s cer\u012bgs. Prognozes liecina par IKP izaugsmes pa\u0101trin\u0101\u0161anos un re\u0101lo algu pieaugumu. Infl\u0101cija stabiliz\u0113sies, bet algas turpin\u0101s augt, uzlabojot iedz\u012bvot\u0101ju pirktsp\u0113ju.<\/p>\n<p>Tos, kuri cer\u0113ja uz Euribor kritumu, iepriecin\u0101t nevar \u2013 tas, visticam\u0101k, nenotiks. Vienlaikus, stabiliz\u0113joties ECB likm\u0113m, sagaid\u0101ms, ka ar\u012b termi\u0146noguld\u012bjumu likmes vairs netiks samazin\u0101tas. Tom\u0113r, \u0146emot v\u0113r\u0101, ka t\u0101s jau \u0161obr\u012bd ir zem infl\u0101cijas l\u012bmen\u012b Latvij\u0101, tiem, kuri v\u0113las nodarbin\u0101t br\u012bvu naudu, j\u0101mekl\u0113 ienes\u012bg\u0101ki risin\u0101jumi finan\u0161u tirgos.<\/p>\n<p>Glob\u0101l\u0101s tendences investoriem<\/p>\n<ul class=\"styles_article-unordered-list__nkCTy\">\n<li>MIrealit\u0101tes p\u0101rbaude:M\u0101ksl\u012bg\u0101 intelekta infrastrukt\u016bra ir koncentr\u0113ta da\u017eu lieluuz\u0146\u0113mumu rok\u0101s, un to invest\u012bciju pl\u0101ni ietekm\u0113 glob\u0101loekonomiku. Galvenais jaut\u0101jums \u2013 vai milz\u012bgie ieguld\u012bjumi nes\u012bsatbilsto\u0161us ie\u0146\u0113mumus? Uz\u0146\u0113mumiem, kas t\u0113r\u0113ju\u0161i miljardus MIinfrastrukt\u016brai, b\u016bs j\u0101pier\u0101da, ka t\u0101 pelna. Pret\u0113j\u0101 gad\u012bjum\u0101iesp\u0113jama tehnolo\u0123iju sektora korekcija.<\/li>\n<li>Diversifik\u0101cijasizaicin\u0101jums:Tradicion\u0101l\u0101 riska sadale vairs nedarbojas k\u0101 agr\u0101k. Tirguietekm\u0113 da\u017ei lieli faktori, t\u0101p\u0113c strat\u0113\u0123ija \u201cnopirkt visutirgu\u201d (pas\u012bvie indeksi) var nesniegt gaid\u012bto dro\u0161\u012bbu.Investoriem j\u0101b\u016bt apzin\u012bgiem un j\u0101mekl\u0113 pl\u0101ns B, iek\u013caujotcitus akt\u012bvus.<\/li>\n<\/ul>\n<ul class=\"styles_article-unordered-list__nkCTy\">\n<li>ASV:M\u0101ksl\u012bgais intelekts joproj\u0101m ir pievilc\u012bgs temats, ta\u010du aruzsvaru uz konkr\u0113tiem uzvar\u0113t\u0101jiem. Prognozes liecina, ka ASVdol\u0101rs var\u0113tu palikt v\u0101j\u0101ks pret eiro, kas samazin\u0101s ienes\u012bgumuEirozonas investoriem.<\/li>\n<\/ul>\n<ul class=\"styles_article-unordered-list__nkCTy\">\n<li>Eiropa:Kam\u0113r ASV akcijas ir d\u0101rgas, Eiropa k\u013c\u016bst interesantainvestoriem, kuri mekl\u0113 izdev\u012bg\u0101kas iesp\u0113jas. Prognozes irpozit\u012bvas: ir pl\u0101nota b\u016btiska fisk\u0101l\u0101 stimul\u0113\u0161ana(infrastrukt\u016bra, aizsardz\u012bba), un p\u0113c vair\u0101ku gadu stagn\u0101cijaskorporat\u012bv\u0101 pe\u013c\u0146a var\u0113tu pieaugt.<\/li>\n<\/ul>\n<ul class=\"styles_article-unordered-list__nkCTy\">\n<li>Att\u012bst\u012bbastirgi:Emerging Markets (EM) gatavojas turpin\u0101t 2025. gada izaugsmestendenci. V\u0101j\u0101ks dol\u0101rs un pe\u013c\u0146as k\u0101pums, \u012bpa\u0161i MI unra\u017eo\u0161an\u0101, rada labv\u0113l\u012bgu vidi invest\u012bcij\u0101m. T\u0101 k\u0101 lielada\u013ca kapit\u0101la v\u0113l nav atgriezusies \u0161aj\u0101 sektor\u0101, EM \u0161obr\u012bdpied\u0101v\u0101 vienu no lab\u0101kaj\u0101m riska\/ienes\u012bguma attiec\u012bb\u0101mglob\u0101lajos tirgos.<\/li>\n<\/ul>\n<p>Interes\u0113 \u0161\u012b t\u0113ma? S\u0101c sekot \u0161iem atsl\u0113gas v\u0101rdiem un sa\u0146em pazi\u0146ojumus, kad ir pieejams jauns saturs!<\/p>\n","protected":false},"excerpt":{"rendered":"O\u013cegs Andrejevs, SEB bankas Uzkr\u0101jumu, ieguld\u012bjumu un pensiju pied\u0101v\u0101juma vad\u012bt\u0101js Eiropas Centr\u0101l\u0101 banka (ECB) atk\u0101rtoti nol\u0113ma saglab\u0101t procentu&hellip;\n","protected":false},"author":2,"featured_media":79757,"comment_status":"","ping_status":"","sticky":false,"template":"","format":"standard","meta":{"footnotes":""},"categories":[14],"tags":[23,57,28,29,32,33,22,30,31,35,39,38,36,37,34,40,20,26,27,24,25,54,55,56,21,58],"class_list":{"0":"post-79756","1":"post","2":"type-post","3":"status-publish","4":"format-standard","5":"has-post-thumbnail","7":"category-zinas-no-arvalstim","8":"tag-aktualitates","9":"tag-arvalstim","10":"tag-breaking-news","11":"tag-breakingnews","12":"tag-featured-news","13":"tag-featurednews","14":"tag-headlines","15":"tag-latest-news","16":"tag-latestnews","17":"tag-latvia","18":"tag-latvian","19":"tag-latviesu","20":"tag-latviesu-valoda","21":"tag-latviesuvaloda","22":"tag-latvija","23":"tag-lv","24":"tag-news","25":"tag-popularakas-zinas","26":"tag-popularakaszinas","27":"tag-top-stories","28":"tag-topstories","29":"tag-world","30":"tag-world-news","31":"tag-worldnews","32":"tag-zinas","33":"tag-zinas-no-arvalstim"},"share_on_mastodon":{"url":"https:\/\/pubeurope.com\/@lv\/115745630886731739","error":""},"_links":{"self":[{"href":"https:\/\/www.europesays.com\/lv\/wp-json\/wp\/v2\/posts\/79756","targetHints":{"allow":["GET"]}}],"collection":[{"href":"https:\/\/www.europesays.com\/lv\/wp-json\/wp\/v2\/posts"}],"about":[{"href":"https:\/\/www.europesays.com\/lv\/wp-json\/wp\/v2\/types\/post"}],"author":[{"embeddable":true,"href":"https:\/\/www.europesays.com\/lv\/wp-json\/wp\/v2\/users\/2"}],"replies":[{"embeddable":true,"href":"https:\/\/www.europesays.com\/lv\/wp-json\/wp\/v2\/comments?post=79756"}],"version-history":[{"count":0,"href":"https:\/\/www.europesays.com\/lv\/wp-json\/wp\/v2\/posts\/79756\/revisions"}],"wp:featuredmedia":[{"embeddable":true,"href":"https:\/\/www.europesays.com\/lv\/wp-json\/wp\/v2\/media\/79757"}],"wp:attachment":[{"href":"https:\/\/www.europesays.com\/lv\/wp-json\/wp\/v2\/media?parent=79756"}],"wp:term":[{"taxonomy":"category","embeddable":true,"href":"https:\/\/www.europesays.com\/lv\/wp-json\/wp\/v2\/categories?post=79756"},{"taxonomy":"post_tag","embeddable":true,"href":"https:\/\/www.europesays.com\/lv\/wp-json\/wp\/v2\/tags?post=79756"}],"curies":[{"name":"wp","href":"https:\/\/api.w.org\/{rel}","templated":true}]}}