{"id":79775,"date":"2025-12-19T10:16:09","date_gmt":"2025-12-19T10:16:09","guid":{"rendered":"https:\/\/www.europesays.com\/lv\/79775\/"},"modified":"2025-12-19T10:16:09","modified_gmt":"2025-12-19T10:16:09","slug":"leons-xiv-tiekas-ar-konsultantiem-darba-attiecibu-jautajumos","status":"publish","type":"post","link":"https:\/\/www.europesays.com\/lv\/79775\/","title":{"rendered":"Leons XIV tiekas ar konsultantiem darba attiec\u012bbu jaut\u0101jumos"},"content":{"rendered":"<p>18. decembr\u012b Apustulisk\u0101s pils Klemensa z\u0101l\u0113 p\u0101vests Leons XIV pie\u0146\u0113ma audienc\u0113 280 konsultantus darba attiec\u012bbu jaut\u0101jumos.<\/p>\n<p style=\"text-align: justify;\">Silvija Krivte\u017ea &#8211; Vatik\u0101ns<\/p>\n<p style=\"text-align: justify;\">&#8220;Caur darbu m\u0113s k\u013c\u016bstam arvien cilv\u0113c\u012bg\u0101ki, m\u016bsu cilv\u0113cisk\u0101 daba uzplaukst, jaunie\u0161i k\u013c\u016bst par pieaugu\u0161ajiem&#8221;, Sv\u0113tais t\u0113vs uzrunu konsultantiem s\u0101ka ar \u0161o cit\u0101tu no Apustulisk\u0101s v\u0113stules \u00abDilexi te\u00bb. \u0160ie v\u0101rdi, ko Leons XIV mantoja no p\u0101vesta Franciska, atg\u0101dina mums, ka jebkura darba procesa centr\u0101 j\u0101b\u016bt nevis kapit\u0101lam, tirgus likumiem vai pe\u013c\u0146ai, bet gan cilv\u0113kam, \u0123imenei un t\u0101s labkl\u0101j\u012bbai, kam viss p\u0101r\u0113jais ir pak\u0101rtots. Tas vienm\u0113r j\u0101\u0146em v\u0113r\u0101, izstr\u0101d\u0101jot projektus un organiz\u0113jot uz\u0146\u0113mumus.<\/p>\n<p style=\"text-align: justify;\">P\u0101vests nor\u0101d\u012bja uz diviem negat\u012bviem elementiem darba attiec\u012bb\u0101s: pirmais ir p\u0101rm\u0113r\u012bga birokr\u0101tija, un otrais atraut\u012bba no realit\u0101tes. Sv\u0113tais t\u0113vs aicin\u0101ja konsultantus neskat\u012bties uz savu darbu tikai no darba dev\u0113ju perspekt\u012bvas, it k\u0101 viss p\u0101r\u0113jais b\u016btu maz\u0101k svar\u012bgs. Ir svar\u012bgi vienm\u0113r patur\u0113t pr\u0101t\u0101 cilv\u0113kus, \u012bpa\u0161i tos, kuri ir maz\u0101k sp\u0113j\u012bgi paust savas vajadz\u012bbas un aizst\u0101v\u0113t savas intereses.<\/p>\n<p style=\"text-align: justify;\">Romas b\u012bskaps \u012bpa\u0161u uzman\u012bbu piev\u0113rsa darba dro\u0161\u012bbas jaut\u0101jumam: bie\u017ei vien m\u0113s saprotam t\u0101 noz\u012bmi tikai p\u0113c tam, kad jau ir notikusi tra\u0123\u0113dija. &#8220;Daudzi br\u0101\u013ci un m\u0101sas pa\u013caujas uz j\u016bsu atbalstu, lai var\u0113tu mier\u012bgi veikt savu darbu,&#8221; sac\u012bja p\u0101vests, aicinot darba konsultantus savus pien\u0101kumus veikt &#8220;ar r\u016bp\u012bbu un cent\u012bbu&#8221;.<\/p>\n","protected":false},"excerpt":{"rendered":"18. decembr\u012b Apustulisk\u0101s pils Klemensa z\u0101l\u0113 p\u0101vests Leons XIV pie\u0146\u0113ma audienc\u0113 280 konsultantus darba attiec\u012bbu jaut\u0101jumos. Silvija Krivte\u017ea&hellip;\n","protected":false},"author":2,"featured_media":79776,"comment_status":"","ping_status":"","sticky":false,"template":"","format":"standard","meta":{"footnotes":""},"categories":[14],"tags":[23,57,28,29,32,33,22,30,31,35,39,38,36,37,34,40,20,26,27,24,25,54,55,56,21,58],"class_list":{"0":"post-79775","1":"post","2":"type-post","3":"status-publish","4":"format-standard","5":"has-post-thumbnail","7":"category-zinas-no-arvalstim","8":"tag-aktualitates","9":"tag-arvalstim","10":"tag-breaking-news","11":"tag-breakingnews","12":"tag-featured-news","13":"tag-featurednews","14":"tag-headlines","15":"tag-latest-news","16":"tag-latestnews","17":"tag-latvia","18":"tag-latvian","19":"tag-latviesu","20":"tag-latviesu-valoda","21":"tag-latviesuvaloda","22":"tag-latvija","23":"tag-lv","24":"tag-news","25":"tag-popularakas-zinas","26":"tag-popularakaszinas","27":"tag-top-stories","28":"tag-topstories","29":"tag-world","30":"tag-world-news","31":"tag-worldnews","32":"tag-zinas","33":"tag-zinas-no-arvalstim"},"share_on_mastodon":{"url":"https:\/\/pubeurope.com\/@lv\/115745717408409856","error":""},"_links":{"self":[{"href":"https:\/\/www.europesays.com\/lv\/wp-json\/wp\/v2\/posts\/79775","targetHints":{"allow":["GET"]}}],"collection":[{"href":"https:\/\/www.europesays.com\/lv\/wp-json\/wp\/v2\/posts"}],"about":[{"href":"https:\/\/www.europesays.com\/lv\/wp-json\/wp\/v2\/types\/post"}],"author":[{"embeddable":true,"href":"https:\/\/www.europesays.com\/lv\/wp-json\/wp\/v2\/users\/2"}],"replies":[{"embeddable":true,"href":"https:\/\/www.europesays.com\/lv\/wp-json\/wp\/v2\/comments?post=79775"}],"version-history":[{"count":0,"href":"https:\/\/www.europesays.com\/lv\/wp-json\/wp\/v2\/posts\/79775\/revisions"}],"wp:featuredmedia":[{"embeddable":true,"href":"https:\/\/www.europesays.com\/lv\/wp-json\/wp\/v2\/media\/79776"}],"wp:attachment":[{"href":"https:\/\/www.europesays.com\/lv\/wp-json\/wp\/v2\/media?parent=79775"}],"wp:term":[{"taxonomy":"category","embeddable":true,"href":"https:\/\/www.europesays.com\/lv\/wp-json\/wp\/v2\/categories?post=79775"},{"taxonomy":"post_tag","embeddable":true,"href":"https:\/\/www.europesays.com\/lv\/wp-json\/wp\/v2\/tags?post=79775"}],"curies":[{"name":"wp","href":"https:\/\/api.w.org\/{rel}","templated":true}]}}