{"id":79801,"date":"2025-12-19T10:41:35","date_gmt":"2025-12-19T10:41:35","guid":{"rendered":"https:\/\/www.europesays.com\/lv\/79801\/"},"modified":"2025-12-19T10:41:35","modified_gmt":"2025-12-19T10:41:35","slug":"ukrainas-droni-devusi-triecienu-belbekas-lidlaukam-diena","status":"publish","type":"post","link":"https:\/\/www.europesays.com\/lv\/79801\/","title":{"rendered":"Ukrainas droni devu\u0161i triecienu Belbekas lidlaukam \/ Diena"},"content":{"rendered":"<p>Trieciena rezult\u0101t\u0101 izn\u012bcin\u0101ta vai boj\u0101ta krievu kara tehnika simtiem miljonu ASV dol\u0101ru v\u0113rt\u012bb\u0101.<\/p>\n<p>&#13;<br \/>\n&#13;<\/p>\n<p>Ukrai\u0146u droni tr\u0101p\u012bju\u0161i diviem t\u0101las darb\u012bbas radaru kompleksiem &#8220;Nebo-SVU&#8221;.<\/p>\n<p>&#13;<br \/>\n&#13;<\/p>\n<p>Tr\u0101p\u012bts ar\u012b radaram 92N6, kas ir zeme-gaiss ra\u0137e\u0161u sist\u0113mas S-400 sast\u0101vda\u013ca, ra\u0137e\u0161u sist\u0113mai &#8220;Pancirj-S2&#8221; un izn\u012bcin\u0101t\u0101jam MiG-31.<\/p>\n<p>&#13;<\/p>\n","protected":false},"excerpt":{"rendered":"Trieciena rezult\u0101t\u0101 izn\u012bcin\u0101ta vai boj\u0101ta krievu kara tehnika simtiem miljonu ASV dol\u0101ru v\u0113rt\u012bb\u0101. &#13; &#13; Ukrai\u0146u droni tr\u0101p\u012bju\u0161i&hellip;\n","protected":false},"author":2,"featured_media":79802,"comment_status":"","ping_status":"","sticky":false,"template":"","format":"standard","meta":{"footnotes":""},"categories":[14],"tags":[23,57,28,29,32,33,22,30,31,35,39,38,36,37,34,40,20,26,27,24,25,54,55,56,21,58],"class_list":{"0":"post-79801","1":"post","2":"type-post","3":"status-publish","4":"format-standard","5":"has-post-thumbnail","7":"category-zinas-no-arvalstim","8":"tag-aktualitates","9":"tag-arvalstim","10":"tag-breaking-news","11":"tag-breakingnews","12":"tag-featured-news","13":"tag-featurednews","14":"tag-headlines","15":"tag-latest-news","16":"tag-latestnews","17":"tag-latvia","18":"tag-latvian","19":"tag-latviesu","20":"tag-latviesu-valoda","21":"tag-latviesuvaloda","22":"tag-latvija","23":"tag-lv","24":"tag-news","25":"tag-popularakas-zinas","26":"tag-popularakaszinas","27":"tag-top-stories","28":"tag-topstories","29":"tag-world","30":"tag-world-news","31":"tag-worldnews","32":"tag-zinas","33":"tag-zinas-no-arvalstim"},"share_on_mastodon":{"url":"https:\/\/pubeurope.com\/@lv\/115745815600587788","error":""},"_links":{"self":[{"href":"https:\/\/www.europesays.com\/lv\/wp-json\/wp\/v2\/posts\/79801","targetHints":{"allow":["GET"]}}],"collection":[{"href":"https:\/\/www.europesays.com\/lv\/wp-json\/wp\/v2\/posts"}],"about":[{"href":"https:\/\/www.europesays.com\/lv\/wp-json\/wp\/v2\/types\/post"}],"author":[{"embeddable":true,"href":"https:\/\/www.europesays.com\/lv\/wp-json\/wp\/v2\/users\/2"}],"replies":[{"embeddable":true,"href":"https:\/\/www.europesays.com\/lv\/wp-json\/wp\/v2\/comments?post=79801"}],"version-history":[{"count":0,"href":"https:\/\/www.europesays.com\/lv\/wp-json\/wp\/v2\/posts\/79801\/revisions"}],"wp:featuredmedia":[{"embeddable":true,"href":"https:\/\/www.europesays.com\/lv\/wp-json\/wp\/v2\/media\/79802"}],"wp:attachment":[{"href":"https:\/\/www.europesays.com\/lv\/wp-json\/wp\/v2\/media?parent=79801"}],"wp:term":[{"taxonomy":"category","embeddable":true,"href":"https:\/\/www.europesays.com\/lv\/wp-json\/wp\/v2\/categories?post=79801"},{"taxonomy":"post_tag","embeddable":true,"href":"https:\/\/www.europesays.com\/lv\/wp-json\/wp\/v2\/tags?post=79801"}],"curies":[{"name":"wp","href":"https:\/\/api.w.org\/{rel}","templated":true}]}}