{"id":79888,"date":"2025-12-19T11:55:13","date_gmt":"2025-12-19T11:55:13","guid":{"rendered":"https:\/\/www.europesays.com\/lv\/79888\/"},"modified":"2025-12-19T11:55:13","modified_gmt":"2025-12-19T11:55:13","slug":"valsts-policija-skaidro-attelos-redzamas-personas-identitati-2","status":"publish","type":"post","link":"https:\/\/www.europesays.com\/lv\/79888\/","title":{"rendered":"Valsts policija skaidro att\u0113los redzam\u0101s personas identit\u0101ti"},"content":{"rendered":"<p>Valsts policijas R\u012bgas re\u0123iona p\u0101rvaldes R\u012bgas Zieme\u013cu p\u0101rvaldes amatpersonas skaidro att\u0113los redzam\u0101s personas identit\u0101ti.<\/p>\n<p>Ja j\u016bsu r\u012bc\u012bb\u0101 ir jebk\u0101da inform\u0101cija, kas sekm\u0113tu vi\u0146as person\u012bbas noskaidro\u0161anu, aicin\u0101m inform\u0113t Valsts policiju, zvanot uz t\u0101lru\u0146a numuru 67085981 vai 112 vai rakstot uz e-pasta adresi:\u00a0<a href=\"https:\/\/lvportals.lv\/dienaskartiba\/mailto:ziemeli@riga.vp.gov.lv\" target=\"_blank\" title=\"https:\/\/lvportals.lv\/dienaskartiba\/mailto:ziemeli@riga.vp.gov.lv\" data-linkindex=\"0\" rel=\"nofollow noopener\">ziemeli@riga.vp.gov.lv<\/a>.<\/p>\n<p>T\u0101pat aicin\u0101m atsaukties att\u0113l\u0101 redzamo personu.<\/p>\n<p><img decoding=\"async\" src=\"https:\/\/www.europesays.com\/lv\/wp-content\/uploads\/2025\/12\/76FA4ZT24.JPEG\" alt=\"\"\/><\/p>\n<p><img decoding=\"async\" src=\"https:\/\/www.europesays.com\/lv\/wp-content\/uploads\/2025\/12\/76FA4ZT1T.PNG\" alt=\"\"\/><\/p>\n<p>          <img decoding=\"async\" src=\"https:\/\/www.europesays.com\/lv\/wp-content\/uploads\/2025\/12\/1765959310_789_logo-lv.png\" alt=\"\"\/><\/p>\n<p>                  \u0160\u012b inform\u0101cija ir publisks pazi\u0146ojums un neatspogu\u013co LV port\u0101la viedokli. Par t\u0101s saturu atbild ies\u016bt\u012bt\u0101js. <a data-popup=\"rules\">Public\u0113\u0161anas noteikumi<\/a><\/p>\n","protected":false},"excerpt":{"rendered":"Valsts policijas R\u012bgas re\u0123iona p\u0101rvaldes R\u012bgas Zieme\u013cu p\u0101rvaldes amatpersonas skaidro att\u0113los redzam\u0101s personas identit\u0101ti. Ja j\u016bsu r\u012bc\u012bb\u0101 ir&hellip;\n","protected":false},"author":2,"featured_media":79472,"comment_status":"","ping_status":"","sticky":false,"template":"","format":"standard","meta":{"footnotes":""},"categories":[5],"tags":[23,28,29,32,33,22,30,31,35,39,38,36,37,34,40,20,26,27,24,25,21],"class_list":{"0":"post-79888","1":"post","2":"type-post","3":"status-publish","4":"format-standard","5":"has-post-thumbnail","7":"category-aktualitates","8":"tag-aktualitates","9":"tag-breaking-news","10":"tag-breakingnews","11":"tag-featured-news","12":"tag-featurednews","13":"tag-headlines","14":"tag-latest-news","15":"tag-latestnews","16":"tag-latvia","17":"tag-latvian","18":"tag-latviesu","19":"tag-latviesu-valoda","20":"tag-latviesuvaloda","21":"tag-latvija","22":"tag-lv","23":"tag-news","24":"tag-popularakas-zinas","25":"tag-popularakaszinas","26":"tag-top-stories","27":"tag-topstories","28":"tag-zinas"},"share_on_mastodon":{"url":"https:\/\/pubeurope.com\/@lv\/115746106620176631","error":""},"_links":{"self":[{"href":"https:\/\/www.europesays.com\/lv\/wp-json\/wp\/v2\/posts\/79888","targetHints":{"allow":["GET"]}}],"collection":[{"href":"https:\/\/www.europesays.com\/lv\/wp-json\/wp\/v2\/posts"}],"about":[{"href":"https:\/\/www.europesays.com\/lv\/wp-json\/wp\/v2\/types\/post"}],"author":[{"embeddable":true,"href":"https:\/\/www.europesays.com\/lv\/wp-json\/wp\/v2\/users\/2"}],"replies":[{"embeddable":true,"href":"https:\/\/www.europesays.com\/lv\/wp-json\/wp\/v2\/comments?post=79888"}],"version-history":[{"count":0,"href":"https:\/\/www.europesays.com\/lv\/wp-json\/wp\/v2\/posts\/79888\/revisions"}],"wp:featuredmedia":[{"embeddable":true,"href":"https:\/\/www.europesays.com\/lv\/wp-json\/wp\/v2\/media\/79472"}],"wp:attachment":[{"href":"https:\/\/www.europesays.com\/lv\/wp-json\/wp\/v2\/media?parent=79888"}],"wp:term":[{"taxonomy":"category","embeddable":true,"href":"https:\/\/www.europesays.com\/lv\/wp-json\/wp\/v2\/categories?post=79888"},{"taxonomy":"post_tag","embeddable":true,"href":"https:\/\/www.europesays.com\/lv\/wp-json\/wp\/v2\/tags?post=79888"}],"curies":[{"name":"wp","href":"https:\/\/api.w.org\/{rel}","templated":true}]}}