{"id":79891,"date":"2025-12-19T12:00:13","date_gmt":"2025-12-19T12:00:13","guid":{"rendered":"https:\/\/www.europesays.com\/lv\/79891\/"},"modified":"2025-12-19T12:00:13","modified_gmt":"2025-12-19T12:00:13","slug":"rtu-plano-butiskas-izmainas-biznesa-un-vadibas-izglitiba","status":"publish","type":"post","link":"https:\/\/www.europesays.com\/lv\/79891\/","title":{"rendered":"RTU pl\u0101no b\u016btiskas izmai\u0146as biznesa un vad\u012bbas izgl\u012bt\u012bb\u0101"},"content":{"rendered":"<p>R\u012bgas Tehnisk\u0101 universit\u0101te (RTU) ir iecer\u0113jusi 2027. gad\u0101 izveidot Baltijas re\u0123ion\u0101 noz\u012bm\u012bgu modernu un starptautiski atz\u012btu biznesa un vad\u012bbas izgl\u012bt\u012bbas centru. \u0160o m\u0113r\u0137i pl\u0101nots sasniegt, apvienojoties RTU In\u017eenierekonomikas un vad\u012bbas fakult\u0101tei (IEVF) un RTU R\u012bgas Biznesa skolai (RBS).<\/p>\n<p>Iecer\u0113ts, ka biznesa studiju programm\u0101m \u012bpa\u0161i sp\u0113c\u012bga saikne tiks veidota ar RTU in\u017eenierzin\u0101t\u0146u un augsto tehnolo\u0123iju programm\u0101m, studentiem sniedzot m\u016bsdien\u012bgu biznesa izgl\u012bt\u012bbu, kur\u0101 ir sp\u0113c\u012bgs fokuss uz jauno tehnolo\u0123iju, piem\u0113ram, m\u0101ksl\u012bg\u0101 intelekta, sniegto iesp\u0113ju izmanto\u0161anu.<\/p>\n<p>&#8220;Apvienojoties  RBS un IEVF, tiks paaugstin\u0101ta RTU zin\u0101tnisk\u0101 kapacit\u0101te ekonomikas un vad\u012bbzin\u012bbu jom\u0101, k\u0101 ar\u012b tiks nodro\u0161in\u0101tas sp\u0113c\u012bgas jauno l\u012bderu sagatavo\u0161anai paredz\u0113tas studiju programmas. Tas ir \u012bpa\u0161i svar\u012bgi, jo RTU ir s\u0101kusi virz\u012bbu uz starptautisko reitingu Top 500, kur noz\u012bm\u012bga loma ir zin\u0101tniskajam sniegumam un studiju kvalit\u0101tei. Ab\u0101m strukt\u016brvien\u012bb\u0101m str\u0101d\u0101jot kop\u0101, b\u016bs liel\u0101kas iesp\u0113jas realiz\u0113t starptautiskus zin\u0101tnes un izgl\u012bt\u012bbas projektus,&#8221; saka RTU rektors <a rel=\"noopener nofollow\" target=\"_blank\" href=\"https:\/\/www.delfi.lv\/temas\/55177512\/talis-juhna\" tag-id=\"55177512\">T\u0101lis Juhna<\/a>.<\/p>\n<p>RTU jau ir pieredze strukt\u016brvien\u012bbu konsolid\u0101cij\u0101 \u2013 pirms diviem gadiem tika apvienotas RTU devi\u0146as fakult\u0101tes, to viet\u0101 izveidojot \u010detras, k\u0101 ar\u012b, apvienojot arhitekt\u016bras un dizaina programmas, tika izveidots Arhitekt\u016bras un dizaina instit\u016bts. RTU ir guvusi pieredzi ar\u012b \u0101r\u0113j\u0101 konsolid\u0101cij\u0101, sav\u0101 saim\u0113 iek\u013caujot Latvijas J\u016bras akad\u0113miju un J\u016brskolu, Liep\u0101jas J\u016brniec\u012bbas koled\u017eu, Liep\u0101jas akad\u0113miju un R\u0113zeknes akad\u0113miju.   <\/p>\n<p class=\"m-0\">Seko &#8220;Delfi&#8221; ar\u012b  <a target=\"_blank\" href=\"https:\/\/www.instagram.com\/delfi.lv\/\" rel=\"nofollow noopener\">Instagram<\/a>  un <a target=\"_blank\" href=\"https:\/\/www.youtube.com\/channel\/UCw5foWtcJvAbUm64rv7jwUQ\" rel=\"nofollow noopener\">YouTube<\/a>  profil\u0101 \u2013 pievienojies, lai uzzin\u0101tu svar\u012bg\u0101ko un interesant\u0101ko pirmais!<\/p>\n<p>Publik\u0101cijas saturs vai t\u0101s jebk\u0101da apjoma da\u013ca ir aizsarg\u0101ts autorties\u012bbu objekts Autorties\u012bbu likuma izpratn\u0113, un t\u0101 izmanto\u0161ana bez izdev\u0113ja at\u013caujas ir aizliegta. Vair\u0101k lasi  <a target=\"_blank\" href=\"https:\/\/www.delfi.lv\/noteikumi#autortiesibas\" rel=\"nofollow noopener\">\u0161eit<\/a><script async src=\"\/\/www.instagram.com\/embed.js\"><\/script><\/p>\n","protected":false},"excerpt":{"rendered":"R\u012bgas Tehnisk\u0101 universit\u0101te (RTU) ir iecer\u0113jusi 2027. gad\u0101 izveidot Baltijas re\u0123ion\u0101 noz\u012bm\u012bgu modernu un starptautiski atz\u012btu biznesa un&hellip;\n","protected":false},"author":2,"featured_media":79892,"comment_status":"","ping_status":"","sticky":false,"template":"","format":"standard","meta":{"footnotes":""},"categories":[12],"tags":[23,6221,28,29,32,33,22,20046,30,31,35,39,38,36,37,34,40,20,26,27,19010,11488,20047,24,25,21],"class_list":{"0":"post-79891","1":"post","2":"type-post","3":"status-publish","4":"format-standard","5":"has-post-thumbnail","7":"category-latvija","8":"tag-aktualitates","9":"tag-augstaka-izglitiba","10":"tag-breaking-news","11":"tag-breakingnews","12":"tag-featured-news","13":"tag-featurednews","14":"tag-headlines","15":"tag-inzenierzinatnes","16":"tag-latest-news","17":"tag-latestnews","18":"tag-latvia","19":"tag-latvian","20":"tag-latviesu","21":"tag-latviesu-valoda","22":"tag-latviesuvaloda","23":"tag-latvija","24":"tag-lv","25":"tag-news","26":"tag-popularakas-zinas","27":"tag-popularakaszinas","28":"tag-rigas-tehniska-universitate","29":"tag-stem","30":"tag-talis-juhna","31":"tag-top-stories","32":"tag-topstories","33":"tag-zinas"},"share_on_mastodon":{"url":"https:\/\/pubeurope.com\/@lv\/115746126061230618","error":""},"_links":{"self":[{"href":"https:\/\/www.europesays.com\/lv\/wp-json\/wp\/v2\/posts\/79891","targetHints":{"allow":["GET"]}}],"collection":[{"href":"https:\/\/www.europesays.com\/lv\/wp-json\/wp\/v2\/posts"}],"about":[{"href":"https:\/\/www.europesays.com\/lv\/wp-json\/wp\/v2\/types\/post"}],"author":[{"embeddable":true,"href":"https:\/\/www.europesays.com\/lv\/wp-json\/wp\/v2\/users\/2"}],"replies":[{"embeddable":true,"href":"https:\/\/www.europesays.com\/lv\/wp-json\/wp\/v2\/comments?post=79891"}],"version-history":[{"count":0,"href":"https:\/\/www.europesays.com\/lv\/wp-json\/wp\/v2\/posts\/79891\/revisions"}],"wp:featuredmedia":[{"embeddable":true,"href":"https:\/\/www.europesays.com\/lv\/wp-json\/wp\/v2\/media\/79892"}],"wp:attachment":[{"href":"https:\/\/www.europesays.com\/lv\/wp-json\/wp\/v2\/media?parent=79891"}],"wp:term":[{"taxonomy":"category","embeddable":true,"href":"https:\/\/www.europesays.com\/lv\/wp-json\/wp\/v2\/categories?post=79891"},{"taxonomy":"post_tag","embeddable":true,"href":"https:\/\/www.europesays.com\/lv\/wp-json\/wp\/v2\/tags?post=79891"}],"curies":[{"name":"wp","href":"https:\/\/api.w.org\/{rel}","templated":true}]}}