{"id":80056,"date":"2025-12-19T14:42:07","date_gmt":"2025-12-19T14:42:07","guid":{"rendered":"https:\/\/www.europesays.com\/lv\/80056\/"},"modified":"2025-12-19T14:42:07","modified_gmt":"2025-12-19T14:42:07","slug":"apmekletajiem-durvis-vers-atjaunota-lu-botaniska-darza-palmu-maja","status":"publish","type":"post","link":"https:\/\/www.europesays.com\/lv\/80056\/","title":{"rendered":"Apmekl\u0113t\u0101jiem durvis v\u0113rs atjaunot\u0101 LU Bot\u0101nisk\u0101 d\u0101rza Palmu m\u0101ja"},"content":{"rendered":"<p>\u201cSiltumn\u012bca augiem, cilv\u0113kiem un plan\u0113tai \u2013 t\u0101 ir Palmu m\u0101jas misija \u0161odien,\u201d saka LU Bot\u0101nisk\u0101 d\u0101rza direktore Ren\u0101te Lagzdi\u0146a, aicinot interesentus garaj\u0101s sv\u0113tku br\u012bvdien\u0101s baud\u012bt tropu br\u012bnumus un mierpilnu atp\u016btu LU Bot\u0101niskaj\u0101 d\u0101rz\u0101. Tiem, kas v\u0113l\u0113sies redz\u0113t ne tikai Palmu m\u0101ju, s\u0101kot no 20. decembra b\u016bs iesp\u0113ja baud\u012bt ar\u012b \u012bpa\u0161o Gaismas festiv\u0101lu \u201cZiemas nedarbi 3. Ziedu pasakas\u201d, kur\u0101 b\u016bs apskat\u0101mas da\u017e\u0101das instal\u0101cijas, kur\u0101s izmantota gaisma, l\u0101zeri, video, projekcijas un multimedi\u0101lie efekti.\u00a0<\/p>\n","protected":false},"excerpt":{"rendered":"\u201cSiltumn\u012bca augiem, cilv\u0113kiem un plan\u0113tai \u2013 t\u0101 ir Palmu m\u0101jas misija \u0161odien,\u201d saka LU Bot\u0101nisk\u0101 d\u0101rza direktore Ren\u0101te&hellip;\n","protected":false},"author":2,"featured_media":80057,"comment_status":"","ping_status":"","sticky":false,"template":"","format":"standard","meta":{"footnotes":""},"categories":[12],"tags":[23,28,29,32,33,22,30,31,35,39,38,36,37,34,40,20,26,27,24,25,21],"class_list":{"0":"post-80056","1":"post","2":"type-post","3":"status-publish","4":"format-standard","5":"has-post-thumbnail","7":"category-latvija","8":"tag-aktualitates","9":"tag-breaking-news","10":"tag-breakingnews","11":"tag-featured-news","12":"tag-featurednews","13":"tag-headlines","14":"tag-latest-news","15":"tag-latestnews","16":"tag-latvia","17":"tag-latvian","18":"tag-latviesu","19":"tag-latviesu-valoda","20":"tag-latviesuvaloda","21":"tag-latvija","22":"tag-lv","23":"tag-news","24":"tag-popularakas-zinas","25":"tag-popularakaszinas","26":"tag-top-stories","27":"tag-topstories","28":"tag-zinas"},"share_on_mastodon":{"url":"https:\/\/pubeurope.com\/@lv\/115746763132254286","error":""},"_links":{"self":[{"href":"https:\/\/www.europesays.com\/lv\/wp-json\/wp\/v2\/posts\/80056","targetHints":{"allow":["GET"]}}],"collection":[{"href":"https:\/\/www.europesays.com\/lv\/wp-json\/wp\/v2\/posts"}],"about":[{"href":"https:\/\/www.europesays.com\/lv\/wp-json\/wp\/v2\/types\/post"}],"author":[{"embeddable":true,"href":"https:\/\/www.europesays.com\/lv\/wp-json\/wp\/v2\/users\/2"}],"replies":[{"embeddable":true,"href":"https:\/\/www.europesays.com\/lv\/wp-json\/wp\/v2\/comments?post=80056"}],"version-history":[{"count":0,"href":"https:\/\/www.europesays.com\/lv\/wp-json\/wp\/v2\/posts\/80056\/revisions"}],"wp:featuredmedia":[{"embeddable":true,"href":"https:\/\/www.europesays.com\/lv\/wp-json\/wp\/v2\/media\/80057"}],"wp:attachment":[{"href":"https:\/\/www.europesays.com\/lv\/wp-json\/wp\/v2\/media?parent=80056"}],"wp:term":[{"taxonomy":"category","embeddable":true,"href":"https:\/\/www.europesays.com\/lv\/wp-json\/wp\/v2\/categories?post=80056"},{"taxonomy":"post_tag","embeddable":true,"href":"https:\/\/www.europesays.com\/lv\/wp-json\/wp\/v2\/tags?post=80056"}],"curies":[{"name":"wp","href":"https:\/\/api.w.org\/{rel}","templated":true}]}}