{"id":80060,"date":"2025-12-19T14:48:12","date_gmt":"2025-12-19T14:48:12","guid":{"rendered":"https:\/\/www.europesays.com\/lv\/80060\/"},"modified":"2025-12-19T14:48:12","modified_gmt":"2025-12-19T14:48:12","slug":"veikala-elvi-izveide-baldone-investe-divus-miljonus-eiro-raditas-10-jaunas-darbavietas-raksts","status":"publish","type":"post","link":"https:\/\/www.europesays.com\/lv\/80060\/","title":{"rendered":"Veikala \u00abElvi\u00bb izveid\u0113 Baldon\u0113 invest\u0113 divus miljonus eiro; rad\u012btas 10 jaunas darbavietas \/ Raksts"},"content":{"rendered":"<p>\n                        \u0160odien, 11:52                    <\/p>\n<p>\n                            Papildin\u0101ts \u0161odien, 13:26                        <\/p>\n<p>SIA &#8220;Elvi Latvija&#8221; fran\u0161\u012bzes partneris SIA &#8220;Vita m\u0101rkets&#8221;\u00a0Baldon\u0113 atv\u0113ris jaunu &#8220;Elvi&#8221; veikalu, k\u0101 izveid\u0113 invest\u0113ti aptuveni divi miljoni eiro un t\u0101d\u0113j\u0101di ir rad\u012btas desmit jaunas darbavietas, inform\u0113ja uz\u0146\u0113mum\u0101.\u00a0<\/p>\n<p>Jaun\u0101 veikala kop\u0113j\u0101 tirdzniec\u012bbas plat\u012bba ir 1000 kvadr\u0101tmetru. Pie veikala ir autost\u0101vvieta ar 33 viet\u0101m.\u00a0<\/p>\n<p>Latvij\u0101 ir kopum\u0101 84 &#8220;Elvi&#8221; veikali, ieskaitot Baldon\u0113 jaunatkl\u0101to.<\/p>\n<p>&#8220;Vita m\u0101rkets&#8221; 2024. gad\u0101 str\u0101d\u0101ja ar 145,486 miljonu eiro apgroz\u012bjumu un 5,758 miljonu eiro pe\u013c\u0146u, liecina &#8220;Lursoft&#8221; inform\u0101cija. Uz\u0146\u0113muma apgroz\u012bjums p\u0113rn, sal\u012bdzinot ar gadu iepriek\u0161, pieauga par 15,8\u00a0%, bet pe\u013c\u0146a \u2013 par 14,5\u00a0%.\u00a0<\/p>\n<p>&#8220;Vita m\u0101rkets&#8221; ir 100\u00a0% Latvijas kapit\u0101la uz\u0146\u0113mums.\u00a0Uz\u0146\u0113mums pieder SIA &#8220;Fortis VM&#8221;, kuras \u012bpa\u0161nieki ir Imants Rendenieks (88\u00a0%),\u00a0Vita\u00a0Rendeniece (9 %) un Igors Kozlovskis (3\u00a0%).<\/p>\n<p>Komp\u0101nija re\u0123istr\u0113ta 1997.\u00a0gad\u0101, un t\u0101s pamatkapit\u0101ls ir se\u0161i miljoni eiro.\u00a0<\/p>\n<p>                    Valodas k\u013c\u016bda rakst\u0101?<\/p>\n<p class=\"d-none d-md-block\">Iez\u012bm\u0113jiet tekstu un spiediet Ctrl+Enter, lai nos\u016bt\u012btu labojamo teksta fragmentu redaktoram! Par faktu k\u013c\u016bd\u0101m l\u016bdzam zi\u0146ot e-past\u0101 <a href=\"https:\/\/www.lsm.lv\/cdn-cgi\/l\/email-protection\" class=\"__cf_email__\" data-cfemail=\"beccdbdadfd5ddd7d4dffed2cdd390d2c8\" rel=\"nofollow noopener\" target=\"_blank\">[email\u00a0protected]<\/a>.<\/p>\n<p class=\"d-md-none\">Iez\u012bm\u0113jiet tekstu un spiediet uz Zi\u0146ot par k\u013c\u016bdu pogas, lai nos\u016bt\u012btu labojamo teksta fragmentu redaktoram!<\/p>\n<p>\n                    Zi\u0146ot par k\u013c\u016bdu\n                <\/p>\n","protected":false},"excerpt":{"rendered":"\u0160odien, 11:52 Papildin\u0101ts \u0161odien, 13:26 SIA &#8220;Elvi Latvija&#8221; fran\u0161\u012bzes partneris SIA &#8220;Vita m\u0101rkets&#8221;\u00a0Baldon\u0113 atv\u0113ris jaunu &#8220;Elvi&#8221; veikalu, k\u0101&hellip;\n","protected":false},"author":2,"featured_media":80061,"comment_status":"","ping_status":"","sticky":false,"template":"","format":"standard","meta":{"footnotes":""},"categories":[12],"tags":[23,28,29,32,33,22,30,31,35,39,38,36,37,34,40,20,26,27,24,25,21],"class_list":{"0":"post-80060","1":"post","2":"type-post","3":"status-publish","4":"format-standard","5":"has-post-thumbnail","7":"category-latvija","8":"tag-aktualitates","9":"tag-breaking-news","10":"tag-breakingnews","11":"tag-featured-news","12":"tag-featurednews","13":"tag-headlines","14":"tag-latest-news","15":"tag-latestnews","16":"tag-latvia","17":"tag-latvian","18":"tag-latviesu","19":"tag-latviesu-valoda","20":"tag-latviesuvaloda","21":"tag-latvija","22":"tag-lv","23":"tag-news","24":"tag-popularakas-zinas","25":"tag-popularakaszinas","26":"tag-top-stories","27":"tag-topstories","28":"tag-zinas"},"share_on_mastodon":{"url":"https:\/\/pubeurope.com\/@lv\/115746786695952109","error":""},"_links":{"self":[{"href":"https:\/\/www.europesays.com\/lv\/wp-json\/wp\/v2\/posts\/80060","targetHints":{"allow":["GET"]}}],"collection":[{"href":"https:\/\/www.europesays.com\/lv\/wp-json\/wp\/v2\/posts"}],"about":[{"href":"https:\/\/www.europesays.com\/lv\/wp-json\/wp\/v2\/types\/post"}],"author":[{"embeddable":true,"href":"https:\/\/www.europesays.com\/lv\/wp-json\/wp\/v2\/users\/2"}],"replies":[{"embeddable":true,"href":"https:\/\/www.europesays.com\/lv\/wp-json\/wp\/v2\/comments?post=80060"}],"version-history":[{"count":0,"href":"https:\/\/www.europesays.com\/lv\/wp-json\/wp\/v2\/posts\/80060\/revisions"}],"wp:featuredmedia":[{"embeddable":true,"href":"https:\/\/www.europesays.com\/lv\/wp-json\/wp\/v2\/media\/80061"}],"wp:attachment":[{"href":"https:\/\/www.europesays.com\/lv\/wp-json\/wp\/v2\/media?parent=80060"}],"wp:term":[{"taxonomy":"category","embeddable":true,"href":"https:\/\/www.europesays.com\/lv\/wp-json\/wp\/v2\/categories?post=80060"},{"taxonomy":"post_tag","embeddable":true,"href":"https:\/\/www.europesays.com\/lv\/wp-json\/wp\/v2\/tags?post=80060"}],"curies":[{"name":"wp","href":"https:\/\/api.w.org\/{rel}","templated":true}]}}