{"id":80070,"date":"2025-12-19T15:01:36","date_gmt":"2025-12-19T15:01:36","guid":{"rendered":"https:\/\/www.europesays.com\/lv\/80070\/"},"modified":"2025-12-19T15:01:36","modified_gmt":"2025-12-19T15:01:36","slug":"akcija-neesi-svetkos-viens-palidziba-nonak-pie-42-senioriem","status":"publish","type":"post","link":"https:\/\/www.europesays.com\/lv\/80070\/","title":{"rendered":"Akcij\u0101 \u201cNeesi sv\u0113tkos viens\u201d pal\u012bdz\u012bba non\u0101k pie 42 senioriem"},"content":{"rendered":"<p>Akcija \u201cNeesi sv\u0113tkos viens\u201d ar\u012b \u0161ogad apliecin\u0101ja, ka, esot kop\u0101, varam paveikt daudz. Sadarbojoties un patiesi r\u016bp\u0113joties par sava pagasta labkl\u0101j\u012bbu, soli pa solim iesp\u0113jams rad\u012bt vidi, kur galven\u0101 v\u0113rt\u012bba vienm\u0113r ir cilv\u0113ks. No sirds pateicos ikvienam, kur\u0161 iesaist\u012bj\u0101s, pal\u012bdz\u0113ja un dal\u012bj\u0101s. Labest\u012bba, savstarp\u0113ja cie\u0146a un ieinteres\u0113t\u012bba dar\u012bt ir svar\u012bg\u0101kais, kas mums \u0161obr\u012bd nepiecie\u0161ams, lai b\u016btu stipri, veseli un salied\u0113ti.<\/p>\n","protected":false},"excerpt":{"rendered":"Akcija \u201cNeesi sv\u0113tkos viens\u201d ar\u012b \u0161ogad apliecin\u0101ja, ka, esot kop\u0101, varam paveikt daudz. Sadarbojoties un patiesi r\u016bp\u0113joties par&hellip;\n","protected":false},"author":2,"featured_media":80071,"comment_status":"","ping_status":"","sticky":false,"template":"","format":"standard","meta":{"footnotes":""},"categories":[5],"tags":[23,28,29,32,33,22,30,31,35,39,38,36,37,34,40,20,26,27,24,25,21],"class_list":{"0":"post-80070","1":"post","2":"type-post","3":"status-publish","4":"format-standard","5":"has-post-thumbnail","7":"category-aktualitates","8":"tag-aktualitates","9":"tag-breaking-news","10":"tag-breakingnews","11":"tag-featured-news","12":"tag-featurednews","13":"tag-headlines","14":"tag-latest-news","15":"tag-latestnews","16":"tag-latvia","17":"tag-latvian","18":"tag-latviesu","19":"tag-latviesu-valoda","20":"tag-latviesuvaloda","21":"tag-latvija","22":"tag-lv","23":"tag-news","24":"tag-popularakas-zinas","25":"tag-popularakaszinas","26":"tag-top-stories","27":"tag-topstories","28":"tag-zinas"},"share_on_mastodon":{"url":"https:\/\/pubeurope.com\/@lv\/115746837834034413","error":""},"_links":{"self":[{"href":"https:\/\/www.europesays.com\/lv\/wp-json\/wp\/v2\/posts\/80070","targetHints":{"allow":["GET"]}}],"collection":[{"href":"https:\/\/www.europesays.com\/lv\/wp-json\/wp\/v2\/posts"}],"about":[{"href":"https:\/\/www.europesays.com\/lv\/wp-json\/wp\/v2\/types\/post"}],"author":[{"embeddable":true,"href":"https:\/\/www.europesays.com\/lv\/wp-json\/wp\/v2\/users\/2"}],"replies":[{"embeddable":true,"href":"https:\/\/www.europesays.com\/lv\/wp-json\/wp\/v2\/comments?post=80070"}],"version-history":[{"count":0,"href":"https:\/\/www.europesays.com\/lv\/wp-json\/wp\/v2\/posts\/80070\/revisions"}],"wp:featuredmedia":[{"embeddable":true,"href":"https:\/\/www.europesays.com\/lv\/wp-json\/wp\/v2\/media\/80071"}],"wp:attachment":[{"href":"https:\/\/www.europesays.com\/lv\/wp-json\/wp\/v2\/media?parent=80070"}],"wp:term":[{"taxonomy":"category","embeddable":true,"href":"https:\/\/www.europesays.com\/lv\/wp-json\/wp\/v2\/categories?post=80070"},{"taxonomy":"post_tag","embeddable":true,"href":"https:\/\/www.europesays.com\/lv\/wp-json\/wp\/v2\/tags?post=80070"}],"curies":[{"name":"wp","href":"https:\/\/api.w.org\/{rel}","templated":true}]}}