{"id":80076,"date":"2025-12-19T15:05:11","date_gmt":"2025-12-19T15:05:11","guid":{"rendered":"https:\/\/www.europesays.com\/lv\/80076\/"},"modified":"2025-12-19T15:05:11","modified_gmt":"2025-12-19T15:05:11","slug":"putins-neuzskata-ka-ir-atbildigs-par-cilveku-navi-krievijas-kara-pret-ukrainu","status":"publish","type":"post","link":"https:\/\/www.europesays.com\/lv\/80076\/","title":{"rendered":"Putins neuzskata, ka ir atbild\u012bgs par cilv\u0113ku n\u0101vi Krievijas kar\u0101 pret Ukrainu"},"content":{"rendered":"<p>&#8220;Pagaid\u0101m m\u0113s tie\u0161\u0101m neredzam \u0161\u0101du gatav\u012bbu,&#8221; atbild\u0113ja Putins, atsaucoties uz Ukrainas nev\u0113l\u0113\u0161anos pie\u0146emt kara izbeig\u0161anu p\u0113c vi\u0146a nosac\u012bjumiem.<\/p>\n<p>&#8220;Bet m\u0113s zin\u0101m par sign\u0101liem, ka vi\u0146i ir gatavi risin\u0101t sava veida dialogu,&#8221; vi\u0146\u0161 piebilda.<\/p>\n<p>Putins ar\u012b pazi\u0146oja, ka Krievija negras\u0101s uzbrukt Eiropai un nepl\u0101no jaunas &#8220;\u012bpa\u0161as milit\u0101r\u0101s oper\u0101cijas&#8221;.<\/p>\n<p>&#8220;Nek\u0101du oper\u0101ciju neb\u016bs, ja j\u016bs pret mums iztur\u0113sieties ar cie\u0146u,&#8221; sac\u012bja Putins, atbildot uz BBC korespondenta jaut\u0101jumu par to, k\u0101du n\u0101kotni Putins redz un veido Krievijai.<\/p>\n<p>Putins v\u0113lreiz atk\u0101rtoja savu veco t\u0113zi, k\u0101 eiropie\u0161i &#8220;apmu\u013c\u0137oju\u0161i&#8221; Krieviju ar <a href=\"https:\/\/www.apollo.lv\/term\/9898\/nato\" class=\"topicLink\" target=\"_blank\" rel=\"nofollow noopener\">NATO<\/a> papla\u0161in\u0101\u0161anos uz austrumiem. &#8220;K\u0101 pie mums saka taut\u0101, uzmeta, vi\u0146i vienk\u0101r\u0161i ignor\u0113ja m\u016bsu dro\u0161\u012bbas intereses,&#8221; vi\u0146\u0161 teica.<\/p>\n<p>Putins sac\u012bja, ka Krievija var\u0113tu nekav\u0113joties aptur\u0113t karadarb\u012bbu, &#8220;ja tiks nodro\u0161in\u0101ti m\u016bsu dro\u0161\u012bbas nosac\u012bjumi vid\u0113j\u0101 un ilgtermi\u0146\u0101&#8221;.<\/p>\n<p>P\u0113c vi\u0146a teikt\u0101, Krievija ir gatava sadarboties ar ASV un Eiropu, ta\u010du &#8220;uz vienl\u012bdz\u012bgiem pamatiem un ar cie\u0146pilnu attieksmi vienam pret otru&#8221;.<\/p>\n<p>&#8220;M\u0113s neesam tie, kas karo ar Rietumiem. Kar\u0101 ar mums esat j\u016bs &#8211; ar ukrai\u0146u nacion\u0101listu rok\u0101m,&#8221; vi\u0146\u0161 piebilda.<\/p>\n","protected":false},"excerpt":{"rendered":"&#8220;Pagaid\u0101m m\u0113s tie\u0161\u0101m neredzam \u0161\u0101du gatav\u012bbu,&#8221; atbild\u0113ja Putins, atsaucoties uz Ukrainas nev\u0113l\u0113\u0161anos pie\u0146emt kara izbeig\u0161anu p\u0113c vi\u0146a nosac\u012bjumiem.&hellip;\n","protected":false},"author":2,"featured_media":80077,"comment_status":"","ping_status":"","sticky":false,"template":"","format":"standard","meta":{"footnotes":""},"categories":[14],"tags":[23,57,292,28,29,32,33,22,74,30,31,35,39,38,36,37,34,40,12198,71,296,20,26,27,24,25,235,54,55,56,21,58],"class_list":{"0":"post-80076","1":"post","2":"type-post","3":"status-publish","4":"format-standard","5":"has-post-thumbnail","7":"category-zinas-no-arvalstim","8":"tag-aktualitates","9":"tag-arvalstim","10":"tag-asv","11":"tag-breaking-news","12":"tag-breakingnews","13":"tag-featured-news","14":"tag-featurednews","15":"tag-headlines","16":"tag-krievijas-iebrukums-ukraina","17":"tag-latest-news","18":"tag-latestnews","19":"tag-latvia","20":"tag-latvian","21":"tag-latviesu","22":"tag-latviesu-valoda","23":"tag-latviesuvaloda","24":"tag-latvija","25":"tag-lv","26":"tag-mirusie","27":"tag-nato","28":"tag-nave","29":"tag-news","30":"tag-popularakas-zinas","31":"tag-popularakaszinas","32":"tag-top-stories","33":"tag-topstories","34":"tag-vladimirs-putins","35":"tag-world","36":"tag-world-news","37":"tag-worldnews","38":"tag-zinas","39":"tag-zinas-no-arvalstim"},"share_on_mastodon":{"url":"https:\/\/pubeurope.com\/@lv\/115746853642127703","error":""},"_links":{"self":[{"href":"https:\/\/www.europesays.com\/lv\/wp-json\/wp\/v2\/posts\/80076","targetHints":{"allow":["GET"]}}],"collection":[{"href":"https:\/\/www.europesays.com\/lv\/wp-json\/wp\/v2\/posts"}],"about":[{"href":"https:\/\/www.europesays.com\/lv\/wp-json\/wp\/v2\/types\/post"}],"author":[{"embeddable":true,"href":"https:\/\/www.europesays.com\/lv\/wp-json\/wp\/v2\/users\/2"}],"replies":[{"embeddable":true,"href":"https:\/\/www.europesays.com\/lv\/wp-json\/wp\/v2\/comments?post=80076"}],"version-history":[{"count":0,"href":"https:\/\/www.europesays.com\/lv\/wp-json\/wp\/v2\/posts\/80076\/revisions"}],"wp:featuredmedia":[{"embeddable":true,"href":"https:\/\/www.europesays.com\/lv\/wp-json\/wp\/v2\/media\/80077"}],"wp:attachment":[{"href":"https:\/\/www.europesays.com\/lv\/wp-json\/wp\/v2\/media?parent=80076"}],"wp:term":[{"taxonomy":"category","embeddable":true,"href":"https:\/\/www.europesays.com\/lv\/wp-json\/wp\/v2\/categories?post=80076"},{"taxonomy":"post_tag","embeddable":true,"href":"https:\/\/www.europesays.com\/lv\/wp-json\/wp\/v2\/tags?post=80076"}],"curies":[{"name":"wp","href":"https:\/\/api.w.org\/{rel}","templated":true}]}}